{"id":24077,"date":"2026-04-17T09:53:40","date_gmt":"2026-04-17T09:53:40","guid":{"rendered":"https:\/\/antoniruiz.com\/?p=24077"},"modified":"2026-04-17T10:18:39","modified_gmt":"2026-04-17T10:18:39","slug":"%f0%9f%92%b9-expojove-2026-connecting-the-new-fp-with-the-business-fabric-of-girona","status":"publish","type":"post","link":"https:\/\/antoniruiz.com\/en\/%f0%9f%92%b9-expojove-2026-connecting-the-new-fp-with-the-business-fabric-of-girona\/","title":{"rendered":"\ud83d\udcb9 ExpoJove 2026: connecting the new FP with the business fabric of Girona"},"content":{"rendered":"\n<p>I had the opportunity to participate in ExpoJove 2026, the Training and Employment Fair, held at the Girona Fair, a key space to guide the academic and professional future of young people.<\/p>\n\n\n\n<p>The day was especially enriching thanks to the collaboration with the Girona Chamber of Commerce, Comastech Centre Polit\u00e8cnic Comas and Georgina Comas Vieta, with whom we shared reflections and experiences around the new Vocational Training.<\/p>\n\n\n\n<figure class=\"wp-block-image size-large\"><img fetchpriority=\"high\" decoding=\"async\" width=\"1024\" height=\"768\" src=\"https:\/\/antoniruiz.com\/wp-content\/uploads\/2026\/04\/WhatsApp-Image-2026-04-16-at-18.12.22-1-1024x768.jpeg\" alt=\"\" class=\"wp-image-24057\" srcset=\"https:\/\/antoniruiz.com\/wp-content\/uploads\/2026\/04\/WhatsApp-Image-2026-04-16-at-18.12.22-1-1024x768.jpeg 1024w, https:\/\/antoniruiz.com\/wp-content\/uploads\/2026\/04\/WhatsApp-Image-2026-04-16-at-18.12.22-1-300x225.jpeg 300w, https:\/\/antoniruiz.com\/wp-content\/uploads\/2026\/04\/WhatsApp-Image-2026-04-16-at-18.12.22-1-768x576.jpeg 768w, https:\/\/antoniruiz.com\/wp-content\/uploads\/2026\/04\/WhatsApp-Image-2026-04-16-at-18.12.22-1-1536x1152.jpeg 1536w, https:\/\/antoniruiz.com\/wp-content\/uploads\/2026\/04\/WhatsApp-Image-2026-04-16-at-18.12.22-1-1320x990.jpeg 1320w, https:\/\/antoniruiz.com\/wp-content\/uploads\/2026\/04\/WhatsApp-Image-2026-04-16-at-18.12.22-1.jpeg 2048w\" sizes=\"(max-width: 1024px) 100vw, 1024px\" \/><\/figure>\n\n\n\n<p>\ud83e\udd1d Necessary dialogue with companies<br>One of the most relevant points has been to be able to share, with the Girona business community, the new scenarios proposed by VET:<\/p>\n\n\n\n<p>The advantages of a model more connected to the productive reality<br>The challenges of implementing the new Dual VET<br>The importance of co-responsibility between centers and companies<br>And, above all, the need to continue to dignify and promote professions<br>This type of meeting is essential to move towards a more efficient training model, aligned with the real needs of the labor market and with the capacity to generate real opportunities for young people.<\/p>\n\n\n\n<p>\ud83d\ude80 We continue to build paths<br>ExpoJove is not just a meeting point, but a lever for change. We continue to work to bring VET closer to companies, generate trust and build solid and attractive professional itineraries.<\/p>\n\n\n\n<p>Let&#8217;s continue!!ExpoJove2026 #Girona #CambraComer\u00e7Girona #Comastech #Sal\u00f3deformaci\u00f3iocupaci\u00f3 #Empreses #FPDual<\/p>\n","protected":false},"excerpt":{"rendered":"<p>I had the opportunity to participate in ExpoJove 2026, the Training and Employment Fair, held at the Girona Fair, a [&hellip;]<\/p>\n","protected":false},"author":3,"featured_media":24063,"comment_status":"closed","ping_status":"open","sticky":false,"template":"","format":"standard","meta":{"_acf_changed":false,"site-sidebar-layout":"default","site-content-layout":"","ast-site-content-layout":"default","site-content-style":"default","site-sidebar-style":"default","ast-global-header-display":"","ast-banner-title-visibility":"","ast-main-header-display":"","ast-hfb-above-header-display":"","ast-hfb-below-header-display":"","ast-hfb-mobile-header-display":"","site-post-title":"","ast-breadcrumbs-content":"","ast-featured-img":"","footer-sml-layout":"","ast-disable-related-posts":"","theme-transparent-header-meta":"","adv-header-id-meta":"","stick-header-meta":"","header-above-stick-meta":"","header-main-stick-meta":"","header-below-stick-meta":"","astra-migrate-meta-layouts":"default","ast-page-background-enabled":"default","ast-page-background-meta":{"desktop":{"background-color":"var(--ast-global-color-4)","background-image":"","background-repeat":"repeat","background-position":"center center","background-size":"auto","background-attachment":"scroll","background-type":"","background-media":"","overlay-type":"","overlay-color":"","overlay-opacity":"","overlay-gradient":""},"tablet":{"background-color":"","background-image":"","background-repeat":"repeat","background-position":"center center","background-size":"auto","background-attachment":"scroll","background-type":"","background-media":"","overlay-type":"","overlay-color":"","overlay-opacity":"","overlay-gradient":""},"mobile":{"background-color":"","background-image":"","background-repeat":"repeat","background-position":"center center","background-size":"auto","background-attachment":"scroll","background-type":"","background-media":"","overlay-type":"","overlay-color":"","overlay-opacity":"","overlay-gradient":""}},"ast-content-background-meta":{"desktop":{"background-color":"var(--ast-global-color-5)","background-image":"","background-repeat":"repeat","background-position":"center center","background-size":"auto","background-attachment":"scroll","background-type":"","background-media":"","overlay-type":"","overlay-color":"","overlay-opacity":"","overlay-gradient":""},"tablet":{"background-color":"var(--ast-global-color-5)","background-image":"","background-repeat":"repeat","background-position":"center center","background-size":"auto","background-attachment":"scroll","background-type":"","background-media":"","overlay-type":"","overlay-color":"","overlay-opacity":"","overlay-gradient":""},"mobile":{"background-color":"var(--ast-global-color-5)","background-image":"","background-repeat":"repeat","background-position":"center center","background-size":"auto","background-attachment":"scroll","background-type":"","background-media":"","overlay-type":"","overlay-color":"","overlay-opacity":"","overlay-gradient":""}},"footnotes":""},"categories":[34],"tags":[],"class_list":["post-24077","post","type-post","status-publish","format-standard","has-post-thumbnail","hentry","category-blog-en"],"acf":[],"yoast_head":"<!-- This site is optimized with the Yoast SEO plugin v23.2 - https:\/\/yoast.com\/wordpress\/plugins\/seo\/ -->\n<title>\ud83d\udcb9 ExpoJove 2026: connecting the new FP with the business fabric of Girona - Antoni Ruiz<\/title>\n<meta name=\"robots\" content=\"index, follow, max-snippet:-1, max-image-preview:large, max-video-preview:-1\" \/>\n<link rel=\"canonical\" href=\"https:\/\/antoniruiz.com\/en\/%f0%9f%92%b9-expojove-2026-connecting-the-new-fp-with-the-business-fabric-of-girona\/\" \/>\n<meta property=\"og:locale\" content=\"en_US\" \/>\n<meta property=\"og:type\" content=\"article\" \/>\n<meta property=\"og:title\" content=\"\ud83d\udcb9 ExpoJove 2026: connecting the new FP with the business fabric of Girona - Antoni Ruiz\" \/>\n<meta property=\"og:description\" content=\"I had the opportunity to participate in ExpoJove 2026, the Training and Employment Fair, held at the Girona Fair, a [&hellip;]\" \/>\n<meta property=\"og:url\" content=\"https:\/\/antoniruiz.com\/en\/%f0%9f%92%b9-expojove-2026-connecting-the-new-fp-with-the-business-fabric-of-girona\/\" \/>\n<meta property=\"og:site_name\" content=\"Antoni Ruiz\" \/>\n<meta property=\"article:published_time\" content=\"2026-04-17T09:53:40+00:00\" \/>\n<meta property=\"article:modified_time\" content=\"2026-04-17T10:18:39+00:00\" \/>\n<meta property=\"og:image\" content=\"https:\/\/antoniruiz.com\/wp-content\/uploads\/2026\/04\/WhatsApp-Image-2026-04-16-at-18.11.50.jpeg\" \/>\n\t<meta property=\"og:image:width\" content=\"1536\" \/>\n\t<meta property=\"og:image:height\" content=\"2048\" \/>\n\t<meta property=\"og:image:type\" content=\"image\/jpeg\" \/>\n<meta name=\"author\" content=\"Antoni Ruiz\" \/>\n<meta name=\"twitter:card\" content=\"summary_large_image\" \/>\n<meta name=\"twitter:label1\" content=\"Written by\" \/>\n\t<meta name=\"twitter:data1\" content=\"Antoni Ruiz\" \/>\n\t<meta name=\"twitter:label2\" content=\"Est. reading time\" \/>\n\t<meta name=\"twitter:data2\" content=\"2 minutes\" \/>\n<script type=\"application\/ld+json\" class=\"yoast-schema-graph\">{\"@context\":\"https:\/\/schema.org\",\"@graph\":[{\"@type\":\"Article\",\"@id\":\"https:\/\/antoniruiz.com\/en\/%f0%9f%92%b9-expojove-2026-connecting-the-new-fp-with-the-business-fabric-of-girona\/#article\",\"isPartOf\":{\"@id\":\"https:\/\/antoniruiz.com\/en\/%f0%9f%92%b9-expojove-2026-connecting-the-new-fp-with-the-business-fabric-of-girona\/\"},\"author\":{\"name\":\"Antoni Ruiz\",\"@id\":\"https:\/\/antoniruiz.com\/en\/#\/schema\/person\/a8d62eab776c7cf6f6efafa52d0bce62\"},\"headline\":\"\ud83d\udcb9 ExpoJove 2026: connecting the new FP with the business fabric of Girona\",\"datePublished\":\"2026-04-17T09:53:40+00:00\",\"dateModified\":\"2026-04-17T10:18:39+00:00\",\"mainEntityOfPage\":{\"@id\":\"https:\/\/antoniruiz.com\/en\/%f0%9f%92%b9-expojove-2026-connecting-the-new-fp-with-the-business-fabric-of-girona\/\"},\"wordCount\":222,\"publisher\":{\"@id\":\"https:\/\/antoniruiz.com\/en\/#organization\"},\"image\":{\"@id\":\"https:\/\/antoniruiz.com\/en\/%f0%9f%92%b9-expojove-2026-connecting-the-new-fp-with-the-business-fabric-of-girona\/#primaryimage\"},\"thumbnailUrl\":\"https:\/\/antoniruiz.com\/wp-content\/uploads\/2026\/04\/WhatsApp-Image-2026-04-16-at-18.11.50.jpeg\",\"articleSection\":[\"blog\"],\"inLanguage\":\"en-US\"},{\"@type\":\"WebPage\",\"@id\":\"https:\/\/antoniruiz.com\/en\/%f0%9f%92%b9-expojove-2026-connecting-the-new-fp-with-the-business-fabric-of-girona\/\",\"url\":\"https:\/\/antoniruiz.com\/en\/%f0%9f%92%b9-expojove-2026-connecting-the-new-fp-with-the-business-fabric-of-girona\/\",\"name\":\"\ud83d\udcb9 ExpoJove 2026: connecting the new FP with the business fabric of Girona - Antoni Ruiz\",\"isPartOf\":{\"@id\":\"https:\/\/antoniruiz.com\/en\/#website\"},\"primaryImageOfPage\":{\"@id\":\"https:\/\/antoniruiz.com\/en\/%f0%9f%92%b9-expojove-2026-connecting-the-new-fp-with-the-business-fabric-of-girona\/#primaryimage\"},\"image\":{\"@id\":\"https:\/\/antoniruiz.com\/en\/%f0%9f%92%b9-expojove-2026-connecting-the-new-fp-with-the-business-fabric-of-girona\/#primaryimage\"},\"thumbnailUrl\":\"https:\/\/antoniruiz.com\/wp-content\/uploads\/2026\/04\/WhatsApp-Image-2026-04-16-at-18.11.50.jpeg\",\"datePublished\":\"2026-04-17T09:53:40+00:00\",\"dateModified\":\"2026-04-17T10:18:39+00:00\",\"breadcrumb\":{\"@id\":\"https:\/\/antoniruiz.com\/en\/%f0%9f%92%b9-expojove-2026-connecting-the-new-fp-with-the-business-fabric-of-girona\/#breadcrumb\"},\"inLanguage\":\"en-US\",\"potentialAction\":[{\"@type\":\"ReadAction\",\"target\":[\"https:\/\/antoniruiz.com\/en\/%f0%9f%92%b9-expojove-2026-connecting-the-new-fp-with-the-business-fabric-of-girona\/\"]}]},{\"@type\":\"ImageObject\",\"inLanguage\":\"en-US\",\"@id\":\"https:\/\/antoniruiz.com\/en\/%f0%9f%92%b9-expojove-2026-connecting-the-new-fp-with-the-business-fabric-of-girona\/#primaryimage\",\"url\":\"https:\/\/antoniruiz.com\/wp-content\/uploads\/2026\/04\/WhatsApp-Image-2026-04-16-at-18.11.50.jpeg\",\"contentUrl\":\"https:\/\/antoniruiz.com\/wp-content\/uploads\/2026\/04\/WhatsApp-Image-2026-04-16-at-18.11.50.jpeg\",\"width\":1536,\"height\":2048},{\"@type\":\"BreadcrumbList\",\"@id\":\"https:\/\/antoniruiz.com\/en\/%f0%9f%92%b9-expojove-2026-connecting-the-new-fp-with-the-business-fabric-of-girona\/#breadcrumb\",\"itemListElement\":[{\"@type\":\"ListItem\",\"position\":1,\"name\":\"Home\",\"item\":\"https:\/\/antoniruiz.com\/en\/\"},{\"@type\":\"ListItem\",\"position\":2,\"name\":\"\ud83d\udcb9 ExpoJove 2026: connecting the new FP with the business fabric of Girona\"}]},{\"@type\":\"WebSite\",\"@id\":\"https:\/\/antoniruiz.com\/en\/#website\",\"url\":\"https:\/\/antoniruiz.com\/en\/\",\"name\":\"Antoni Ruiz\",\"description\":\"\",\"publisher\":{\"@id\":\"https:\/\/antoniruiz.com\/en\/#organization\"},\"potentialAction\":[{\"@type\":\"SearchAction\",\"target\":{\"@type\":\"EntryPoint\",\"urlTemplate\":\"https:\/\/antoniruiz.com\/en\/?s={search_term_string}\"},\"query-input\":\"required name=search_term_string\"}],\"inLanguage\":\"en-US\"},{\"@type\":\"Organization\",\"@id\":\"https:\/\/antoniruiz.com\/en\/#organization\",\"name\":\"Antoni Ruiz\",\"url\":\"https:\/\/antoniruiz.com\/en\/\",\"logo\":{\"@type\":\"ImageObject\",\"inLanguage\":\"en-US\",\"@id\":\"https:\/\/antoniruiz.com\/en\/#\/schema\/logo\/image\/\",\"url\":\"https:\/\/antoniruiz.com\/wp-content\/uploads\/2024\/06\/AntoniRuiz_MAIN.png\",\"contentUrl\":\"https:\/\/antoniruiz.com\/wp-content\/uploads\/2024\/06\/AntoniRuiz_MAIN.png\",\"width\":944,\"height\":675,\"caption\":\"Antoni Ruiz\"},\"image\":{\"@id\":\"https:\/\/antoniruiz.com\/en\/#\/schema\/logo\/image\/\"}},{\"@type\":\"Person\",\"@id\":\"https:\/\/antoniruiz.com\/en\/#\/schema\/person\/a8d62eab776c7cf6f6efafa52d0bce62\",\"name\":\"Antoni Ruiz\",\"image\":{\"@type\":\"ImageObject\",\"inLanguage\":\"en-US\",\"@id\":\"https:\/\/antoniruiz.com\/en\/#\/schema\/person\/image\/\",\"url\":\"https:\/\/secure.gravatar.com\/avatar\/7c088e4296c344dd768b0c3ec823a8955c44caecaa1bfc843afc64b88c2d3d64?s=96&d=mm&r=g\",\"contentUrl\":\"https:\/\/secure.gravatar.com\/avatar\/7c088e4296c344dd768b0c3ec823a8955c44caecaa1bfc843afc64b88c2d3d64?s=96&d=mm&r=g\",\"caption\":\"Antoni Ruiz\"},\"url\":\"https:\/\/antoniruiz.com\/en\/author\/antoni-ruiz\/\"}]}<\/script>\n<!-- \/ Yoast SEO plugin. -->","yoast_head_json":{"title":"\ud83d\udcb9 ExpoJove 2026: connecting the new FP with the business fabric of Girona - Antoni Ruiz","robots":{"index":"index","follow":"follow","max-snippet":"max-snippet:-1","max-image-preview":"max-image-preview:large","max-video-preview":"max-video-preview:-1"},"canonical":"https:\/\/antoniruiz.com\/en\/%f0%9f%92%b9-expojove-2026-connecting-the-new-fp-with-the-business-fabric-of-girona\/","og_locale":"en_US","og_type":"article","og_title":"\ud83d\udcb9 ExpoJove 2026: connecting the new FP with the business fabric of Girona - Antoni Ruiz","og_description":"I had the opportunity to participate in ExpoJove 2026, the Training and Employment Fair, held at the Girona Fair, a [&hellip;]","og_url":"https:\/\/antoniruiz.com\/en\/%f0%9f%92%b9-expojove-2026-connecting-the-new-fp-with-the-business-fabric-of-girona\/","og_site_name":"Antoni Ruiz","article_published_time":"2026-04-17T09:53:40+00:00","article_modified_time":"2026-04-17T10:18:39+00:00","og_image":[{"width":1536,"height":2048,"url":"https:\/\/antoniruiz.com\/wp-content\/uploads\/2026\/04\/WhatsApp-Image-2026-04-16-at-18.11.50.jpeg","type":"image\/jpeg"}],"author":"Antoni Ruiz","twitter_card":"summary_large_image","twitter_misc":{"Written by":"Antoni Ruiz","Est. reading time":"2 minutes"},"schema":{"@context":"https:\/\/schema.org","@graph":[{"@type":"Article","@id":"https:\/\/antoniruiz.com\/en\/%f0%9f%92%b9-expojove-2026-connecting-the-new-fp-with-the-business-fabric-of-girona\/#article","isPartOf":{"@id":"https:\/\/antoniruiz.com\/en\/%f0%9f%92%b9-expojove-2026-connecting-the-new-fp-with-the-business-fabric-of-girona\/"},"author":{"name":"Antoni Ruiz","@id":"https:\/\/antoniruiz.com\/en\/#\/schema\/person\/a8d62eab776c7cf6f6efafa52d0bce62"},"headline":"\ud83d\udcb9 ExpoJove 2026: connecting the new FP with the business fabric of Girona","datePublished":"2026-04-17T09:53:40+00:00","dateModified":"2026-04-17T10:18:39+00:00","mainEntityOfPage":{"@id":"https:\/\/antoniruiz.com\/en\/%f0%9f%92%b9-expojove-2026-connecting-the-new-fp-with-the-business-fabric-of-girona\/"},"wordCount":222,"publisher":{"@id":"https:\/\/antoniruiz.com\/en\/#organization"},"image":{"@id":"https:\/\/antoniruiz.com\/en\/%f0%9f%92%b9-expojove-2026-connecting-the-new-fp-with-the-business-fabric-of-girona\/#primaryimage"},"thumbnailUrl":"https:\/\/antoniruiz.com\/wp-content\/uploads\/2026\/04\/WhatsApp-Image-2026-04-16-at-18.11.50.jpeg","articleSection":["blog"],"inLanguage":"en-US"},{"@type":"WebPage","@id":"https:\/\/antoniruiz.com\/en\/%f0%9f%92%b9-expojove-2026-connecting-the-new-fp-with-the-business-fabric-of-girona\/","url":"https:\/\/antoniruiz.com\/en\/%f0%9f%92%b9-expojove-2026-connecting-the-new-fp-with-the-business-fabric-of-girona\/","name":"\ud83d\udcb9 ExpoJove 2026: connecting the new FP with the business fabric of Girona - Antoni Ruiz","isPartOf":{"@id":"https:\/\/antoniruiz.com\/en\/#website"},"primaryImageOfPage":{"@id":"https:\/\/antoniruiz.com\/en\/%f0%9f%92%b9-expojove-2026-connecting-the-new-fp-with-the-business-fabric-of-girona\/#primaryimage"},"image":{"@id":"https:\/\/antoniruiz.com\/en\/%f0%9f%92%b9-expojove-2026-connecting-the-new-fp-with-the-business-fabric-of-girona\/#primaryimage"},"thumbnailUrl":"https:\/\/antoniruiz.com\/wp-content\/uploads\/2026\/04\/WhatsApp-Image-2026-04-16-at-18.11.50.jpeg","datePublished":"2026-04-17T09:53:40+00:00","dateModified":"2026-04-17T10:18:39+00:00","breadcrumb":{"@id":"https:\/\/antoniruiz.com\/en\/%f0%9f%92%b9-expojove-2026-connecting-the-new-fp-with-the-business-fabric-of-girona\/#breadcrumb"},"inLanguage":"en-US","potentialAction":[{"@type":"ReadAction","target":["https:\/\/antoniruiz.com\/en\/%f0%9f%92%b9-expojove-2026-connecting-the-new-fp-with-the-business-fabric-of-girona\/"]}]},{"@type":"ImageObject","inLanguage":"en-US","@id":"https:\/\/antoniruiz.com\/en\/%f0%9f%92%b9-expojove-2026-connecting-the-new-fp-with-the-business-fabric-of-girona\/#primaryimage","url":"https:\/\/antoniruiz.com\/wp-content\/uploads\/2026\/04\/WhatsApp-Image-2026-04-16-at-18.11.50.jpeg","contentUrl":"https:\/\/antoniruiz.com\/wp-content\/uploads\/2026\/04\/WhatsApp-Image-2026-04-16-at-18.11.50.jpeg","width":1536,"height":2048},{"@type":"BreadcrumbList","@id":"https:\/\/antoniruiz.com\/en\/%f0%9f%92%b9-expojove-2026-connecting-the-new-fp-with-the-business-fabric-of-girona\/#breadcrumb","itemListElement":[{"@type":"ListItem","position":1,"name":"Home","item":"https:\/\/antoniruiz.com\/en\/"},{"@type":"ListItem","position":2,"name":"\ud83d\udcb9 ExpoJove 2026: connecting the new FP with the business fabric of Girona"}]},{"@type":"WebSite","@id":"https:\/\/antoniruiz.com\/en\/#website","url":"https:\/\/antoniruiz.com\/en\/","name":"Antoni Ruiz","description":"","publisher":{"@id":"https:\/\/antoniruiz.com\/en\/#organization"},"potentialAction":[{"@type":"SearchAction","target":{"@type":"EntryPoint","urlTemplate":"https:\/\/antoniruiz.com\/en\/?s={search_term_string}"},"query-input":"required name=search_term_string"}],"inLanguage":"en-US"},{"@type":"Organization","@id":"https:\/\/antoniruiz.com\/en\/#organization","name":"Antoni Ruiz","url":"https:\/\/antoniruiz.com\/en\/","logo":{"@type":"ImageObject","inLanguage":"en-US","@id":"https:\/\/antoniruiz.com\/en\/#\/schema\/logo\/image\/","url":"https:\/\/antoniruiz.com\/wp-content\/uploads\/2024\/06\/AntoniRuiz_MAIN.png","contentUrl":"https:\/\/antoniruiz.com\/wp-content\/uploads\/2024\/06\/AntoniRuiz_MAIN.png","width":944,"height":675,"caption":"Antoni Ruiz"},"image":{"@id":"https:\/\/antoniruiz.com\/en\/#\/schema\/logo\/image\/"}},{"@type":"Person","@id":"https:\/\/antoniruiz.com\/en\/#\/schema\/person\/a8d62eab776c7cf6f6efafa52d0bce62","name":"Antoni Ruiz","image":{"@type":"ImageObject","inLanguage":"en-US","@id":"https:\/\/antoniruiz.com\/en\/#\/schema\/person\/image\/","url":"https:\/\/secure.gravatar.com\/avatar\/7c088e4296c344dd768b0c3ec823a8955c44caecaa1bfc843afc64b88c2d3d64?s=96&d=mm&r=g","contentUrl":"https:\/\/secure.gravatar.com\/avatar\/7c088e4296c344dd768b0c3ec823a8955c44caecaa1bfc843afc64b88c2d3d64?s=96&d=mm&r=g","caption":"Antoni Ruiz"},"url":"https:\/\/antoniruiz.com\/en\/author\/antoni-ruiz\/"}]}},"_links":{"self":[{"href":"https:\/\/antoniruiz.com\/en\/wp-json\/wp\/v2\/posts\/24077","targetHints":{"allow":["GET"]}}],"collection":[{"href":"https:\/\/antoniruiz.com\/en\/wp-json\/wp\/v2\/posts"}],"about":[{"href":"https:\/\/antoniruiz.com\/en\/wp-json\/wp\/v2\/types\/post"}],"author":[{"embeddable":true,"href":"https:\/\/antoniruiz.com\/en\/wp-json\/wp\/v2\/users\/3"}],"replies":[{"embeddable":true,"href":"https:\/\/antoniruiz.com\/en\/wp-json\/wp\/v2\/comments?post=24077"}],"version-history":[{"count":1,"href":"https:\/\/antoniruiz.com\/en\/wp-json\/wp\/v2\/posts\/24077\/revisions"}],"predecessor-version":[{"id":24078,"href":"https:\/\/antoniruiz.com\/en\/wp-json\/wp\/v2\/posts\/24077\/revisions\/24078"}],"wp:featuredmedia":[{"embeddable":true,"href":"https:\/\/antoniruiz.com\/en\/wp-json\/wp\/v2\/media\/24063"}],"wp:attachment":[{"href":"https:\/\/antoniruiz.com\/en\/wp-json\/wp\/v2\/media?parent=24077"}],"wp:term":[{"taxonomy":"category","embeddable":true,"href":"https:\/\/antoniruiz.com\/en\/wp-json\/wp\/v2\/categories?post=24077"},{"taxonomy":"post_tag","embeddable":true,"href":"https:\/\/antoniruiz.com\/en\/wp-json\/wp\/v2\/tags?post=24077"}],"curies":[{"name":"wp","href":"https:\/\/api.w.org\/{rel}","templated":true}]}}