{"id":24333,"date":"2026-04-29T14:20:48","date_gmt":"2026-04-29T14:20:48","guid":{"rendered":"https:\/\/antoniruiz.com\/?p=24333"},"modified":"2026-04-29T14:25:14","modified_gmt":"2026-04-29T14:25:14","slug":"climatitzacio-a-espanya-adaptar-se-al-nou-ordre-o-quedar-se-enrere","status":"publish","type":"post","link":"https:\/\/antoniruiz.com\/ca\/climatitzacio-a-espanya-adaptar-se-al-nou-ordre-o-quedar-se-enrere\/","title":{"rendered":"Climatitzaci\u00f3 a Espanya: adaptar-se al nou ordre o quedar-se enrere"},"content":{"rendered":"\n<p>El meu \u00faltim article editat al Blog de Climatitzaci\u00f3 i Confort:<\/p>\n\n\n\n<p>El sector de la climatitzaci\u00f3 a Espanya ha demostrat hist\u00f2ricament una capacitat d&#8217;adaptaci\u00f3 enorme. Els que fa anys que estem en aquest \u00e0mbit hem viscut cicles d&#8217;expansi\u00f3 i crisi: bombolles immobili\u00e0ries, recessions econ\u00f2miques, canvis reguladors i transformacions tecnol\u00f2giques. Res de nou. O almenys aix\u00f2 pens\u00e0vem.<\/p>\n\n\n\n<p>Tot i aix\u00f2, el moment actual introdueix una variable diferent: la incertesa geopol\u00edtica global.<\/p>\n\n\n\n<p>En els darrers anys, el tauler internacional s&#8217;ha vist alterat per conflictes i tensions que han reconfigurat les regles que, d&#8217;alguna manera, havien estat estables des del final de la Segona Guerra Mundial. Les conseq\u00fc\u00e8ncies no s\u00f3n nom\u00e9s pol\u00edtiques o estrat\u00e8giques: tenen un impacte directe a l&#8217;energia, les mat\u00e8ries primeres i, per tant, al nostre sector.<\/p>\n\n\n\n<p>Avui, parlar de climatitzaci\u00f3 \u00e9s parlar denergia. I parlar denergia \u00e9s parlar de geopol\u00edtica.<\/p>\n\n\n\n<p>Article complet:<\/p>\n\n\n\n<p><a href=\"https:\/\/climatizacion-y-confort.cdecomunicacion.es\/opinion\/antoni-ruiz\/2026\/04\/20\/climatizacion-en-espana-adaptarse-al-nuevo-orden-o-quedarse-atras?utm_campaign=2026-04-20-climatizacion-y-confort&amp;utm_medium=email&amp;utm_source=Boletines+de+Climatizaci%C3%B3n+y+Confort\">https:\/\/climatizacion-y-confort.cdecomunicacion.es\/opinion\/antoni-ruiz\/2026\/04\/20\/climatizacion-en-espana-adaptarse-al-nuevo-orden-o-quedarse-atras?utm_campaign=2026-04-20-climatizacion-y-confort&amp;utm_medium=email&amp;utm_source=Boletines+de+Climatizaci%C3%B3n+y+Confort<\/a><\/p>\n\n\n\n<figure class=\"wp-block-image size-large\"><img fetchpriority=\"high\" decoding=\"async\" width=\"1024\" height=\"576\" src=\"https:\/\/antoniruiz.com\/wp-content\/uploads\/2026\/04\/instalador-climatizacion-1140x641.jpg-1024x576.webp\" alt=\"\" class=\"wp-image-24330\" srcset=\"https:\/\/antoniruiz.com\/wp-content\/uploads\/2026\/04\/instalador-climatizacion-1140x641.jpg-1024x576.webp 1024w, https:\/\/antoniruiz.com\/wp-content\/uploads\/2026\/04\/instalador-climatizacion-1140x641.jpg-300x169.webp 300w, https:\/\/antoniruiz.com\/wp-content\/uploads\/2026\/04\/instalador-climatizacion-1140x641.jpg-768x432.webp 768w, https:\/\/antoniruiz.com\/wp-content\/uploads\/2026\/04\/instalador-climatizacion-1140x641.jpg.webp 1140w\" sizes=\"(max-width: 1024px) 100vw, 1024px\" \/><\/figure>\n\n\n\n<p><\/p>\n","protected":false},"excerpt":{"rendered":"<p>El meu \u00faltim article editat al Blog de Climatitzaci\u00f3 i Confort: El sector de la climatitzaci\u00f3 a Espanya ha demostrat [&hellip;]<\/p>\n","protected":false},"author":3,"featured_media":24330,"comment_status":"closed","ping_status":"open","sticky":false,"template":"","format":"standard","meta":{"_acf_changed":false,"site-sidebar-layout":"default","site-content-layout":"","ast-site-content-layout":"default","site-content-style":"default","site-sidebar-style":"default","ast-global-header-display":"","ast-banner-title-visibility":"","ast-main-header-display":"","ast-hfb-above-header-display":"","ast-hfb-below-header-display":"","ast-hfb-mobile-header-display":"","site-post-title":"","ast-breadcrumbs-content":"","ast-featured-img":"","footer-sml-layout":"","ast-disable-related-posts":"","theme-transparent-header-meta":"","adv-header-id-meta":"","stick-header-meta":"","header-above-stick-meta":"","header-main-stick-meta":"","header-below-stick-meta":"","astra-migrate-meta-layouts":"default","ast-page-background-enabled":"default","ast-page-background-meta":{"desktop":{"background-color":"var(--ast-global-color-4)","background-image":"","background-repeat":"repeat","background-position":"center center","background-size":"auto","background-attachment":"scroll","background-type":"","background-media":"","overlay-type":"","overlay-color":"","overlay-opacity":"","overlay-gradient":""},"tablet":{"background-color":"","background-image":"","background-repeat":"repeat","background-position":"center center","background-size":"auto","background-attachment":"scroll","background-type":"","background-media":"","overlay-type":"","overlay-color":"","overlay-opacity":"","overlay-gradient":""},"mobile":{"background-color":"","background-image":"","background-repeat":"repeat","background-position":"center center","background-size":"auto","background-attachment":"scroll","background-type":"","background-media":"","overlay-type":"","overlay-color":"","overlay-opacity":"","overlay-gradient":""}},"ast-content-background-meta":{"desktop":{"background-color":"var(--ast-global-color-5)","background-image":"","background-repeat":"repeat","background-position":"center center","background-size":"auto","background-attachment":"scroll","background-type":"","background-media":"","overlay-type":"","overlay-color":"","overlay-opacity":"","overlay-gradient":""},"tablet":{"background-color":"var(--ast-global-color-5)","background-image":"","background-repeat":"repeat","background-position":"center center","background-size":"auto","background-attachment":"scroll","background-type":"","background-media":"","overlay-type":"","overlay-color":"","overlay-opacity":"","overlay-gradient":""},"mobile":{"background-color":"var(--ast-global-color-5)","background-image":"","background-repeat":"repeat","background-position":"center center","background-size":"auto","background-attachment":"scroll","background-type":"","background-media":"","overlay-type":"","overlay-color":"","overlay-opacity":"","overlay-gradient":""}},"footnotes":""},"categories":[33],"tags":[],"class_list":["post-24333","post","type-post","status-publish","format-standard","has-post-thumbnail","hentry","category-blog-ca"],"acf":[],"yoast_head":"<!-- This site is optimized with the Yoast SEO plugin v23.2 - https:\/\/yoast.com\/wordpress\/plugins\/seo\/ -->\n<title>Climatitzaci\u00f3 a Espanya: adaptar-se al nou ordre o quedar-se enrere - Antoni Ruiz<\/title>\n<meta name=\"robots\" content=\"index, follow, max-snippet:-1, max-image-preview:large, max-video-preview:-1\" \/>\n<link rel=\"canonical\" href=\"https:\/\/antoniruiz.com\/ca\/climatitzacio-a-espanya-adaptar-se-al-nou-ordre-o-quedar-se-enrere\/\" \/>\n<meta property=\"og:locale\" content=\"ca_ES\" \/>\n<meta property=\"og:type\" content=\"article\" \/>\n<meta property=\"og:title\" content=\"Climatitzaci\u00f3 a Espanya: adaptar-se al nou ordre o quedar-se enrere - Antoni Ruiz\" \/>\n<meta property=\"og:description\" content=\"El meu \u00faltim article editat al Blog de Climatitzaci\u00f3 i Confort: El sector de la climatitzaci\u00f3 a Espanya ha demostrat [&hellip;]\" \/>\n<meta property=\"og:url\" content=\"https:\/\/antoniruiz.com\/ca\/climatitzacio-a-espanya-adaptar-se-al-nou-ordre-o-quedar-se-enrere\/\" \/>\n<meta property=\"og:site_name\" content=\"Antoni Ruiz\" \/>\n<meta property=\"article:published_time\" content=\"2026-04-29T14:20:48+00:00\" \/>\n<meta property=\"article:modified_time\" content=\"2026-04-29T14:25:14+00:00\" \/>\n<meta property=\"og:image\" content=\"https:\/\/antoniruiz.com\/wp-content\/uploads\/2026\/04\/instalador-climatizacion-1140x641.jpg.webp\" \/>\n\t<meta property=\"og:image:width\" content=\"1140\" \/>\n\t<meta property=\"og:image:height\" content=\"641\" \/>\n\t<meta property=\"og:image:type\" content=\"image\/webp\" \/>\n<meta name=\"author\" content=\"Antoni Ruiz\" \/>\n<meta name=\"twitter:card\" content=\"summary_large_image\" \/>\n<meta name=\"twitter:label1\" content=\"Escrit per\" \/>\n\t<meta name=\"twitter:data1\" content=\"Antoni Ruiz\" \/>\n\t<meta name=\"twitter:label2\" content=\"Temps estimat de lectura\" \/>\n\t<meta name=\"twitter:data2\" content=\"2 minuts\" \/>\n<script type=\"application\/ld+json\" class=\"yoast-schema-graph\">{\"@context\":\"https:\/\/schema.org\",\"@graph\":[{\"@type\":\"Article\",\"@id\":\"https:\/\/antoniruiz.com\/ca\/climatitzacio-a-espanya-adaptar-se-al-nou-ordre-o-quedar-se-enrere\/#article\",\"isPartOf\":{\"@id\":\"https:\/\/antoniruiz.com\/ca\/climatitzacio-a-espanya-adaptar-se-al-nou-ordre-o-quedar-se-enrere\/\"},\"author\":{\"name\":\"Antoni Ruiz\",\"@id\":\"https:\/\/antoniruiz.com\/ca\/#\/schema\/person\/a8d62eab776c7cf6f6efafa52d0bce62\"},\"headline\":\"Climatitzaci\u00f3 a Espanya: adaptar-se al nou ordre o quedar-se enrere\",\"datePublished\":\"2026-04-29T14:20:48+00:00\",\"dateModified\":\"2026-04-29T14:25:14+00:00\",\"mainEntityOfPage\":{\"@id\":\"https:\/\/antoniruiz.com\/ca\/climatitzacio-a-espanya-adaptar-se-al-nou-ordre-o-quedar-se-enrere\/\"},\"wordCount\":197,\"publisher\":{\"@id\":\"https:\/\/antoniruiz.com\/ca\/#organization\"},\"image\":{\"@id\":\"https:\/\/antoniruiz.com\/ca\/climatitzacio-a-espanya-adaptar-se-al-nou-ordre-o-quedar-se-enrere\/#primaryimage\"},\"thumbnailUrl\":\"https:\/\/antoniruiz.com\/wp-content\/uploads\/2026\/04\/instalador-climatizacion-1140x641.jpg.webp\",\"articleSection\":[\"blog\"],\"inLanguage\":\"ca\"},{\"@type\":\"WebPage\",\"@id\":\"https:\/\/antoniruiz.com\/ca\/climatitzacio-a-espanya-adaptar-se-al-nou-ordre-o-quedar-se-enrere\/\",\"url\":\"https:\/\/antoniruiz.com\/ca\/climatitzacio-a-espanya-adaptar-se-al-nou-ordre-o-quedar-se-enrere\/\",\"name\":\"Climatitzaci\u00f3 a Espanya: adaptar-se al nou ordre o quedar-se enrere - Antoni Ruiz\",\"isPartOf\":{\"@id\":\"https:\/\/antoniruiz.com\/ca\/#website\"},\"primaryImageOfPage\":{\"@id\":\"https:\/\/antoniruiz.com\/ca\/climatitzacio-a-espanya-adaptar-se-al-nou-ordre-o-quedar-se-enrere\/#primaryimage\"},\"image\":{\"@id\":\"https:\/\/antoniruiz.com\/ca\/climatitzacio-a-espanya-adaptar-se-al-nou-ordre-o-quedar-se-enrere\/#primaryimage\"},\"thumbnailUrl\":\"https:\/\/antoniruiz.com\/wp-content\/uploads\/2026\/04\/instalador-climatizacion-1140x641.jpg.webp\",\"datePublished\":\"2026-04-29T14:20:48+00:00\",\"dateModified\":\"2026-04-29T14:25:14+00:00\",\"breadcrumb\":{\"@id\":\"https:\/\/antoniruiz.com\/ca\/climatitzacio-a-espanya-adaptar-se-al-nou-ordre-o-quedar-se-enrere\/#breadcrumb\"},\"inLanguage\":\"ca\",\"potentialAction\":[{\"@type\":\"ReadAction\",\"target\":[\"https:\/\/antoniruiz.com\/ca\/climatitzacio-a-espanya-adaptar-se-al-nou-ordre-o-quedar-se-enrere\/\"]}]},{\"@type\":\"ImageObject\",\"inLanguage\":\"ca\",\"@id\":\"https:\/\/antoniruiz.com\/ca\/climatitzacio-a-espanya-adaptar-se-al-nou-ordre-o-quedar-se-enrere\/#primaryimage\",\"url\":\"https:\/\/antoniruiz.com\/wp-content\/uploads\/2026\/04\/instalador-climatizacion-1140x641.jpg.webp\",\"contentUrl\":\"https:\/\/antoniruiz.com\/wp-content\/uploads\/2026\/04\/instalador-climatizacion-1140x641.jpg.webp\",\"width\":1140,\"height\":641},{\"@type\":\"BreadcrumbList\",\"@id\":\"https:\/\/antoniruiz.com\/ca\/climatitzacio-a-espanya-adaptar-se-al-nou-ordre-o-quedar-se-enrere\/#breadcrumb\",\"itemListElement\":[{\"@type\":\"ListItem\",\"position\":1,\"name\":\"Home\",\"item\":\"https:\/\/antoniruiz.com\/ca\/\"},{\"@type\":\"ListItem\",\"position\":2,\"name\":\"Climatitzaci\u00f3 a Espanya: adaptar-se al nou ordre o quedar-se enrere\"}]},{\"@type\":\"WebSite\",\"@id\":\"https:\/\/antoniruiz.com\/ca\/#website\",\"url\":\"https:\/\/antoniruiz.com\/ca\/\",\"name\":\"Antoni Ruiz\",\"description\":\"\",\"publisher\":{\"@id\":\"https:\/\/antoniruiz.com\/ca\/#organization\"},\"potentialAction\":[{\"@type\":\"SearchAction\",\"target\":{\"@type\":\"EntryPoint\",\"urlTemplate\":\"https:\/\/antoniruiz.com\/ca\/?s={search_term_string}\"},\"query-input\":\"required name=search_term_string\"}],\"inLanguage\":\"ca\"},{\"@type\":\"Organization\",\"@id\":\"https:\/\/antoniruiz.com\/ca\/#organization\",\"name\":\"Antoni Ruiz\",\"url\":\"https:\/\/antoniruiz.com\/ca\/\",\"logo\":{\"@type\":\"ImageObject\",\"inLanguage\":\"ca\",\"@id\":\"https:\/\/antoniruiz.com\/ca\/#\/schema\/logo\/image\/\",\"url\":\"https:\/\/antoniruiz.com\/wp-content\/uploads\/2024\/06\/AntoniRuiz_MAIN.png\",\"contentUrl\":\"https:\/\/antoniruiz.com\/wp-content\/uploads\/2024\/06\/AntoniRuiz_MAIN.png\",\"width\":944,\"height\":675,\"caption\":\"Antoni Ruiz\"},\"image\":{\"@id\":\"https:\/\/antoniruiz.com\/ca\/#\/schema\/logo\/image\/\"}},{\"@type\":\"Person\",\"@id\":\"https:\/\/antoniruiz.com\/ca\/#\/schema\/person\/a8d62eab776c7cf6f6efafa52d0bce62\",\"name\":\"Antoni Ruiz\",\"image\":{\"@type\":\"ImageObject\",\"inLanguage\":\"ca\",\"@id\":\"https:\/\/antoniruiz.com\/ca\/#\/schema\/person\/image\/\",\"url\":\"https:\/\/secure.gravatar.com\/avatar\/7c088e4296c344dd768b0c3ec823a8955c44caecaa1bfc843afc64b88c2d3d64?s=96&d=mm&r=g\",\"contentUrl\":\"https:\/\/secure.gravatar.com\/avatar\/7c088e4296c344dd768b0c3ec823a8955c44caecaa1bfc843afc64b88c2d3d64?s=96&d=mm&r=g\",\"caption\":\"Antoni Ruiz\"},\"url\":\"https:\/\/antoniruiz.com\/ca\/author\/antoni-ruiz\/\"}]}<\/script>\n<!-- \/ Yoast SEO plugin. -->","yoast_head_json":{"title":"Climatitzaci\u00f3 a Espanya: adaptar-se al nou ordre o quedar-se enrere - Antoni Ruiz","robots":{"index":"index","follow":"follow","max-snippet":"max-snippet:-1","max-image-preview":"max-image-preview:large","max-video-preview":"max-video-preview:-1"},"canonical":"https:\/\/antoniruiz.com\/ca\/climatitzacio-a-espanya-adaptar-se-al-nou-ordre-o-quedar-se-enrere\/","og_locale":"ca_ES","og_type":"article","og_title":"Climatitzaci\u00f3 a Espanya: adaptar-se al nou ordre o quedar-se enrere - Antoni Ruiz","og_description":"El meu \u00faltim article editat al Blog de Climatitzaci\u00f3 i Confort: El sector de la climatitzaci\u00f3 a Espanya ha demostrat [&hellip;]","og_url":"https:\/\/antoniruiz.com\/ca\/climatitzacio-a-espanya-adaptar-se-al-nou-ordre-o-quedar-se-enrere\/","og_site_name":"Antoni Ruiz","article_published_time":"2026-04-29T14:20:48+00:00","article_modified_time":"2026-04-29T14:25:14+00:00","og_image":[{"width":1140,"height":641,"url":"https:\/\/antoniruiz.com\/wp-content\/uploads\/2026\/04\/instalador-climatizacion-1140x641.jpg.webp","type":"image\/webp"}],"author":"Antoni Ruiz","twitter_card":"summary_large_image","twitter_misc":{"Escrit per":"Antoni Ruiz","Temps estimat de lectura":"2 minuts"},"schema":{"@context":"https:\/\/schema.org","@graph":[{"@type":"Article","@id":"https:\/\/antoniruiz.com\/ca\/climatitzacio-a-espanya-adaptar-se-al-nou-ordre-o-quedar-se-enrere\/#article","isPartOf":{"@id":"https:\/\/antoniruiz.com\/ca\/climatitzacio-a-espanya-adaptar-se-al-nou-ordre-o-quedar-se-enrere\/"},"author":{"name":"Antoni Ruiz","@id":"https:\/\/antoniruiz.com\/ca\/#\/schema\/person\/a8d62eab776c7cf6f6efafa52d0bce62"},"headline":"Climatitzaci\u00f3 a Espanya: adaptar-se al nou ordre o quedar-se enrere","datePublished":"2026-04-29T14:20:48+00:00","dateModified":"2026-04-29T14:25:14+00:00","mainEntityOfPage":{"@id":"https:\/\/antoniruiz.com\/ca\/climatitzacio-a-espanya-adaptar-se-al-nou-ordre-o-quedar-se-enrere\/"},"wordCount":197,"publisher":{"@id":"https:\/\/antoniruiz.com\/ca\/#organization"},"image":{"@id":"https:\/\/antoniruiz.com\/ca\/climatitzacio-a-espanya-adaptar-se-al-nou-ordre-o-quedar-se-enrere\/#primaryimage"},"thumbnailUrl":"https:\/\/antoniruiz.com\/wp-content\/uploads\/2026\/04\/instalador-climatizacion-1140x641.jpg.webp","articleSection":["blog"],"inLanguage":"ca"},{"@type":"WebPage","@id":"https:\/\/antoniruiz.com\/ca\/climatitzacio-a-espanya-adaptar-se-al-nou-ordre-o-quedar-se-enrere\/","url":"https:\/\/antoniruiz.com\/ca\/climatitzacio-a-espanya-adaptar-se-al-nou-ordre-o-quedar-se-enrere\/","name":"Climatitzaci\u00f3 a Espanya: adaptar-se al nou ordre o quedar-se enrere - Antoni Ruiz","isPartOf":{"@id":"https:\/\/antoniruiz.com\/ca\/#website"},"primaryImageOfPage":{"@id":"https:\/\/antoniruiz.com\/ca\/climatitzacio-a-espanya-adaptar-se-al-nou-ordre-o-quedar-se-enrere\/#primaryimage"},"image":{"@id":"https:\/\/antoniruiz.com\/ca\/climatitzacio-a-espanya-adaptar-se-al-nou-ordre-o-quedar-se-enrere\/#primaryimage"},"thumbnailUrl":"https:\/\/antoniruiz.com\/wp-content\/uploads\/2026\/04\/instalador-climatizacion-1140x641.jpg.webp","datePublished":"2026-04-29T14:20:48+00:00","dateModified":"2026-04-29T14:25:14+00:00","breadcrumb":{"@id":"https:\/\/antoniruiz.com\/ca\/climatitzacio-a-espanya-adaptar-se-al-nou-ordre-o-quedar-se-enrere\/#breadcrumb"},"inLanguage":"ca","potentialAction":[{"@type":"ReadAction","target":["https:\/\/antoniruiz.com\/ca\/climatitzacio-a-espanya-adaptar-se-al-nou-ordre-o-quedar-se-enrere\/"]}]},{"@type":"ImageObject","inLanguage":"ca","@id":"https:\/\/antoniruiz.com\/ca\/climatitzacio-a-espanya-adaptar-se-al-nou-ordre-o-quedar-se-enrere\/#primaryimage","url":"https:\/\/antoniruiz.com\/wp-content\/uploads\/2026\/04\/instalador-climatizacion-1140x641.jpg.webp","contentUrl":"https:\/\/antoniruiz.com\/wp-content\/uploads\/2026\/04\/instalador-climatizacion-1140x641.jpg.webp","width":1140,"height":641},{"@type":"BreadcrumbList","@id":"https:\/\/antoniruiz.com\/ca\/climatitzacio-a-espanya-adaptar-se-al-nou-ordre-o-quedar-se-enrere\/#breadcrumb","itemListElement":[{"@type":"ListItem","position":1,"name":"Home","item":"https:\/\/antoniruiz.com\/ca\/"},{"@type":"ListItem","position":2,"name":"Climatitzaci\u00f3 a Espanya: adaptar-se al nou ordre o quedar-se enrere"}]},{"@type":"WebSite","@id":"https:\/\/antoniruiz.com\/ca\/#website","url":"https:\/\/antoniruiz.com\/ca\/","name":"Antoni Ruiz","description":"","publisher":{"@id":"https:\/\/antoniruiz.com\/ca\/#organization"},"potentialAction":[{"@type":"SearchAction","target":{"@type":"EntryPoint","urlTemplate":"https:\/\/antoniruiz.com\/ca\/?s={search_term_string}"},"query-input":"required name=search_term_string"}],"inLanguage":"ca"},{"@type":"Organization","@id":"https:\/\/antoniruiz.com\/ca\/#organization","name":"Antoni Ruiz","url":"https:\/\/antoniruiz.com\/ca\/","logo":{"@type":"ImageObject","inLanguage":"ca","@id":"https:\/\/antoniruiz.com\/ca\/#\/schema\/logo\/image\/","url":"https:\/\/antoniruiz.com\/wp-content\/uploads\/2024\/06\/AntoniRuiz_MAIN.png","contentUrl":"https:\/\/antoniruiz.com\/wp-content\/uploads\/2024\/06\/AntoniRuiz_MAIN.png","width":944,"height":675,"caption":"Antoni Ruiz"},"image":{"@id":"https:\/\/antoniruiz.com\/ca\/#\/schema\/logo\/image\/"}},{"@type":"Person","@id":"https:\/\/antoniruiz.com\/ca\/#\/schema\/person\/a8d62eab776c7cf6f6efafa52d0bce62","name":"Antoni Ruiz","image":{"@type":"ImageObject","inLanguage":"ca","@id":"https:\/\/antoniruiz.com\/ca\/#\/schema\/person\/image\/","url":"https:\/\/secure.gravatar.com\/avatar\/7c088e4296c344dd768b0c3ec823a8955c44caecaa1bfc843afc64b88c2d3d64?s=96&d=mm&r=g","contentUrl":"https:\/\/secure.gravatar.com\/avatar\/7c088e4296c344dd768b0c3ec823a8955c44caecaa1bfc843afc64b88c2d3d64?s=96&d=mm&r=g","caption":"Antoni Ruiz"},"url":"https:\/\/antoniruiz.com\/ca\/author\/antoni-ruiz\/"}]}},"_links":{"self":[{"href":"https:\/\/antoniruiz.com\/ca\/wp-json\/wp\/v2\/posts\/24333","targetHints":{"allow":["GET"]}}],"collection":[{"href":"https:\/\/antoniruiz.com\/ca\/wp-json\/wp\/v2\/posts"}],"about":[{"href":"https:\/\/antoniruiz.com\/ca\/wp-json\/wp\/v2\/types\/post"}],"author":[{"embeddable":true,"href":"https:\/\/antoniruiz.com\/ca\/wp-json\/wp\/v2\/users\/3"}],"replies":[{"embeddable":true,"href":"https:\/\/antoniruiz.com\/ca\/wp-json\/wp\/v2\/comments?post=24333"}],"version-history":[{"count":1,"href":"https:\/\/antoniruiz.com\/ca\/wp-json\/wp\/v2\/posts\/24333\/revisions"}],"predecessor-version":[{"id":24334,"href":"https:\/\/antoniruiz.com\/ca\/wp-json\/wp\/v2\/posts\/24333\/revisions\/24334"}],"wp:featuredmedia":[{"embeddable":true,"href":"https:\/\/antoniruiz.com\/ca\/wp-json\/wp\/v2\/media\/24330"}],"wp:attachment":[{"href":"https:\/\/antoniruiz.com\/ca\/wp-json\/wp\/v2\/media?parent=24333"}],"wp:term":[{"taxonomy":"category","embeddable":true,"href":"https:\/\/antoniruiz.com\/ca\/wp-json\/wp\/v2\/categories?post=24333"},{"taxonomy":"post_tag","embeddable":true,"href":"https:\/\/antoniruiz.com\/ca\/wp-json\/wp\/v2\/tags?post=24333"}],"curies":[{"name":"wp","href":"https:\/\/api.w.org\/{rel}","templated":true}]}}