{"id":24320,"date":"2026-04-29T09:37:57","date_gmt":"2026-04-29T09:37:57","guid":{"rendered":"https:\/\/antoniruiz.com\/?p=24320"},"modified":"2026-04-29T10:39:38","modified_gmt":"2026-04-29T10:39:38","slug":"la-formacio-professional-connectada-amb-la-realitat-empresarial-la-meva-experiencia-al-cipfp-el-canastell-al-costat-de-fermax","status":"publish","type":"post","link":"https:\/\/antoniruiz.com\/ca\/la-formacio-professional-connectada-amb-la-realitat-empresarial-la-meva-experiencia-al-cipfp-el-canastell-al-costat-de-fermax\/","title":{"rendered":"La Formaci\u00f3 Professional connectada amb la realitat empresarial: la meva experi\u00e8ncia al CIPFP El Canastell al costat de FERMAX"},"content":{"rendered":"\n<p>La Formaci\u00f3 Professional continua consolidant-se com un dels pilars fonamentals per al desenvolupament econ\u00f2mic i social del nostre pa\u00eds. La meva recent participaci\u00f3 al CIPFP El Canastell, a Sant Vicent del Raspeig (Alacant), ha tornat a posar de manifest que quan educaci\u00f3 i empresa caminen juntes, l&#8217;impacte \u00e9s real, tangible i transformador.<\/p>\n\n\n\n<figure class=\"wp-block-image size-large\"><img fetchpriority=\"high\" decoding=\"async\" width=\"768\" height=\"1024\" src=\"https:\/\/antoniruiz.com\/wp-content\/uploads\/2026\/04\/WhatsApp-Image-2026-04-27-at-12.50.44-768x1024.jpeg\" alt=\"\" class=\"wp-image-24296\" srcset=\"https:\/\/antoniruiz.com\/wp-content\/uploads\/2026\/04\/WhatsApp-Image-2026-04-27-at-12.50.44-768x1024.jpeg 768w, https:\/\/antoniruiz.com\/wp-content\/uploads\/2026\/04\/WhatsApp-Image-2026-04-27-at-12.50.44-225x300.jpeg 225w, https:\/\/antoniruiz.com\/wp-content\/uploads\/2026\/04\/WhatsApp-Image-2026-04-27-at-12.50.44-1152x1536.jpeg 1152w, https:\/\/antoniruiz.com\/wp-content\/uploads\/2026\/04\/WhatsApp-Image-2026-04-27-at-12.50.44.jpeg 1200w\" sizes=\"(max-width: 768px) 100vw, 768px\" \/><\/figure>\n\n\n\n<p>En aquesta ocasi\u00f3, a m\u00e9s, amb un protagonista clau: la col\u00b7laboraci\u00f3 amb FERMAX, un exemple clar de com el teixit empresarial es pot i ha d&#8217;implicar activament en la formaci\u00f3 del talent.<\/p>\n\n\n\n<p>Un espai de trobada entre formaci\u00f3 i empresa<\/p>\n\n\n\n<p>La jornada va ser molt m\u00e9s que una confer\u00e8ncia. Va ser un punt de connexi\u00f3 entre alumnat, professorat i empresa, on vam poder reflexionar sobre el paper que juga la Formaci\u00f3 Professional Dual en un context marcat per la digitalitzaci\u00f3, la innovaci\u00f3 tecnol\u00f2gica i la necessitat de perfils cada cop m\u00e9s especialitzats.<\/p>\n\n\n\n<p>Avui, m\u00e9s que mai, el mercat laboral demana professionals que no nom\u00e9s tinguin coneixements t\u00e8cnics, sin\u00f3 que entenguin l&#8217;entorn real de treball. I \u00e9s aqu\u00ed on l&#8217;FP Dual marca la difer\u00e8ncia.<\/p>\n\n\n\n<p>El Canastell torna a demostrar que no \u00e9s nom\u00e9s un centre educatiu, sin\u00f3 un veritable motor de talent, gr\u00e0cies a un equip docent comprom\u00e8s i alineat amb les necessitats del sector.<\/p>\n\n\n\n<p>FERMAX: tecnologia, innovaci\u00f3 i comprom\u00eds amb el talent<\/p>\n\n\n\n<p>Vull posar en valor el paper de FERMAX aquesta jornada. Una empresa referent a solucions de comunicaci\u00f3 i control d&#8217;accessos, que ent\u00e9n perfectament que el futur del sector passa per invertir en formaci\u00f3.<\/p>\n\n\n\n<p>La implicaci\u00f3 en iniciatives com aquesta reflecteix una visi\u00f3 clara: apropar l&#8217;empresa a l&#8217;aula no \u00e9s una opci\u00f3, \u00e9s una responsabilitat.<\/p>\n\n\n\n<p>FERMAX no nom\u00e9s aporta tecnologia i innovaci\u00f3, sin\u00f3 tamb\u00e9 coneixement real del sector, ajudant que els estudiants comprenguin des de dins com funciona l&#8217;entorn professional al qual s&#8217;incorporaran aviat.<\/p>\n\n\n\n<p>Persones que marquen la difer\u00e8ncia<\/p>\n\n\n\n<p>Res d&#8217;aix\u00f2 no seria possible sense el comprom\u00eds de grans professionals de l&#8217;\u00e0mbit educatiu:<\/p>\n\n\n\n<p>Jos\u00e9 Rubio Jim\u00e9nez, referent nacional en Formaci\u00f3 Professional i en l&#8217;impuls dels Skills, el treball del qual segueix sent clau per elevar el nivell d&#8217;excel\u00b7l\u00e8ncia del sistema.<br>Carlos Llorca, director del CIPFP Canastell, que lidera un projecte educatiu s\u00f2lid, connectat amb la realitat i orientat al futur.<\/p>\n\n\n\n<p>Tots dos representen el veritable valor de l&#8217;FP: les persones que hi creuen i treballen cada dia per fer-la millor.<\/p>\n\n\n\n<p>Comunitat Valenciana: un ecosistema que funciona<\/p>\n\n\n\n<p>Cada visita al Pa\u00eds Valenci\u00e0 refor\u00e7a una convicci\u00f3: aqu\u00ed la Formaci\u00f3 Professional no \u00e9s nom\u00e9s un discurs, \u00e9s una estrat\u00e8gia real.<\/p>\n\n\n\n<p>La col\u00b7laboraci\u00f3 entre centres educatius, empreses com FERMAX i professionals del sector genera un ecosistema on l&#8217;alumnat pot formar-se amb garanties, desenvolupar-se i accedir a oportunitats reals d&#8217;ocupaci\u00f3.<\/p>\n\n\n\n<p>Un model que, sens dubte, hauria de continuar inspirant altres territoris.<\/p>\n\n\n\n<p>Conclusi\u00f3: formar avui per transformar dem\u00e0<\/p>\n\n\n\n<p>El futur passa per continuar enfortint la connexi\u00f3 entre formaci\u00f3 i empresa. Si volem professionals preparats per als reptes tecnol\u00f2gics i socials que v\u00e9nen, cal apostar per una FP moderna, flexible i alineada amb el mercat.<\/p>\n\n\n\n<p>Jornades com la viscuda al Canastell ho deixen clar: quan tots els actors sumen, el resultat \u00e9s una formaci\u00f3 professional m\u00e9s forta, m\u00e9s \u00fatil i m\u00e9s transformadora.<\/p>\n\n\n\n<p>Una experi\u00e8ncia molt enriquidora a Alacant que reafirma el meu comprom\u00eds de continuar impulsant, visibilitzant i defensant el valor de la FP.<\/p>\n\n\n\n<figure class=\"wp-block-gallery has-nested-images columns-default is-cropped wp-block-gallery-1 is-layout-flex wp-block-gallery-is-layout-flex\">\n<figure class=\"wp-block-image size-large\"><img decoding=\"async\" width=\"768\" height=\"1024\" data-id=\"24317\" src=\"https:\/\/antoniruiz.com\/wp-content\/uploads\/2026\/04\/WhatsApp-Image-2026-04-28-at-11.21.30-1-768x1024.jpeg\" alt=\"\" class=\"wp-image-24317\" srcset=\"https:\/\/antoniruiz.com\/wp-content\/uploads\/2026\/04\/WhatsApp-Image-2026-04-28-at-11.21.30-1-768x1024.jpeg 768w, https:\/\/antoniruiz.com\/wp-content\/uploads\/2026\/04\/WhatsApp-Image-2026-04-28-at-11.21.30-1-225x300.jpeg 225w, https:\/\/antoniruiz.com\/wp-content\/uploads\/2026\/04\/WhatsApp-Image-2026-04-28-at-11.21.30-1-1152x1536.jpeg 1152w, https:\/\/antoniruiz.com\/wp-content\/uploads\/2026\/04\/WhatsApp-Image-2026-04-28-at-11.21.30-1.jpeg 1200w\" sizes=\"(max-width: 768px) 100vw, 768px\" \/><\/figure>\n\n\n\n<figure class=\"wp-block-image size-large\"><img decoding=\"async\" width=\"768\" height=\"1024\" data-id=\"24314\" src=\"https:\/\/antoniruiz.com\/wp-content\/uploads\/2026\/04\/WhatsApp-Image-2026-04-28-at-11.21.53-1-768x1024.jpeg\" alt=\"\" class=\"wp-image-24314\" srcset=\"https:\/\/antoniruiz.com\/wp-content\/uploads\/2026\/04\/WhatsApp-Image-2026-04-28-at-11.21.53-1-768x1024.jpeg 768w, https:\/\/antoniruiz.com\/wp-content\/uploads\/2026\/04\/WhatsApp-Image-2026-04-28-at-11.21.53-1-225x300.jpeg 225w, https:\/\/antoniruiz.com\/wp-content\/uploads\/2026\/04\/WhatsApp-Image-2026-04-28-at-11.21.53-1-1152x1536.jpeg 1152w, https:\/\/antoniruiz.com\/wp-content\/uploads\/2026\/04\/WhatsApp-Image-2026-04-28-at-11.21.53-1.jpeg 1200w\" sizes=\"(max-width: 768px) 100vw, 768px\" \/><\/figure>\n\n\n\n<figure class=\"wp-block-image size-large\"><img loading=\"lazy\" decoding=\"async\" width=\"1024\" height=\"768\" data-id=\"24309\" src=\"https:\/\/antoniruiz.com\/wp-content\/uploads\/2026\/04\/WhatsApp-Image-2026-04-28-at-11.21.52-1-1024x768.jpeg\" alt=\"\" class=\"wp-image-24309\" srcset=\"https:\/\/antoniruiz.com\/wp-content\/uploads\/2026\/04\/WhatsApp-Image-2026-04-28-at-11.21.52-1-1024x768.jpeg 1024w, https:\/\/antoniruiz.com\/wp-content\/uploads\/2026\/04\/WhatsApp-Image-2026-04-28-at-11.21.52-1-300x225.jpeg 300w, https:\/\/antoniruiz.com\/wp-content\/uploads\/2026\/04\/WhatsApp-Image-2026-04-28-at-11.21.52-1-768x576.jpeg 768w, https:\/\/antoniruiz.com\/wp-content\/uploads\/2026\/04\/WhatsApp-Image-2026-04-28-at-11.21.52-1-1536x1152.jpeg 1536w, https:\/\/antoniruiz.com\/wp-content\/uploads\/2026\/04\/WhatsApp-Image-2026-04-28-at-11.21.52-1-1320x990.jpeg 1320w, https:\/\/antoniruiz.com\/wp-content\/uploads\/2026\/04\/WhatsApp-Image-2026-04-28-at-11.21.52-1.jpeg 1600w\" sizes=\"(max-width: 1024px) 100vw, 1024px\" \/><\/figure>\n\n\n\n<figure class=\"wp-block-image size-large\"><img loading=\"lazy\" decoding=\"async\" width=\"768\" height=\"1024\" data-id=\"24305\" src=\"https:\/\/antoniruiz.com\/wp-content\/uploads\/2026\/04\/WhatsApp-Image-2026-04-28-at-11.21.53-768x1024.jpeg\" alt=\"\" class=\"wp-image-24305\" srcset=\"https:\/\/antoniruiz.com\/wp-content\/uploads\/2026\/04\/WhatsApp-Image-2026-04-28-at-11.21.53-768x1024.jpeg 768w, https:\/\/antoniruiz.com\/wp-content\/uploads\/2026\/04\/WhatsApp-Image-2026-04-28-at-11.21.53-225x300.jpeg 225w, https:\/\/antoniruiz.com\/wp-content\/uploads\/2026\/04\/WhatsApp-Image-2026-04-28-at-11.21.53-1152x1536.jpeg 1152w, https:\/\/antoniruiz.com\/wp-content\/uploads\/2026\/04\/WhatsApp-Image-2026-04-28-at-11.21.53.jpeg 1200w\" sizes=\"(max-width: 768px) 100vw, 768px\" \/><\/figure>\n<\/figure>\n","protected":false},"excerpt":{"rendered":"<p>La Formaci\u00f3 Professional continua consolidant-se com un dels pilars fonamentals per al desenvolupament econ\u00f2mic i social del nostre pa\u00eds. La [&hellip;]<\/p>\n","protected":false},"author":3,"featured_media":24317,"comment_status":"closed","ping_status":"open","sticky":false,"template":"","format":"standard","meta":{"_acf_changed":false,"site-sidebar-layout":"default","site-content-layout":"","ast-site-content-layout":"default","site-content-style":"default","site-sidebar-style":"default","ast-global-header-display":"","ast-banner-title-visibility":"","ast-main-header-display":"","ast-hfb-above-header-display":"","ast-hfb-below-header-display":"","ast-hfb-mobile-header-display":"","site-post-title":"","ast-breadcrumbs-content":"","ast-featured-img":"","footer-sml-layout":"","ast-disable-related-posts":"","theme-transparent-header-meta":"","adv-header-id-meta":"","stick-header-meta":"","header-above-stick-meta":"","header-main-stick-meta":"","header-below-stick-meta":"","astra-migrate-meta-layouts":"default","ast-page-background-enabled":"default","ast-page-background-meta":{"desktop":{"background-color":"var(--ast-global-color-4)","background-image":"","background-repeat":"repeat","background-position":"center center","background-size":"auto","background-attachment":"scroll","background-type":"","background-media":"","overlay-type":"","overlay-color":"","overlay-opacity":"","overlay-gradient":""},"tablet":{"background-color":"","background-image":"","background-repeat":"repeat","background-position":"center center","background-size":"auto","background-attachment":"scroll","background-type":"","background-media":"","overlay-type":"","overlay-color":"","overlay-opacity":"","overlay-gradient":""},"mobile":{"background-color":"","background-image":"","background-repeat":"repeat","background-position":"center center","background-size":"auto","background-attachment":"scroll","background-type":"","background-media":"","overlay-type":"","overlay-color":"","overlay-opacity":"","overlay-gradient":""}},"ast-content-background-meta":{"desktop":{"background-color":"var(--ast-global-color-5)","background-image":"","background-repeat":"repeat","background-position":"center center","background-size":"auto","background-attachment":"scroll","background-type":"","background-media":"","overlay-type":"","overlay-color":"","overlay-opacity":"","overlay-gradient":""},"tablet":{"background-color":"var(--ast-global-color-5)","background-image":"","background-repeat":"repeat","background-position":"center center","background-size":"auto","background-attachment":"scroll","background-type":"","background-media":"","overlay-type":"","overlay-color":"","overlay-opacity":"","overlay-gradient":""},"mobile":{"background-color":"var(--ast-global-color-5)","background-image":"","background-repeat":"repeat","background-position":"center center","background-size":"auto","background-attachment":"scroll","background-type":"","background-media":"","overlay-type":"","overlay-color":"","overlay-opacity":"","overlay-gradient":""}},"footnotes":""},"categories":[33],"tags":[],"class_list":["post-24320","post","type-post","status-publish","format-standard","has-post-thumbnail","hentry","category-blog-ca"],"acf":[],"yoast_head":"<!-- This site is optimized with the Yoast SEO plugin v23.2 - https:\/\/yoast.com\/wordpress\/plugins\/seo\/ -->\n<title>La Formaci\u00f3 Professional connectada amb la realitat empresarial: la meva experi\u00e8ncia al CIPFP El Canastell al costat de FERMAX - Antoni Ruiz<\/title>\n<meta name=\"robots\" content=\"index, follow, max-snippet:-1, max-image-preview:large, max-video-preview:-1\" \/>\n<link rel=\"canonical\" href=\"https:\/\/antoniruiz.com\/ca\/la-formacio-professional-connectada-amb-la-realitat-empresarial-la-meva-experiencia-al-cipfp-el-canastell-al-costat-de-fermax\/\" \/>\n<meta property=\"og:locale\" content=\"ca_ES\" \/>\n<meta property=\"og:type\" content=\"article\" \/>\n<meta property=\"og:title\" content=\"La Formaci\u00f3 Professional connectada amb la realitat empresarial: la meva experi\u00e8ncia al CIPFP El Canastell al costat de FERMAX - Antoni Ruiz\" \/>\n<meta property=\"og:description\" content=\"La Formaci\u00f3 Professional continua consolidant-se com un dels pilars fonamentals per al desenvolupament econ\u00f2mic i social del nostre pa\u00eds. La [&hellip;]\" \/>\n<meta property=\"og:url\" content=\"https:\/\/antoniruiz.com\/ca\/la-formacio-professional-connectada-amb-la-realitat-empresarial-la-meva-experiencia-al-cipfp-el-canastell-al-costat-de-fermax\/\" \/>\n<meta property=\"og:site_name\" content=\"Antoni Ruiz\" \/>\n<meta property=\"article:published_time\" content=\"2026-04-29T09:37:57+00:00\" \/>\n<meta property=\"article:modified_time\" content=\"2026-04-29T10:39:38+00:00\" \/>\n<meta property=\"og:image\" content=\"https:\/\/antoniruiz.com\/wp-content\/uploads\/2026\/04\/WhatsApp-Image-2026-04-28-at-11.21.30-1.jpeg\" \/>\n\t<meta property=\"og:image:width\" content=\"1200\" \/>\n\t<meta property=\"og:image:height\" content=\"1600\" \/>\n\t<meta property=\"og:image:type\" content=\"image\/jpeg\" \/>\n<meta name=\"author\" content=\"Antoni Ruiz\" \/>\n<meta name=\"twitter:card\" content=\"summary_large_image\" \/>\n<meta name=\"twitter:label1\" content=\"Escrit per\" \/>\n\t<meta name=\"twitter:data1\" content=\"Antoni Ruiz\" \/>\n\t<meta name=\"twitter:label2\" content=\"Temps estimat de lectura\" \/>\n\t<meta name=\"twitter:data2\" content=\"4 minuts\" \/>\n<script type=\"application\/ld+json\" class=\"yoast-schema-graph\">{\"@context\":\"https:\/\/schema.org\",\"@graph\":[{\"@type\":\"Article\",\"@id\":\"https:\/\/antoniruiz.com\/ca\/la-formacio-professional-connectada-amb-la-realitat-empresarial-la-meva-experiencia-al-cipfp-el-canastell-al-costat-de-fermax\/#article\",\"isPartOf\":{\"@id\":\"https:\/\/antoniruiz.com\/ca\/la-formacio-professional-connectada-amb-la-realitat-empresarial-la-meva-experiencia-al-cipfp-el-canastell-al-costat-de-fermax\/\"},\"author\":{\"name\":\"Antoni Ruiz\",\"@id\":\"https:\/\/antoniruiz.com\/ca\/#\/schema\/person\/a8d62eab776c7cf6f6efafa52d0bce62\"},\"headline\":\"La Formaci\u00f3 Professional connectada amb la realitat empresarial: la meva experi\u00e8ncia al CIPFP El Canastell al costat de FERMAX\",\"datePublished\":\"2026-04-29T09:37:57+00:00\",\"dateModified\":\"2026-04-29T10:39:38+00:00\",\"mainEntityOfPage\":{\"@id\":\"https:\/\/antoniruiz.com\/ca\/la-formacio-professional-connectada-amb-la-realitat-empresarial-la-meva-experiencia-al-cipfp-el-canastell-al-costat-de-fermax\/\"},\"wordCount\":612,\"publisher\":{\"@id\":\"https:\/\/antoniruiz.com\/ca\/#organization\"},\"image\":{\"@id\":\"https:\/\/antoniruiz.com\/ca\/la-formacio-professional-connectada-amb-la-realitat-empresarial-la-meva-experiencia-al-cipfp-el-canastell-al-costat-de-fermax\/#primaryimage\"},\"thumbnailUrl\":\"https:\/\/antoniruiz.com\/wp-content\/uploads\/2026\/04\/WhatsApp-Image-2026-04-28-at-11.21.30-1.jpeg\",\"articleSection\":[\"blog\"],\"inLanguage\":\"ca\"},{\"@type\":\"WebPage\",\"@id\":\"https:\/\/antoniruiz.com\/ca\/la-formacio-professional-connectada-amb-la-realitat-empresarial-la-meva-experiencia-al-cipfp-el-canastell-al-costat-de-fermax\/\",\"url\":\"https:\/\/antoniruiz.com\/ca\/la-formacio-professional-connectada-amb-la-realitat-empresarial-la-meva-experiencia-al-cipfp-el-canastell-al-costat-de-fermax\/\",\"name\":\"La Formaci\u00f3 Professional connectada amb la realitat empresarial: la meva experi\u00e8ncia al CIPFP El Canastell al costat de FERMAX - Antoni Ruiz\",\"isPartOf\":{\"@id\":\"https:\/\/antoniruiz.com\/ca\/#website\"},\"primaryImageOfPage\":{\"@id\":\"https:\/\/antoniruiz.com\/ca\/la-formacio-professional-connectada-amb-la-realitat-empresarial-la-meva-experiencia-al-cipfp-el-canastell-al-costat-de-fermax\/#primaryimage\"},\"image\":{\"@id\":\"https:\/\/antoniruiz.com\/ca\/la-formacio-professional-connectada-amb-la-realitat-empresarial-la-meva-experiencia-al-cipfp-el-canastell-al-costat-de-fermax\/#primaryimage\"},\"thumbnailUrl\":\"https:\/\/antoniruiz.com\/wp-content\/uploads\/2026\/04\/WhatsApp-Image-2026-04-28-at-11.21.30-1.jpeg\",\"datePublished\":\"2026-04-29T09:37:57+00:00\",\"dateModified\":\"2026-04-29T10:39:38+00:00\",\"breadcrumb\":{\"@id\":\"https:\/\/antoniruiz.com\/ca\/la-formacio-professional-connectada-amb-la-realitat-empresarial-la-meva-experiencia-al-cipfp-el-canastell-al-costat-de-fermax\/#breadcrumb\"},\"inLanguage\":\"ca\",\"potentialAction\":[{\"@type\":\"ReadAction\",\"target\":[\"https:\/\/antoniruiz.com\/ca\/la-formacio-professional-connectada-amb-la-realitat-empresarial-la-meva-experiencia-al-cipfp-el-canastell-al-costat-de-fermax\/\"]}]},{\"@type\":\"ImageObject\",\"inLanguage\":\"ca\",\"@id\":\"https:\/\/antoniruiz.com\/ca\/la-formacio-professional-connectada-amb-la-realitat-empresarial-la-meva-experiencia-al-cipfp-el-canastell-al-costat-de-fermax\/#primaryimage\",\"url\":\"https:\/\/antoniruiz.com\/wp-content\/uploads\/2026\/04\/WhatsApp-Image-2026-04-28-at-11.21.30-1.jpeg\",\"contentUrl\":\"https:\/\/antoniruiz.com\/wp-content\/uploads\/2026\/04\/WhatsApp-Image-2026-04-28-at-11.21.30-1.jpeg\",\"width\":1200,\"height\":1600},{\"@type\":\"BreadcrumbList\",\"@id\":\"https:\/\/antoniruiz.com\/ca\/la-formacio-professional-connectada-amb-la-realitat-empresarial-la-meva-experiencia-al-cipfp-el-canastell-al-costat-de-fermax\/#breadcrumb\",\"itemListElement\":[{\"@type\":\"ListItem\",\"position\":1,\"name\":\"Home\",\"item\":\"https:\/\/antoniruiz.com\/ca\/\"},{\"@type\":\"ListItem\",\"position\":2,\"name\":\"La Formaci\u00f3 Professional connectada amb la realitat empresarial: la meva experi\u00e8ncia al CIPFP El Canastell al costat de FERMAX\"}]},{\"@type\":\"WebSite\",\"@id\":\"https:\/\/antoniruiz.com\/ca\/#website\",\"url\":\"https:\/\/antoniruiz.com\/ca\/\",\"name\":\"Antoni Ruiz\",\"description\":\"\",\"publisher\":{\"@id\":\"https:\/\/antoniruiz.com\/ca\/#organization\"},\"potentialAction\":[{\"@type\":\"SearchAction\",\"target\":{\"@type\":\"EntryPoint\",\"urlTemplate\":\"https:\/\/antoniruiz.com\/ca\/?s={search_term_string}\"},\"query-input\":\"required name=search_term_string\"}],\"inLanguage\":\"ca\"},{\"@type\":\"Organization\",\"@id\":\"https:\/\/antoniruiz.com\/ca\/#organization\",\"name\":\"Antoni Ruiz\",\"url\":\"https:\/\/antoniruiz.com\/ca\/\",\"logo\":{\"@type\":\"ImageObject\",\"inLanguage\":\"ca\",\"@id\":\"https:\/\/antoniruiz.com\/ca\/#\/schema\/logo\/image\/\",\"url\":\"https:\/\/antoniruiz.com\/wp-content\/uploads\/2024\/06\/AntoniRuiz_MAIN.png\",\"contentUrl\":\"https:\/\/antoniruiz.com\/wp-content\/uploads\/2024\/06\/AntoniRuiz_MAIN.png\",\"width\":944,\"height\":675,\"caption\":\"Antoni Ruiz\"},\"image\":{\"@id\":\"https:\/\/antoniruiz.com\/ca\/#\/schema\/logo\/image\/\"}},{\"@type\":\"Person\",\"@id\":\"https:\/\/antoniruiz.com\/ca\/#\/schema\/person\/a8d62eab776c7cf6f6efafa52d0bce62\",\"name\":\"Antoni Ruiz\",\"image\":{\"@type\":\"ImageObject\",\"inLanguage\":\"ca\",\"@id\":\"https:\/\/antoniruiz.com\/ca\/#\/schema\/person\/image\/\",\"url\":\"https:\/\/secure.gravatar.com\/avatar\/7c088e4296c344dd768b0c3ec823a8955c44caecaa1bfc843afc64b88c2d3d64?s=96&d=mm&r=g\",\"contentUrl\":\"https:\/\/secure.gravatar.com\/avatar\/7c088e4296c344dd768b0c3ec823a8955c44caecaa1bfc843afc64b88c2d3d64?s=96&d=mm&r=g\",\"caption\":\"Antoni Ruiz\"},\"url\":\"https:\/\/antoniruiz.com\/ca\/author\/antoni-ruiz\/\"}]}<\/script>\n<!-- \/ Yoast SEO plugin. -->","yoast_head_json":{"title":"La Formaci\u00f3 Professional connectada amb la realitat empresarial: la meva experi\u00e8ncia al CIPFP El Canastell al costat de FERMAX - Antoni Ruiz","robots":{"index":"index","follow":"follow","max-snippet":"max-snippet:-1","max-image-preview":"max-image-preview:large","max-video-preview":"max-video-preview:-1"},"canonical":"https:\/\/antoniruiz.com\/ca\/la-formacio-professional-connectada-amb-la-realitat-empresarial-la-meva-experiencia-al-cipfp-el-canastell-al-costat-de-fermax\/","og_locale":"ca_ES","og_type":"article","og_title":"La Formaci\u00f3 Professional connectada amb la realitat empresarial: la meva experi\u00e8ncia al CIPFP El Canastell al costat de FERMAX - Antoni Ruiz","og_description":"La Formaci\u00f3 Professional continua consolidant-se com un dels pilars fonamentals per al desenvolupament econ\u00f2mic i social del nostre pa\u00eds. La [&hellip;]","og_url":"https:\/\/antoniruiz.com\/ca\/la-formacio-professional-connectada-amb-la-realitat-empresarial-la-meva-experiencia-al-cipfp-el-canastell-al-costat-de-fermax\/","og_site_name":"Antoni Ruiz","article_published_time":"2026-04-29T09:37:57+00:00","article_modified_time":"2026-04-29T10:39:38+00:00","og_image":[{"width":1200,"height":1600,"url":"https:\/\/antoniruiz.com\/wp-content\/uploads\/2026\/04\/WhatsApp-Image-2026-04-28-at-11.21.30-1.jpeg","type":"image\/jpeg"}],"author":"Antoni Ruiz","twitter_card":"summary_large_image","twitter_misc":{"Escrit per":"Antoni Ruiz","Temps estimat de lectura":"4 minuts"},"schema":{"@context":"https:\/\/schema.org","@graph":[{"@type":"Article","@id":"https:\/\/antoniruiz.com\/ca\/la-formacio-professional-connectada-amb-la-realitat-empresarial-la-meva-experiencia-al-cipfp-el-canastell-al-costat-de-fermax\/#article","isPartOf":{"@id":"https:\/\/antoniruiz.com\/ca\/la-formacio-professional-connectada-amb-la-realitat-empresarial-la-meva-experiencia-al-cipfp-el-canastell-al-costat-de-fermax\/"},"author":{"name":"Antoni Ruiz","@id":"https:\/\/antoniruiz.com\/ca\/#\/schema\/person\/a8d62eab776c7cf6f6efafa52d0bce62"},"headline":"La Formaci\u00f3 Professional connectada amb la realitat empresarial: la meva experi\u00e8ncia al CIPFP El Canastell al costat de FERMAX","datePublished":"2026-04-29T09:37:57+00:00","dateModified":"2026-04-29T10:39:38+00:00","mainEntityOfPage":{"@id":"https:\/\/antoniruiz.com\/ca\/la-formacio-professional-connectada-amb-la-realitat-empresarial-la-meva-experiencia-al-cipfp-el-canastell-al-costat-de-fermax\/"},"wordCount":612,"publisher":{"@id":"https:\/\/antoniruiz.com\/ca\/#organization"},"image":{"@id":"https:\/\/antoniruiz.com\/ca\/la-formacio-professional-connectada-amb-la-realitat-empresarial-la-meva-experiencia-al-cipfp-el-canastell-al-costat-de-fermax\/#primaryimage"},"thumbnailUrl":"https:\/\/antoniruiz.com\/wp-content\/uploads\/2026\/04\/WhatsApp-Image-2026-04-28-at-11.21.30-1.jpeg","articleSection":["blog"],"inLanguage":"ca"},{"@type":"WebPage","@id":"https:\/\/antoniruiz.com\/ca\/la-formacio-professional-connectada-amb-la-realitat-empresarial-la-meva-experiencia-al-cipfp-el-canastell-al-costat-de-fermax\/","url":"https:\/\/antoniruiz.com\/ca\/la-formacio-professional-connectada-amb-la-realitat-empresarial-la-meva-experiencia-al-cipfp-el-canastell-al-costat-de-fermax\/","name":"La Formaci\u00f3 Professional connectada amb la realitat empresarial: la meva experi\u00e8ncia al CIPFP El Canastell al costat de FERMAX - Antoni Ruiz","isPartOf":{"@id":"https:\/\/antoniruiz.com\/ca\/#website"},"primaryImageOfPage":{"@id":"https:\/\/antoniruiz.com\/ca\/la-formacio-professional-connectada-amb-la-realitat-empresarial-la-meva-experiencia-al-cipfp-el-canastell-al-costat-de-fermax\/#primaryimage"},"image":{"@id":"https:\/\/antoniruiz.com\/ca\/la-formacio-professional-connectada-amb-la-realitat-empresarial-la-meva-experiencia-al-cipfp-el-canastell-al-costat-de-fermax\/#primaryimage"},"thumbnailUrl":"https:\/\/antoniruiz.com\/wp-content\/uploads\/2026\/04\/WhatsApp-Image-2026-04-28-at-11.21.30-1.jpeg","datePublished":"2026-04-29T09:37:57+00:00","dateModified":"2026-04-29T10:39:38+00:00","breadcrumb":{"@id":"https:\/\/antoniruiz.com\/ca\/la-formacio-professional-connectada-amb-la-realitat-empresarial-la-meva-experiencia-al-cipfp-el-canastell-al-costat-de-fermax\/#breadcrumb"},"inLanguage":"ca","potentialAction":[{"@type":"ReadAction","target":["https:\/\/antoniruiz.com\/ca\/la-formacio-professional-connectada-amb-la-realitat-empresarial-la-meva-experiencia-al-cipfp-el-canastell-al-costat-de-fermax\/"]}]},{"@type":"ImageObject","inLanguage":"ca","@id":"https:\/\/antoniruiz.com\/ca\/la-formacio-professional-connectada-amb-la-realitat-empresarial-la-meva-experiencia-al-cipfp-el-canastell-al-costat-de-fermax\/#primaryimage","url":"https:\/\/antoniruiz.com\/wp-content\/uploads\/2026\/04\/WhatsApp-Image-2026-04-28-at-11.21.30-1.jpeg","contentUrl":"https:\/\/antoniruiz.com\/wp-content\/uploads\/2026\/04\/WhatsApp-Image-2026-04-28-at-11.21.30-1.jpeg","width":1200,"height":1600},{"@type":"BreadcrumbList","@id":"https:\/\/antoniruiz.com\/ca\/la-formacio-professional-connectada-amb-la-realitat-empresarial-la-meva-experiencia-al-cipfp-el-canastell-al-costat-de-fermax\/#breadcrumb","itemListElement":[{"@type":"ListItem","position":1,"name":"Home","item":"https:\/\/antoniruiz.com\/ca\/"},{"@type":"ListItem","position":2,"name":"La Formaci\u00f3 Professional connectada amb la realitat empresarial: la meva experi\u00e8ncia al CIPFP El Canastell al costat de FERMAX"}]},{"@type":"WebSite","@id":"https:\/\/antoniruiz.com\/ca\/#website","url":"https:\/\/antoniruiz.com\/ca\/","name":"Antoni Ruiz","description":"","publisher":{"@id":"https:\/\/antoniruiz.com\/ca\/#organization"},"potentialAction":[{"@type":"SearchAction","target":{"@type":"EntryPoint","urlTemplate":"https:\/\/antoniruiz.com\/ca\/?s={search_term_string}"},"query-input":"required name=search_term_string"}],"inLanguage":"ca"},{"@type":"Organization","@id":"https:\/\/antoniruiz.com\/ca\/#organization","name":"Antoni Ruiz","url":"https:\/\/antoniruiz.com\/ca\/","logo":{"@type":"ImageObject","inLanguage":"ca","@id":"https:\/\/antoniruiz.com\/ca\/#\/schema\/logo\/image\/","url":"https:\/\/antoniruiz.com\/wp-content\/uploads\/2024\/06\/AntoniRuiz_MAIN.png","contentUrl":"https:\/\/antoniruiz.com\/wp-content\/uploads\/2024\/06\/AntoniRuiz_MAIN.png","width":944,"height":675,"caption":"Antoni Ruiz"},"image":{"@id":"https:\/\/antoniruiz.com\/ca\/#\/schema\/logo\/image\/"}},{"@type":"Person","@id":"https:\/\/antoniruiz.com\/ca\/#\/schema\/person\/a8d62eab776c7cf6f6efafa52d0bce62","name":"Antoni Ruiz","image":{"@type":"ImageObject","inLanguage":"ca","@id":"https:\/\/antoniruiz.com\/ca\/#\/schema\/person\/image\/","url":"https:\/\/secure.gravatar.com\/avatar\/7c088e4296c344dd768b0c3ec823a8955c44caecaa1bfc843afc64b88c2d3d64?s=96&d=mm&r=g","contentUrl":"https:\/\/secure.gravatar.com\/avatar\/7c088e4296c344dd768b0c3ec823a8955c44caecaa1bfc843afc64b88c2d3d64?s=96&d=mm&r=g","caption":"Antoni Ruiz"},"url":"https:\/\/antoniruiz.com\/ca\/author\/antoni-ruiz\/"}]}},"_links":{"self":[{"href":"https:\/\/antoniruiz.com\/ca\/wp-json\/wp\/v2\/posts\/24320","targetHints":{"allow":["GET"]}}],"collection":[{"href":"https:\/\/antoniruiz.com\/ca\/wp-json\/wp\/v2\/posts"}],"about":[{"href":"https:\/\/antoniruiz.com\/ca\/wp-json\/wp\/v2\/types\/post"}],"author":[{"embeddable":true,"href":"https:\/\/antoniruiz.com\/ca\/wp-json\/wp\/v2\/users\/3"}],"replies":[{"embeddable":true,"href":"https:\/\/antoniruiz.com\/ca\/wp-json\/wp\/v2\/comments?post=24320"}],"version-history":[{"count":2,"href":"https:\/\/antoniruiz.com\/ca\/wp-json\/wp\/v2\/posts\/24320\/revisions"}],"predecessor-version":[{"id":24326,"href":"https:\/\/antoniruiz.com\/ca\/wp-json\/wp\/v2\/posts\/24320\/revisions\/24326"}],"wp:featuredmedia":[{"embeddable":true,"href":"https:\/\/antoniruiz.com\/ca\/wp-json\/wp\/v2\/media\/24317"}],"wp:attachment":[{"href":"https:\/\/antoniruiz.com\/ca\/wp-json\/wp\/v2\/media?parent=24320"}],"wp:term":[{"taxonomy":"category","embeddable":true,"href":"https:\/\/antoniruiz.com\/ca\/wp-json\/wp\/v2\/categories?post=24320"},{"taxonomy":"post_tag","embeddable":true,"href":"https:\/\/antoniruiz.com\/ca\/wp-json\/wp\/v2\/tags?post=24320"}],"curies":[{"name":"wp","href":"https:\/\/api.w.org\/{rel}","templated":true}]}}