{"id":24290,"date":"2026-04-27T13:59:38","date_gmt":"2026-04-27T13:59:38","guid":{"rendered":"https:\/\/antoniruiz.com\/?p=24290"},"modified":"2026-04-27T14:06:43","modified_gmt":"2026-04-27T14:06:43","slug":"la-formacio-professional-com-a-motor-del-futur-energetic-el-meu-pas-pel-cipfp-el-canastell-a-alacant","status":"publish","type":"post","link":"https:\/\/antoniruiz.com\/ca\/la-formacio-professional-com-a-motor-del-futur-energetic-el-meu-pas-pel-cipfp-el-canastell-a-alacant\/","title":{"rendered":"La Formaci\u00f3 Professional com a motor del futur energ\u00e8tic: el meu pas pel CIPFP El Canastell a Alacant"},"content":{"rendered":"\n<p>La Formaci\u00f3 Professional continua demostrant que no nom\u00e9s \u00e9s una alternativa educativa, sin\u00f3 una aut\u00e8ntica palanca de transformaci\u00f3 econ\u00f2mica, social i tecnol\u00f2gica al nostre pa\u00eds. La meva recent confer\u00e8ncia al CIPFP El Canastell, a Sant Vicent del Raspeig (Alacant), ha estat una prova m\u00e9s del comprom\u00eds real que existeix a la Comunitat Valenciana per impulsar el talent en sectors clau com les energies i els fluids.<\/p>\n\n\n\n<figure class=\"wp-block-image size-large\"><img fetchpriority=\"high\" decoding=\"async\" width=\"1024\" height=\"768\" src=\"https:\/\/antoniruiz.com\/wp-content\/uploads\/2026\/04\/WhatsApp-Image-2026-04-27-at-15.48.10-1024x768.jpeg\" alt=\"\" class=\"wp-image-24272\" srcset=\"https:\/\/antoniruiz.com\/wp-content\/uploads\/2026\/04\/WhatsApp-Image-2026-04-27-at-15.48.10-1024x768.jpeg 1024w, https:\/\/antoniruiz.com\/wp-content\/uploads\/2026\/04\/WhatsApp-Image-2026-04-27-at-15.48.10-300x225.jpeg 300w, https:\/\/antoniruiz.com\/wp-content\/uploads\/2026\/04\/WhatsApp-Image-2026-04-27-at-15.48.10-768x576.jpeg 768w, https:\/\/antoniruiz.com\/wp-content\/uploads\/2026\/04\/WhatsApp-Image-2026-04-27-at-15.48.10-1536x1152.jpeg 1536w, https:\/\/antoniruiz.com\/wp-content\/uploads\/2026\/04\/WhatsApp-Image-2026-04-27-at-15.48.10-1320x990.jpeg 1320w, https:\/\/antoniruiz.com\/wp-content\/uploads\/2026\/04\/WhatsApp-Image-2026-04-27-at-15.48.10.jpeg 1600w\" sizes=\"(max-width: 1024px) 100vw, 1024px\" \/><\/figure>\n\n\n\n<p>Una trobada amb el present\u2026 i el futur del sector<br>Durant aquesta jornada vaig tindre l&#8217;oportunitat de compartir reflexions, experi\u00e8ncies i visi\u00f3 sobre el paper estrat\u00e8gic de la Formaci\u00f3 Professional Dual en el context actual. Ens trobem en un moment decisiu, on la transici\u00f3 energ\u00e8tica, la digitalitzaci\u00f3 i la sostenibilitat exigeixen professionals altament qualificats i connectats amb la realitat empresarial.<\/p>\n\n\n\n<p>En aquest context, centres com El Canastell no nom\u00e9s formen, sin\u00f3 que lideren. Un claustre de m\u00e9s de 200 formadors compromesos amb l&#8217;excel\u00b7l\u00e8ncia educativa \u00e9s sens dubte una garantia de futur.<\/p>\n\n\n\n<p>El suport del sector: el comprom\u00eds de BAXI<br>Vull destacar especialment el suport de BAXI, una companyia que no nom\u00e9s lidera en solucions de climatitzaci\u00f3, sin\u00f3 que tamb\u00e9 aposta fermament per la capacitaci\u00f3 professional del sector.<\/p>\n\n\n\n<p>La seva implicaci\u00f3 demostra que el teixit empresarial \u00e9s conscient que invertir en formaci\u00f3 no \u00e9s una opci\u00f3 sin\u00f3 una necessitat. Apostar pel talent jove i per l&#8217;actualitzaci\u00f3 constant dels professionals \u00e9s clau per fer front als reptes energ\u00e8tics del present i del futur.<\/p>\n\n\n\n<p>Referents que sumen: lideratge i comprom\u00eds amb la FP<br>Aquesta jornada no hauria estat possible sense persones que representen el millor del nostre ecosistema educatiu:<\/p>\n\n\n\n<p>Jos\u00e9 Rubio Jim\u00e9nez, un referent indiscutible a la Formaci\u00f3 Professional ia l&#8217;impuls dels Skills a Espanya. El seu comprom\u00eds amb l&#8217;excel\u00b7l\u00e8ncia i la millora continuada \u00e9s inspirador.<br>Carlos Llorca, director del centre, la visi\u00f3 i lideratge del qual representen tot un equip docent que treballa cada dia per oferir una FP connectada amb la realitat.<\/p>\n\n\n\n<p><br>Tots dos reflecteixen el valor de les persones que hi ha darrere del sistema: professionals compromesos que entenen que leducaci\u00f3 \u00e9s el motor del canvi.<\/p>\n\n\n\n<p>Comunitat Valenciana: territori d&#8217;oportunitats<br>El meu pas per la Comunitat Valenciana reafirma una idea clau: estem davant d&#8217;un territori que creu en la Formaci\u00f3 Professional com a eina estrat\u00e8gica.<\/p>\n\n\n\n<p>La connexi\u00f3 entre centres educatius, empreses i administracions est\u00e0 generant un ecosistema on el talent es pot desenvolupar amb garanties. I aix\u00f2, a sectors com l&#8217;energ\u00e8tic, \u00e9s m\u00e9s necessari que mai.<\/p>\n\n\n\n<p>Construir futur des de l&#8217;FP<br>Si volem avan\u00e7ar cap a un model energ\u00e8tic m\u00e9s sostenible, eficient i digitalitzat, necessitem professionals preparats. I aix\u00f2 comen\u00e7a a les aules, per\u00f2 es consolida amb la col\u00b7laboraci\u00f3 real entre tots els agents.<\/p>\n\n\n\n<p>Jornades com la viscuda al Canastell s\u00f3n molt m\u00e9s que una confer\u00e8ncia: s\u00f3n espais on es construeixen oportunitats, s&#8217;hi alineen visions i s&#8217;impulsa el futur.<\/p>\n\n\n\n<p>Sens dubte, un pas excel\u00b7lent per Alacant i per la Comunitat Valenciana\u2026 i una motivaci\u00f3 m\u00e9s per continuar defensant, amb fets, el valor de la Formaci\u00f3 Professional.<\/p>\n\n\n\n<figure class=\"wp-block-gallery has-nested-images columns-default is-cropped wp-block-gallery-1 is-layout-flex wp-block-gallery-is-layout-flex\">\n<figure class=\"wp-block-image size-large\"><img decoding=\"async\" width=\"950\" height=\"1024\" data-id=\"24287\" src=\"https:\/\/antoniruiz.com\/wp-content\/uploads\/2026\/04\/WhatsApp-Image-2026-04-27-at-15.53.31-950x1024.jpeg\" alt=\"\" class=\"wp-image-24287\" srcset=\"https:\/\/antoniruiz.com\/wp-content\/uploads\/2026\/04\/WhatsApp-Image-2026-04-27-at-15.53.31-950x1024.jpeg 950w, https:\/\/antoniruiz.com\/wp-content\/uploads\/2026\/04\/WhatsApp-Image-2026-04-27-at-15.53.31-278x300.jpeg 278w, https:\/\/antoniruiz.com\/wp-content\/uploads\/2026\/04\/WhatsApp-Image-2026-04-27-at-15.53.31-768x828.jpeg 768w, https:\/\/antoniruiz.com\/wp-content\/uploads\/2026\/04\/WhatsApp-Image-2026-04-27-at-15.53.31-1425x1536.jpeg 1425w, https:\/\/antoniruiz.com\/wp-content\/uploads\/2026\/04\/WhatsApp-Image-2026-04-27-at-15.53.31-1320x1423.jpeg 1320w, https:\/\/antoniruiz.com\/wp-content\/uploads\/2026\/04\/WhatsApp-Image-2026-04-27-at-15.53.31.jpeg 1484w\" sizes=\"(max-width: 950px) 100vw, 950px\" \/><\/figure>\n\n\n\n<figure class=\"wp-block-image size-large\"><img decoding=\"async\" width=\"768\" height=\"1024\" data-id=\"24284\" src=\"https:\/\/antoniruiz.com\/wp-content\/uploads\/2026\/04\/WhatsApp-Image-2026-04-27-at-15.49.37-768x1024.jpeg\" alt=\"\" class=\"wp-image-24284\" srcset=\"https:\/\/antoniruiz.com\/wp-content\/uploads\/2026\/04\/WhatsApp-Image-2026-04-27-at-15.49.37-768x1024.jpeg 768w, https:\/\/antoniruiz.com\/wp-content\/uploads\/2026\/04\/WhatsApp-Image-2026-04-27-at-15.49.37-225x300.jpeg 225w, https:\/\/antoniruiz.com\/wp-content\/uploads\/2026\/04\/WhatsApp-Image-2026-04-27-at-15.49.37-1152x1536.jpeg 1152w, https:\/\/antoniruiz.com\/wp-content\/uploads\/2026\/04\/WhatsApp-Image-2026-04-27-at-15.49.37.jpeg 1200w\" sizes=\"(max-width: 768px) 100vw, 768px\" \/><\/figure>\n\n\n\n<figure class=\"wp-block-image size-large\"><img loading=\"lazy\" decoding=\"async\" width=\"768\" height=\"1024\" data-id=\"24281\" src=\"https:\/\/antoniruiz.com\/wp-content\/uploads\/2026\/04\/WhatsApp-Image-2026-04-27-at-15.48.57-1-768x1024.jpeg\" alt=\"\" class=\"wp-image-24281\" srcset=\"https:\/\/antoniruiz.com\/wp-content\/uploads\/2026\/04\/WhatsApp-Image-2026-04-27-at-15.48.57-1-768x1024.jpeg 768w, https:\/\/antoniruiz.com\/wp-content\/uploads\/2026\/04\/WhatsApp-Image-2026-04-27-at-15.48.57-1-225x300.jpeg 225w, https:\/\/antoniruiz.com\/wp-content\/uploads\/2026\/04\/WhatsApp-Image-2026-04-27-at-15.48.57-1-1152x1536.jpeg 1152w, https:\/\/antoniruiz.com\/wp-content\/uploads\/2026\/04\/WhatsApp-Image-2026-04-27-at-15.48.57-1.jpeg 1200w\" sizes=\"(max-width: 768px) 100vw, 768px\" \/><\/figure>\n\n\n\n<figure class=\"wp-block-image size-large\"><img loading=\"lazy\" decoding=\"async\" width=\"768\" height=\"1024\" data-id=\"24278\" src=\"https:\/\/antoniruiz.com\/wp-content\/uploads\/2026\/04\/WhatsApp-Image-2026-04-27-at-15.48.39-768x1024.jpeg\" alt=\"\" class=\"wp-image-24278\" srcset=\"https:\/\/antoniruiz.com\/wp-content\/uploads\/2026\/04\/WhatsApp-Image-2026-04-27-at-15.48.39-768x1024.jpeg 768w, https:\/\/antoniruiz.com\/wp-content\/uploads\/2026\/04\/WhatsApp-Image-2026-04-27-at-15.48.39-225x300.jpeg 225w, https:\/\/antoniruiz.com\/wp-content\/uploads\/2026\/04\/WhatsApp-Image-2026-04-27-at-15.48.39-1152x1536.jpeg 1152w, https:\/\/antoniruiz.com\/wp-content\/uploads\/2026\/04\/WhatsApp-Image-2026-04-27-at-15.48.39.jpeg 1200w\" sizes=\"(max-width: 768px) 100vw, 768px\" \/><\/figure>\n\n\n\n<figure class=\"wp-block-image size-large\"><img loading=\"lazy\" decoding=\"async\" width=\"1024\" height=\"768\" data-id=\"24275\" src=\"https:\/\/antoniruiz.com\/wp-content\/uploads\/2026\/04\/WhatsApp-Image-2026-04-27-at-15.48.10-1-1024x768.jpeg\" alt=\"\" class=\"wp-image-24275\" srcset=\"https:\/\/antoniruiz.com\/wp-content\/uploads\/2026\/04\/WhatsApp-Image-2026-04-27-at-15.48.10-1-1024x768.jpeg 1024w, https:\/\/antoniruiz.com\/wp-content\/uploads\/2026\/04\/WhatsApp-Image-2026-04-27-at-15.48.10-1-300x225.jpeg 300w, https:\/\/antoniruiz.com\/wp-content\/uploads\/2026\/04\/WhatsApp-Image-2026-04-27-at-15.48.10-1-768x576.jpeg 768w, https:\/\/antoniruiz.com\/wp-content\/uploads\/2026\/04\/WhatsApp-Image-2026-04-27-at-15.48.10-1-1536x1152.jpeg 1536w, https:\/\/antoniruiz.com\/wp-content\/uploads\/2026\/04\/WhatsApp-Image-2026-04-27-at-15.48.10-1-1320x990.jpeg 1320w, https:\/\/antoniruiz.com\/wp-content\/uploads\/2026\/04\/WhatsApp-Image-2026-04-27-at-15.48.10-1.jpeg 1600w\" sizes=\"(max-width: 1024px) 100vw, 1024px\" \/><\/figure>\n<\/figure>\n","protected":false},"excerpt":{"rendered":"<p>La Formaci\u00f3 Professional continua demostrant que no nom\u00e9s \u00e9s una alternativa educativa, sin\u00f3 una aut\u00e8ntica palanca de transformaci\u00f3 econ\u00f2mica, social [&hellip;]<\/p>\n","protected":false},"author":3,"featured_media":24269,"comment_status":"closed","ping_status":"open","sticky":false,"template":"","format":"standard","meta":{"_acf_changed":false,"site-sidebar-layout":"default","site-content-layout":"","ast-site-content-layout":"default","site-content-style":"default","site-sidebar-style":"default","ast-global-header-display":"","ast-banner-title-visibility":"","ast-main-header-display":"","ast-hfb-above-header-display":"","ast-hfb-below-header-display":"","ast-hfb-mobile-header-display":"","site-post-title":"","ast-breadcrumbs-content":"","ast-featured-img":"","footer-sml-layout":"","ast-disable-related-posts":"","theme-transparent-header-meta":"","adv-header-id-meta":"","stick-header-meta":"","header-above-stick-meta":"","header-main-stick-meta":"","header-below-stick-meta":"","astra-migrate-meta-layouts":"default","ast-page-background-enabled":"default","ast-page-background-meta":{"desktop":{"background-color":"var(--ast-global-color-4)","background-image":"","background-repeat":"repeat","background-position":"center center","background-size":"auto","background-attachment":"scroll","background-type":"","background-media":"","overlay-type":"","overlay-color":"","overlay-opacity":"","overlay-gradient":""},"tablet":{"background-color":"","background-image":"","background-repeat":"repeat","background-position":"center center","background-size":"auto","background-attachment":"scroll","background-type":"","background-media":"","overlay-type":"","overlay-color":"","overlay-opacity":"","overlay-gradient":""},"mobile":{"background-color":"","background-image":"","background-repeat":"repeat","background-position":"center center","background-size":"auto","background-attachment":"scroll","background-type":"","background-media":"","overlay-type":"","overlay-color":"","overlay-opacity":"","overlay-gradient":""}},"ast-content-background-meta":{"desktop":{"background-color":"var(--ast-global-color-5)","background-image":"","background-repeat":"repeat","background-position":"center center","background-size":"auto","background-attachment":"scroll","background-type":"","background-media":"","overlay-type":"","overlay-color":"","overlay-opacity":"","overlay-gradient":""},"tablet":{"background-color":"var(--ast-global-color-5)","background-image":"","background-repeat":"repeat","background-position":"center center","background-size":"auto","background-attachment":"scroll","background-type":"","background-media":"","overlay-type":"","overlay-color":"","overlay-opacity":"","overlay-gradient":""},"mobile":{"background-color":"var(--ast-global-color-5)","background-image":"","background-repeat":"repeat","background-position":"center center","background-size":"auto","background-attachment":"scroll","background-type":"","background-media":"","overlay-type":"","overlay-color":"","overlay-opacity":"","overlay-gradient":""}},"footnotes":""},"categories":[33],"tags":[],"class_list":["post-24290","post","type-post","status-publish","format-standard","has-post-thumbnail","hentry","category-blog-ca"],"acf":[],"yoast_head":"<!-- This site is optimized with the Yoast SEO plugin v23.2 - https:\/\/yoast.com\/wordpress\/plugins\/seo\/ -->\n<title>La Formaci\u00f3 Professional com a motor del futur energ\u00e8tic: el meu pas pel CIPFP El Canastell a Alacant - Antoni Ruiz<\/title>\n<meta name=\"robots\" content=\"index, follow, max-snippet:-1, max-image-preview:large, max-video-preview:-1\" \/>\n<link rel=\"canonical\" href=\"https:\/\/antoniruiz.com\/ca\/la-formacio-professional-com-a-motor-del-futur-energetic-el-meu-pas-pel-cipfp-el-canastell-a-alacant\/\" \/>\n<meta property=\"og:locale\" content=\"ca_ES\" \/>\n<meta property=\"og:type\" content=\"article\" \/>\n<meta property=\"og:title\" content=\"La Formaci\u00f3 Professional com a motor del futur energ\u00e8tic: el meu pas pel CIPFP El Canastell a Alacant - Antoni Ruiz\" \/>\n<meta property=\"og:description\" content=\"La Formaci\u00f3 Professional continua demostrant que no nom\u00e9s \u00e9s una alternativa educativa, sin\u00f3 una aut\u00e8ntica palanca de transformaci\u00f3 econ\u00f2mica, social [&hellip;]\" \/>\n<meta property=\"og:url\" content=\"https:\/\/antoniruiz.com\/ca\/la-formacio-professional-com-a-motor-del-futur-energetic-el-meu-pas-pel-cipfp-el-canastell-a-alacant\/\" \/>\n<meta property=\"og:site_name\" content=\"Antoni Ruiz\" \/>\n<meta property=\"article:published_time\" content=\"2026-04-27T13:59:38+00:00\" \/>\n<meta property=\"article:modified_time\" content=\"2026-04-27T14:06:43+00:00\" \/>\n<meta property=\"og:image\" content=\"https:\/\/antoniruiz.com\/wp-content\/uploads\/2026\/04\/WhatsApp-Image-2026-04-27-at-15.48.57.jpeg\" \/>\n\t<meta property=\"og:image:width\" content=\"1200\" \/>\n\t<meta property=\"og:image:height\" content=\"1600\" \/>\n\t<meta property=\"og:image:type\" content=\"image\/jpeg\" \/>\n<meta name=\"author\" content=\"Antoni Ruiz\" \/>\n<meta name=\"twitter:card\" content=\"summary_large_image\" \/>\n<meta name=\"twitter:label1\" content=\"Escrit per\" \/>\n\t<meta name=\"twitter:data1\" content=\"Antoni Ruiz\" \/>\n\t<meta name=\"twitter:label2\" content=\"Temps estimat de lectura\" \/>\n\t<meta name=\"twitter:data2\" content=\"4 minuts\" \/>\n<script type=\"application\/ld+json\" class=\"yoast-schema-graph\">{\"@context\":\"https:\/\/schema.org\",\"@graph\":[{\"@type\":\"Article\",\"@id\":\"https:\/\/antoniruiz.com\/ca\/la-formacio-professional-com-a-motor-del-futur-energetic-el-meu-pas-pel-cipfp-el-canastell-a-alacant\/#article\",\"isPartOf\":{\"@id\":\"https:\/\/antoniruiz.com\/ca\/la-formacio-professional-com-a-motor-del-futur-energetic-el-meu-pas-pel-cipfp-el-canastell-a-alacant\/\"},\"author\":{\"name\":\"Antoni Ruiz\",\"@id\":\"https:\/\/antoniruiz.com\/ca\/#\/schema\/person\/a8d62eab776c7cf6f6efafa52d0bce62\"},\"headline\":\"La Formaci\u00f3 Professional com a motor del futur energ\u00e8tic: el meu pas pel CIPFP El Canastell a Alacant\",\"datePublished\":\"2026-04-27T13:59:38+00:00\",\"dateModified\":\"2026-04-27T14:06:43+00:00\",\"mainEntityOfPage\":{\"@id\":\"https:\/\/antoniruiz.com\/ca\/la-formacio-professional-com-a-motor-del-futur-energetic-el-meu-pas-pel-cipfp-el-canastell-a-alacant\/\"},\"wordCount\":553,\"publisher\":{\"@id\":\"https:\/\/antoniruiz.com\/ca\/#organization\"},\"image\":{\"@id\":\"https:\/\/antoniruiz.com\/ca\/la-formacio-professional-com-a-motor-del-futur-energetic-el-meu-pas-pel-cipfp-el-canastell-a-alacant\/#primaryimage\"},\"thumbnailUrl\":\"https:\/\/antoniruiz.com\/wp-content\/uploads\/2026\/04\/WhatsApp-Image-2026-04-27-at-15.48.57.jpeg\",\"articleSection\":[\"blog\"],\"inLanguage\":\"ca\"},{\"@type\":\"WebPage\",\"@id\":\"https:\/\/antoniruiz.com\/ca\/la-formacio-professional-com-a-motor-del-futur-energetic-el-meu-pas-pel-cipfp-el-canastell-a-alacant\/\",\"url\":\"https:\/\/antoniruiz.com\/ca\/la-formacio-professional-com-a-motor-del-futur-energetic-el-meu-pas-pel-cipfp-el-canastell-a-alacant\/\",\"name\":\"La Formaci\u00f3 Professional com a motor del futur energ\u00e8tic: el meu pas pel CIPFP El Canastell a Alacant - Antoni Ruiz\",\"isPartOf\":{\"@id\":\"https:\/\/antoniruiz.com\/ca\/#website\"},\"primaryImageOfPage\":{\"@id\":\"https:\/\/antoniruiz.com\/ca\/la-formacio-professional-com-a-motor-del-futur-energetic-el-meu-pas-pel-cipfp-el-canastell-a-alacant\/#primaryimage\"},\"image\":{\"@id\":\"https:\/\/antoniruiz.com\/ca\/la-formacio-professional-com-a-motor-del-futur-energetic-el-meu-pas-pel-cipfp-el-canastell-a-alacant\/#primaryimage\"},\"thumbnailUrl\":\"https:\/\/antoniruiz.com\/wp-content\/uploads\/2026\/04\/WhatsApp-Image-2026-04-27-at-15.48.57.jpeg\",\"datePublished\":\"2026-04-27T13:59:38+00:00\",\"dateModified\":\"2026-04-27T14:06:43+00:00\",\"breadcrumb\":{\"@id\":\"https:\/\/antoniruiz.com\/ca\/la-formacio-professional-com-a-motor-del-futur-energetic-el-meu-pas-pel-cipfp-el-canastell-a-alacant\/#breadcrumb\"},\"inLanguage\":\"ca\",\"potentialAction\":[{\"@type\":\"ReadAction\",\"target\":[\"https:\/\/antoniruiz.com\/ca\/la-formacio-professional-com-a-motor-del-futur-energetic-el-meu-pas-pel-cipfp-el-canastell-a-alacant\/\"]}]},{\"@type\":\"ImageObject\",\"inLanguage\":\"ca\",\"@id\":\"https:\/\/antoniruiz.com\/ca\/la-formacio-professional-com-a-motor-del-futur-energetic-el-meu-pas-pel-cipfp-el-canastell-a-alacant\/#primaryimage\",\"url\":\"https:\/\/antoniruiz.com\/wp-content\/uploads\/2026\/04\/WhatsApp-Image-2026-04-27-at-15.48.57.jpeg\",\"contentUrl\":\"https:\/\/antoniruiz.com\/wp-content\/uploads\/2026\/04\/WhatsApp-Image-2026-04-27-at-15.48.57.jpeg\",\"width\":1200,\"height\":1600},{\"@type\":\"BreadcrumbList\",\"@id\":\"https:\/\/antoniruiz.com\/ca\/la-formacio-professional-com-a-motor-del-futur-energetic-el-meu-pas-pel-cipfp-el-canastell-a-alacant\/#breadcrumb\",\"itemListElement\":[{\"@type\":\"ListItem\",\"position\":1,\"name\":\"Home\",\"item\":\"https:\/\/antoniruiz.com\/ca\/\"},{\"@type\":\"ListItem\",\"position\":2,\"name\":\"La Formaci\u00f3 Professional com a motor del futur energ\u00e8tic: el meu pas pel CIPFP El Canastell a Alacant\"}]},{\"@type\":\"WebSite\",\"@id\":\"https:\/\/antoniruiz.com\/ca\/#website\",\"url\":\"https:\/\/antoniruiz.com\/ca\/\",\"name\":\"Antoni Ruiz\",\"description\":\"\",\"publisher\":{\"@id\":\"https:\/\/antoniruiz.com\/ca\/#organization\"},\"potentialAction\":[{\"@type\":\"SearchAction\",\"target\":{\"@type\":\"EntryPoint\",\"urlTemplate\":\"https:\/\/antoniruiz.com\/ca\/?s={search_term_string}\"},\"query-input\":\"required name=search_term_string\"}],\"inLanguage\":\"ca\"},{\"@type\":\"Organization\",\"@id\":\"https:\/\/antoniruiz.com\/ca\/#organization\",\"name\":\"Antoni Ruiz\",\"url\":\"https:\/\/antoniruiz.com\/ca\/\",\"logo\":{\"@type\":\"ImageObject\",\"inLanguage\":\"ca\",\"@id\":\"https:\/\/antoniruiz.com\/ca\/#\/schema\/logo\/image\/\",\"url\":\"https:\/\/antoniruiz.com\/wp-content\/uploads\/2024\/06\/AntoniRuiz_MAIN.png\",\"contentUrl\":\"https:\/\/antoniruiz.com\/wp-content\/uploads\/2024\/06\/AntoniRuiz_MAIN.png\",\"width\":944,\"height\":675,\"caption\":\"Antoni Ruiz\"},\"image\":{\"@id\":\"https:\/\/antoniruiz.com\/ca\/#\/schema\/logo\/image\/\"}},{\"@type\":\"Person\",\"@id\":\"https:\/\/antoniruiz.com\/ca\/#\/schema\/person\/a8d62eab776c7cf6f6efafa52d0bce62\",\"name\":\"Antoni Ruiz\",\"image\":{\"@type\":\"ImageObject\",\"inLanguage\":\"ca\",\"@id\":\"https:\/\/antoniruiz.com\/ca\/#\/schema\/person\/image\/\",\"url\":\"https:\/\/secure.gravatar.com\/avatar\/7c088e4296c344dd768b0c3ec823a8955c44caecaa1bfc843afc64b88c2d3d64?s=96&d=mm&r=g\",\"contentUrl\":\"https:\/\/secure.gravatar.com\/avatar\/7c088e4296c344dd768b0c3ec823a8955c44caecaa1bfc843afc64b88c2d3d64?s=96&d=mm&r=g\",\"caption\":\"Antoni Ruiz\"},\"url\":\"https:\/\/antoniruiz.com\/ca\/author\/antoni-ruiz\/\"}]}<\/script>\n<!-- \/ Yoast SEO plugin. -->","yoast_head_json":{"title":"La Formaci\u00f3 Professional com a motor del futur energ\u00e8tic: el meu pas pel CIPFP El Canastell a Alacant - Antoni Ruiz","robots":{"index":"index","follow":"follow","max-snippet":"max-snippet:-1","max-image-preview":"max-image-preview:large","max-video-preview":"max-video-preview:-1"},"canonical":"https:\/\/antoniruiz.com\/ca\/la-formacio-professional-com-a-motor-del-futur-energetic-el-meu-pas-pel-cipfp-el-canastell-a-alacant\/","og_locale":"ca_ES","og_type":"article","og_title":"La Formaci\u00f3 Professional com a motor del futur energ\u00e8tic: el meu pas pel CIPFP El Canastell a Alacant - Antoni Ruiz","og_description":"La Formaci\u00f3 Professional continua demostrant que no nom\u00e9s \u00e9s una alternativa educativa, sin\u00f3 una aut\u00e8ntica palanca de transformaci\u00f3 econ\u00f2mica, social [&hellip;]","og_url":"https:\/\/antoniruiz.com\/ca\/la-formacio-professional-com-a-motor-del-futur-energetic-el-meu-pas-pel-cipfp-el-canastell-a-alacant\/","og_site_name":"Antoni Ruiz","article_published_time":"2026-04-27T13:59:38+00:00","article_modified_time":"2026-04-27T14:06:43+00:00","og_image":[{"width":1200,"height":1600,"url":"https:\/\/antoniruiz.com\/wp-content\/uploads\/2026\/04\/WhatsApp-Image-2026-04-27-at-15.48.57.jpeg","type":"image\/jpeg"}],"author":"Antoni Ruiz","twitter_card":"summary_large_image","twitter_misc":{"Escrit per":"Antoni Ruiz","Temps estimat de lectura":"4 minuts"},"schema":{"@context":"https:\/\/schema.org","@graph":[{"@type":"Article","@id":"https:\/\/antoniruiz.com\/ca\/la-formacio-professional-com-a-motor-del-futur-energetic-el-meu-pas-pel-cipfp-el-canastell-a-alacant\/#article","isPartOf":{"@id":"https:\/\/antoniruiz.com\/ca\/la-formacio-professional-com-a-motor-del-futur-energetic-el-meu-pas-pel-cipfp-el-canastell-a-alacant\/"},"author":{"name":"Antoni Ruiz","@id":"https:\/\/antoniruiz.com\/ca\/#\/schema\/person\/a8d62eab776c7cf6f6efafa52d0bce62"},"headline":"La Formaci\u00f3 Professional com a motor del futur energ\u00e8tic: el meu pas pel CIPFP El Canastell a Alacant","datePublished":"2026-04-27T13:59:38+00:00","dateModified":"2026-04-27T14:06:43+00:00","mainEntityOfPage":{"@id":"https:\/\/antoniruiz.com\/ca\/la-formacio-professional-com-a-motor-del-futur-energetic-el-meu-pas-pel-cipfp-el-canastell-a-alacant\/"},"wordCount":553,"publisher":{"@id":"https:\/\/antoniruiz.com\/ca\/#organization"},"image":{"@id":"https:\/\/antoniruiz.com\/ca\/la-formacio-professional-com-a-motor-del-futur-energetic-el-meu-pas-pel-cipfp-el-canastell-a-alacant\/#primaryimage"},"thumbnailUrl":"https:\/\/antoniruiz.com\/wp-content\/uploads\/2026\/04\/WhatsApp-Image-2026-04-27-at-15.48.57.jpeg","articleSection":["blog"],"inLanguage":"ca"},{"@type":"WebPage","@id":"https:\/\/antoniruiz.com\/ca\/la-formacio-professional-com-a-motor-del-futur-energetic-el-meu-pas-pel-cipfp-el-canastell-a-alacant\/","url":"https:\/\/antoniruiz.com\/ca\/la-formacio-professional-com-a-motor-del-futur-energetic-el-meu-pas-pel-cipfp-el-canastell-a-alacant\/","name":"La Formaci\u00f3 Professional com a motor del futur energ\u00e8tic: el meu pas pel CIPFP El Canastell a Alacant - Antoni Ruiz","isPartOf":{"@id":"https:\/\/antoniruiz.com\/ca\/#website"},"primaryImageOfPage":{"@id":"https:\/\/antoniruiz.com\/ca\/la-formacio-professional-com-a-motor-del-futur-energetic-el-meu-pas-pel-cipfp-el-canastell-a-alacant\/#primaryimage"},"image":{"@id":"https:\/\/antoniruiz.com\/ca\/la-formacio-professional-com-a-motor-del-futur-energetic-el-meu-pas-pel-cipfp-el-canastell-a-alacant\/#primaryimage"},"thumbnailUrl":"https:\/\/antoniruiz.com\/wp-content\/uploads\/2026\/04\/WhatsApp-Image-2026-04-27-at-15.48.57.jpeg","datePublished":"2026-04-27T13:59:38+00:00","dateModified":"2026-04-27T14:06:43+00:00","breadcrumb":{"@id":"https:\/\/antoniruiz.com\/ca\/la-formacio-professional-com-a-motor-del-futur-energetic-el-meu-pas-pel-cipfp-el-canastell-a-alacant\/#breadcrumb"},"inLanguage":"ca","potentialAction":[{"@type":"ReadAction","target":["https:\/\/antoniruiz.com\/ca\/la-formacio-professional-com-a-motor-del-futur-energetic-el-meu-pas-pel-cipfp-el-canastell-a-alacant\/"]}]},{"@type":"ImageObject","inLanguage":"ca","@id":"https:\/\/antoniruiz.com\/ca\/la-formacio-professional-com-a-motor-del-futur-energetic-el-meu-pas-pel-cipfp-el-canastell-a-alacant\/#primaryimage","url":"https:\/\/antoniruiz.com\/wp-content\/uploads\/2026\/04\/WhatsApp-Image-2026-04-27-at-15.48.57.jpeg","contentUrl":"https:\/\/antoniruiz.com\/wp-content\/uploads\/2026\/04\/WhatsApp-Image-2026-04-27-at-15.48.57.jpeg","width":1200,"height":1600},{"@type":"BreadcrumbList","@id":"https:\/\/antoniruiz.com\/ca\/la-formacio-professional-com-a-motor-del-futur-energetic-el-meu-pas-pel-cipfp-el-canastell-a-alacant\/#breadcrumb","itemListElement":[{"@type":"ListItem","position":1,"name":"Home","item":"https:\/\/antoniruiz.com\/ca\/"},{"@type":"ListItem","position":2,"name":"La Formaci\u00f3 Professional com a motor del futur energ\u00e8tic: el meu pas pel CIPFP El Canastell a Alacant"}]},{"@type":"WebSite","@id":"https:\/\/antoniruiz.com\/ca\/#website","url":"https:\/\/antoniruiz.com\/ca\/","name":"Antoni Ruiz","description":"","publisher":{"@id":"https:\/\/antoniruiz.com\/ca\/#organization"},"potentialAction":[{"@type":"SearchAction","target":{"@type":"EntryPoint","urlTemplate":"https:\/\/antoniruiz.com\/ca\/?s={search_term_string}"},"query-input":"required name=search_term_string"}],"inLanguage":"ca"},{"@type":"Organization","@id":"https:\/\/antoniruiz.com\/ca\/#organization","name":"Antoni Ruiz","url":"https:\/\/antoniruiz.com\/ca\/","logo":{"@type":"ImageObject","inLanguage":"ca","@id":"https:\/\/antoniruiz.com\/ca\/#\/schema\/logo\/image\/","url":"https:\/\/antoniruiz.com\/wp-content\/uploads\/2024\/06\/AntoniRuiz_MAIN.png","contentUrl":"https:\/\/antoniruiz.com\/wp-content\/uploads\/2024\/06\/AntoniRuiz_MAIN.png","width":944,"height":675,"caption":"Antoni Ruiz"},"image":{"@id":"https:\/\/antoniruiz.com\/ca\/#\/schema\/logo\/image\/"}},{"@type":"Person","@id":"https:\/\/antoniruiz.com\/ca\/#\/schema\/person\/a8d62eab776c7cf6f6efafa52d0bce62","name":"Antoni Ruiz","image":{"@type":"ImageObject","inLanguage":"ca","@id":"https:\/\/antoniruiz.com\/ca\/#\/schema\/person\/image\/","url":"https:\/\/secure.gravatar.com\/avatar\/7c088e4296c344dd768b0c3ec823a8955c44caecaa1bfc843afc64b88c2d3d64?s=96&d=mm&r=g","contentUrl":"https:\/\/secure.gravatar.com\/avatar\/7c088e4296c344dd768b0c3ec823a8955c44caecaa1bfc843afc64b88c2d3d64?s=96&d=mm&r=g","caption":"Antoni Ruiz"},"url":"https:\/\/antoniruiz.com\/ca\/author\/antoni-ruiz\/"}]}},"_links":{"self":[{"href":"https:\/\/antoniruiz.com\/ca\/wp-json\/wp\/v2\/posts\/24290","targetHints":{"allow":["GET"]}}],"collection":[{"href":"https:\/\/antoniruiz.com\/ca\/wp-json\/wp\/v2\/posts"}],"about":[{"href":"https:\/\/antoniruiz.com\/ca\/wp-json\/wp\/v2\/types\/post"}],"author":[{"embeddable":true,"href":"https:\/\/antoniruiz.com\/ca\/wp-json\/wp\/v2\/users\/3"}],"replies":[{"embeddable":true,"href":"https:\/\/antoniruiz.com\/ca\/wp-json\/wp\/v2\/comments?post=24290"}],"version-history":[{"count":1,"href":"https:\/\/antoniruiz.com\/ca\/wp-json\/wp\/v2\/posts\/24290\/revisions"}],"predecessor-version":[{"id":24291,"href":"https:\/\/antoniruiz.com\/ca\/wp-json\/wp\/v2\/posts\/24290\/revisions\/24291"}],"wp:featuredmedia":[{"embeddable":true,"href":"https:\/\/antoniruiz.com\/ca\/wp-json\/wp\/v2\/media\/24269"}],"wp:attachment":[{"href":"https:\/\/antoniruiz.com\/ca\/wp-json\/wp\/v2\/media?parent=24290"}],"wp:term":[{"taxonomy":"category","embeddable":true,"href":"https:\/\/antoniruiz.com\/ca\/wp-json\/wp\/v2\/categories?post=24290"},{"taxonomy":"post_tag","embeddable":true,"href":"https:\/\/antoniruiz.com\/ca\/wp-json\/wp\/v2\/tags?post=24290"}],"curies":[{"name":"wp","href":"https:\/\/api.w.org\/{rel}","templated":true}]}}