{"id":24223,"date":"2026-04-24T06:26:07","date_gmt":"2026-04-24T06:26:07","guid":{"rendered":"https:\/\/antoniruiz.com\/?p=24223"},"modified":"2026-04-24T06:31:54","modified_gmt":"2026-04-24T06:31:54","slug":"innovaprofes-2026-formar-els-qui-formen-la-clau-per-a-una-fp-dexcellencia-a-europa","status":"publish","type":"post","link":"https:\/\/antoniruiz.com\/ca\/innovaprofes-2026-formar-els-qui-formen-la-clau-per-a-una-fp-dexcellencia-a-europa\/","title":{"rendered":"Innovaprofes 2026: formar els qui formen, la clau per a una FP d&#8217;excel\u00b7l\u00e8ncia a Europa"},"content":{"rendered":"\n<p>La recent edici\u00f3 d&#8217;Innovaprofes 2026, celebrada a M\u00e0laga, ha tornat a demostrar que la formaci\u00f3 professional viu un moment decisiu.<\/p>\n\n\n\n<p>He tingut l&#8217;oportunitat de participar activament en aquesta trobada juntament amb m\u00e9s de 200 formadors de tot Espanya. Una experi\u00e8ncia que, una vegada m\u00e9s, reafirma alguna cosa en all\u00f2 que crec profundament: la formaci\u00f3 cont\u00ednua no \u00e9s una opci\u00f3, \u00e9s una necessitat.<\/p>\n\n\n\n<figure class=\"wp-block-image size-large\"><img fetchpriority=\"high\" decoding=\"async\" width=\"1024\" height=\"768\" src=\"https:\/\/antoniruiz.com\/wp-content\/uploads\/2026\/04\/WhatsApp-Image-2026-04-24-at-08.17.54-2-2-1024x768.jpeg\" alt=\"\" class=\"wp-image-24224\" srcset=\"https:\/\/antoniruiz.com\/wp-content\/uploads\/2026\/04\/WhatsApp-Image-2026-04-24-at-08.17.54-2-2-1024x768.jpeg 1024w, https:\/\/antoniruiz.com\/wp-content\/uploads\/2026\/04\/WhatsApp-Image-2026-04-24-at-08.17.54-2-2-300x225.jpeg 300w, https:\/\/antoniruiz.com\/wp-content\/uploads\/2026\/04\/WhatsApp-Image-2026-04-24-at-08.17.54-2-2-768x576.jpeg 768w, https:\/\/antoniruiz.com\/wp-content\/uploads\/2026\/04\/WhatsApp-Image-2026-04-24-at-08.17.54-2-2-1536x1152.jpeg 1536w, https:\/\/antoniruiz.com\/wp-content\/uploads\/2026\/04\/WhatsApp-Image-2026-04-24-at-08.17.54-2-2-1320x990.jpeg 1320w, https:\/\/antoniruiz.com\/wp-content\/uploads\/2026\/04\/WhatsApp-Image-2026-04-24-at-08.17.54-2-2.jpeg 1600w\" sizes=\"(max-width: 1024px) 100vw, 1024px\" \/><\/figure>\n\n\n\n<p>Al llarg de la meva traject\u00f2ria, aprendre ha estat una constant. Per\u00f2 en un context com l&#8217;actual, marcat per canvis r\u00e0pids, tecnol\u00f2gics i socials, encara hi ha alguna cosa m\u00e9s important:<br>\ud83d\udc49 la formaci\u00f3 dels formadors<\/p>\n\n\n\n<p>Perqu\u00e8 s\u00f3n ells els qui tenen la responsabilitat de preparar les noves generacions per a un m\u00f3n que evoluciona a gran velocitat.<\/p>\n\n\n\n<p>Innovaprofes no \u00e9s nom\u00e9s un congr\u00e9s. \u00c9s un espai on:<\/p>\n\n\n\n<p>Es comparteixen metodologies innovadores<br>Es descobreixen eines actuals aplicades a la FP<br>Es generen sin\u00e8rgies reals entre professionals<br>I, sobretot, es construeix comunitat<br>Durant aquests dies he pogut con\u00e8ixer noves maneres d&#8217;ensenyar, noves perspectives i noves solucions que ja estan transformant les aules a tot Espanya.<\/p>\n\n\n\n<p>Per\u00f2 si alguna cosa m&#8217;emporto especialment aquesta experi\u00e8ncia \u00e9s la convicci\u00f3 que nom\u00e9s a trav\u00e9s de la col\u00b7laboraci\u00f3 i l&#8217;actualitzaci\u00f3 constant podrem impulsar una Formaci\u00f3 Professional d&#8217;excel\u00b7l\u00e8ncia.<\/p>\n\n\n\n<p>Una FP que no nom\u00e9s respongui a les necessitats del mercat laboral, sin\u00f3 que lideri el canvi que la societat europea demana.<\/p>\n\n\n\n<p>Continuem avan\u00e7ant. Continuem construint.<br>Perqu\u00e8 el futur de la FP\u2026 comen\u00e7a avui.<\/p>\n\n\n\n<figure class=\"wp-block-gallery has-nested-images columns-default is-cropped wp-block-gallery-1 is-layout-flex wp-block-gallery-is-layout-flex\">\n<figure class=\"wp-block-image size-large\"><img decoding=\"async\" width=\"768\" height=\"1024\" data-id=\"24198\" src=\"https:\/\/antoniruiz.com\/wp-content\/uploads\/2026\/04\/WhatsApp-Image-2026-04-24-at-08.17.51-768x1024.jpeg\" alt=\"\" class=\"wp-image-24198\" srcset=\"https:\/\/antoniruiz.com\/wp-content\/uploads\/2026\/04\/WhatsApp-Image-2026-04-24-at-08.17.51-768x1023.jpeg 768w, https:\/\/antoniruiz.com\/wp-content\/uploads\/2026\/04\/WhatsApp-Image-2026-04-24-at-08.17.51-225x300.jpeg 225w, https:\/\/antoniruiz.com\/wp-content\/uploads\/2026\/04\/WhatsApp-Image-2026-04-24-at-08.17.51-1153x1536.jpeg 1153w, https:\/\/antoniruiz.com\/wp-content\/uploads\/2026\/04\/WhatsApp-Image-2026-04-24-at-08.17.51.jpeg 1200w\" sizes=\"(max-width: 768px) 100vw, 768px\" \/><\/figure>\n\n\n\n<figure class=\"wp-block-image size-large\"><img decoding=\"async\" width=\"1024\" height=\"768\" data-id=\"24219\" src=\"https:\/\/antoniruiz.com\/wp-content\/uploads\/2026\/04\/WhatsApp-Image-2026-04-24-at-08.24.12-1024x768.jpeg\" alt=\"\" class=\"wp-image-24219\" srcset=\"https:\/\/antoniruiz.com\/wp-content\/uploads\/2026\/04\/WhatsApp-Image-2026-04-24-at-08.24.12-1024x768.jpeg 1024w, https:\/\/antoniruiz.com\/wp-content\/uploads\/2026\/04\/WhatsApp-Image-2026-04-24-at-08.24.12-300x225.jpeg 300w, https:\/\/antoniruiz.com\/wp-content\/uploads\/2026\/04\/WhatsApp-Image-2026-04-24-at-08.24.12-768x576.jpeg 768w, https:\/\/antoniruiz.com\/wp-content\/uploads\/2026\/04\/WhatsApp-Image-2026-04-24-at-08.24.12-1536x1152.jpeg 1536w, https:\/\/antoniruiz.com\/wp-content\/uploads\/2026\/04\/WhatsApp-Image-2026-04-24-at-08.24.12-1320x990.jpeg 1320w, https:\/\/antoniruiz.com\/wp-content\/uploads\/2026\/04\/WhatsApp-Image-2026-04-24-at-08.24.12.jpeg 1600w\" sizes=\"(max-width: 1024px) 100vw, 1024px\" \/><\/figure>\n\n\n\n<figure class=\"wp-block-image size-large\"><img loading=\"lazy\" decoding=\"async\" width=\"768\" height=\"1024\" data-id=\"24189\" src=\"https:\/\/antoniruiz.com\/wp-content\/uploads\/2026\/04\/WhatsApp-Image-2026-04-24-at-08.17.53-3-768x1024.jpeg\" alt=\"\" class=\"wp-image-24189\" srcset=\"https:\/\/antoniruiz.com\/wp-content\/uploads\/2026\/04\/WhatsApp-Image-2026-04-24-at-08.17.53-3-768x1024.jpeg 768w, https:\/\/antoniruiz.com\/wp-content\/uploads\/2026\/04\/WhatsApp-Image-2026-04-24-at-08.17.53-3-225x300.jpeg 225w, https:\/\/antoniruiz.com\/wp-content\/uploads\/2026\/04\/WhatsApp-Image-2026-04-24-at-08.17.53-3-1152x1536.jpeg 1152w, https:\/\/antoniruiz.com\/wp-content\/uploads\/2026\/04\/WhatsApp-Image-2026-04-24-at-08.17.53-3.jpeg 1200w\" sizes=\"(max-width: 768px) 100vw, 768px\" \/><\/figure>\n\n\n\n<figure class=\"wp-block-image size-large\"><img loading=\"lazy\" decoding=\"async\" width=\"1024\" height=\"768\" data-id=\"24186\" src=\"https:\/\/antoniruiz.com\/wp-content\/uploads\/2026\/04\/WhatsApp-Image-2026-04-24-at-08.17.54-2-1024x768.jpeg\" alt=\"\" class=\"wp-image-24186\" srcset=\"https:\/\/antoniruiz.com\/wp-content\/uploads\/2026\/04\/WhatsApp-Image-2026-04-24-at-08.17.54-2-1024x768.jpeg 1024w, https:\/\/antoniruiz.com\/wp-content\/uploads\/2026\/04\/WhatsApp-Image-2026-04-24-at-08.17.54-2-300x225.jpeg 300w, https:\/\/antoniruiz.com\/wp-content\/uploads\/2026\/04\/WhatsApp-Image-2026-04-24-at-08.17.54-2-768x576.jpeg 768w, https:\/\/antoniruiz.com\/wp-content\/uploads\/2026\/04\/WhatsApp-Image-2026-04-24-at-08.17.54-2-1536x1152.jpeg 1536w, https:\/\/antoniruiz.com\/wp-content\/uploads\/2026\/04\/WhatsApp-Image-2026-04-24-at-08.17.54-2-1320x990.jpeg 1320w, https:\/\/antoniruiz.com\/wp-content\/uploads\/2026\/04\/WhatsApp-Image-2026-04-24-at-08.17.54-2.jpeg 1600w\" sizes=\"(max-width: 1024px) 100vw, 1024px\" \/><\/figure>\n\n\n\n<figure class=\"wp-block-image size-large\"><img loading=\"lazy\" decoding=\"async\" width=\"1024\" height=\"768\" data-id=\"24195\" src=\"https:\/\/antoniruiz.com\/wp-content\/uploads\/2026\/04\/WhatsApp-Image-2026-04-24-at-08.17.54-1024x768.jpeg\" alt=\"\" class=\"wp-image-24195\" srcset=\"https:\/\/antoniruiz.com\/wp-content\/uploads\/2026\/04\/WhatsApp-Image-2026-04-24-at-08.17.54-1024x768.jpeg 1024w, https:\/\/antoniruiz.com\/wp-content\/uploads\/2026\/04\/WhatsApp-Image-2026-04-24-at-08.17.54-300x225.jpeg 300w, https:\/\/antoniruiz.com\/wp-content\/uploads\/2026\/04\/WhatsApp-Image-2026-04-24-at-08.17.54-768x576.jpeg 768w, https:\/\/antoniruiz.com\/wp-content\/uploads\/2026\/04\/WhatsApp-Image-2026-04-24-at-08.17.54-1536x1152.jpeg 1536w, https:\/\/antoniruiz.com\/wp-content\/uploads\/2026\/04\/WhatsApp-Image-2026-04-24-at-08.17.54-1320x990.jpeg 1320w, https:\/\/antoniruiz.com\/wp-content\/uploads\/2026\/04\/WhatsApp-Image-2026-04-24-at-08.17.54.jpeg 1600w\" sizes=\"(max-width: 1024px) 100vw, 1024px\" \/><\/figure>\n\n\n\n<figure class=\"wp-block-image size-large\"><img loading=\"lazy\" decoding=\"async\" width=\"768\" height=\"1024\" data-id=\"24205\" src=\"https:\/\/antoniruiz.com\/wp-content\/uploads\/2026\/04\/WhatsApp-Image-2026-04-24-at-08.17.53-2-768x1024.jpeg\" alt=\"\" class=\"wp-image-24205\" srcset=\"https:\/\/antoniruiz.com\/wp-content\/uploads\/2026\/04\/WhatsApp-Image-2026-04-24-at-08.17.53-2-768x1024.jpeg 768w, https:\/\/antoniruiz.com\/wp-content\/uploads\/2026\/04\/WhatsApp-Image-2026-04-24-at-08.17.53-2-225x300.jpeg 225w, https:\/\/antoniruiz.com\/wp-content\/uploads\/2026\/04\/WhatsApp-Image-2026-04-24-at-08.17.53-2-1152x1536.jpeg 1152w, https:\/\/antoniruiz.com\/wp-content\/uploads\/2026\/04\/WhatsApp-Image-2026-04-24-at-08.17.53-2-1320x1760.jpeg 1320w, https:\/\/antoniruiz.com\/wp-content\/uploads\/2026\/04\/WhatsApp-Image-2026-04-24-at-08.17.53-2.jpeg 1512w\" sizes=\"(max-width: 768px) 100vw, 768px\" \/><\/figure>\n\n\n\n<figure class=\"wp-block-image size-large\"><img loading=\"lazy\" decoding=\"async\" width=\"1024\" height=\"768\" data-id=\"24206\" src=\"https:\/\/antoniruiz.com\/wp-content\/uploads\/2026\/04\/WhatsApp-Image-2026-04-24-at-08.17.53-1-1024x768.jpeg\" alt=\"\" class=\"wp-image-24206\" srcset=\"https:\/\/antoniruiz.com\/wp-content\/uploads\/2026\/04\/WhatsApp-Image-2026-04-24-at-08.17.53-1-1024x768.jpeg 1024w, https:\/\/antoniruiz.com\/wp-content\/uploads\/2026\/04\/WhatsApp-Image-2026-04-24-at-08.17.53-1-300x225.jpeg 300w, https:\/\/antoniruiz.com\/wp-content\/uploads\/2026\/04\/WhatsApp-Image-2026-04-24-at-08.17.53-1-768x576.jpeg 768w, https:\/\/antoniruiz.com\/wp-content\/uploads\/2026\/04\/WhatsApp-Image-2026-04-24-at-08.17.53-1-1536x1152.jpeg 1536w, https:\/\/antoniruiz.com\/wp-content\/uploads\/2026\/04\/WhatsApp-Image-2026-04-24-at-08.17.53-1-1320x990.jpeg 1320w, https:\/\/antoniruiz.com\/wp-content\/uploads\/2026\/04\/WhatsApp-Image-2026-04-24-at-08.17.53-1.jpeg 1600w\" sizes=\"(max-width: 1024px) 100vw, 1024px\" \/><\/figure>\n\n\n\n<figure class=\"wp-block-image size-large\"><img loading=\"lazy\" decoding=\"async\" width=\"768\" height=\"1024\" data-id=\"24210\" src=\"https:\/\/antoniruiz.com\/wp-content\/uploads\/2026\/04\/WhatsApp-Image-2026-04-24-at-08.17.53-768x1024.jpeg\" alt=\"\" class=\"wp-image-24210\" srcset=\"https:\/\/antoniruiz.com\/wp-content\/uploads\/2026\/04\/WhatsApp-Image-2026-04-24-at-08.17.53-768x1024.jpeg 768w, https:\/\/antoniruiz.com\/wp-content\/uploads\/2026\/04\/WhatsApp-Image-2026-04-24-at-08.17.53-225x300.jpeg 225w, https:\/\/antoniruiz.com\/wp-content\/uploads\/2026\/04\/WhatsApp-Image-2026-04-24-at-08.17.53-1152x1536.jpeg 1152w, https:\/\/antoniruiz.com\/wp-content\/uploads\/2026\/04\/WhatsApp-Image-2026-04-24-at-08.17.53.jpeg 1200w\" sizes=\"(max-width: 768px) 100vw, 768px\" \/><\/figure>\n\n\n\n<figure class=\"wp-block-image size-large\"><img loading=\"lazy\" decoding=\"async\" width=\"768\" height=\"1024\" data-id=\"24213\" src=\"https:\/\/antoniruiz.com\/wp-content\/uploads\/2026\/04\/WhatsApp-Image-2026-04-24-at-08.17.54-1-768x1024.jpeg\" alt=\"\" class=\"wp-image-24213\" srcset=\"https:\/\/antoniruiz.com\/wp-content\/uploads\/2026\/04\/WhatsApp-Image-2026-04-24-at-08.17.54-1-768x1024.jpeg 768w, https:\/\/antoniruiz.com\/wp-content\/uploads\/2026\/04\/WhatsApp-Image-2026-04-24-at-08.17.54-1-225x300.jpeg 225w, https:\/\/antoniruiz.com\/wp-content\/uploads\/2026\/04\/WhatsApp-Image-2026-04-24-at-08.17.54-1-1152x1536.jpeg 1152w, https:\/\/antoniruiz.com\/wp-content\/uploads\/2026\/04\/WhatsApp-Image-2026-04-24-at-08.17.54-1-1320x1760.jpeg 1320w, https:\/\/antoniruiz.com\/wp-content\/uploads\/2026\/04\/WhatsApp-Image-2026-04-24-at-08.17.54-1.jpeg 1512w\" sizes=\"(max-width: 768px) 100vw, 768px\" \/><\/figure>\n<\/figure>\n","protected":false},"excerpt":{"rendered":"<p>La recent edici\u00f3 d&#8217;Innovaprofes 2026, celebrada a M\u00e0laga, ha tornat a demostrar que la formaci\u00f3 professional viu un moment decisiu. [&hellip;]<\/p>\n","protected":false},"author":3,"featured_media":24183,"comment_status":"closed","ping_status":"open","sticky":false,"template":"","format":"standard","meta":{"_acf_changed":false,"site-sidebar-layout":"default","site-content-layout":"","ast-site-content-layout":"default","site-content-style":"default","site-sidebar-style":"default","ast-global-header-display":"","ast-banner-title-visibility":"","ast-main-header-display":"","ast-hfb-above-header-display":"","ast-hfb-below-header-display":"","ast-hfb-mobile-header-display":"","site-post-title":"","ast-breadcrumbs-content":"","ast-featured-img":"","footer-sml-layout":"","ast-disable-related-posts":"","theme-transparent-header-meta":"","adv-header-id-meta":"","stick-header-meta":"","header-above-stick-meta":"","header-main-stick-meta":"","header-below-stick-meta":"","astra-migrate-meta-layouts":"default","ast-page-background-enabled":"default","ast-page-background-meta":{"desktop":{"background-color":"var(--ast-global-color-4)","background-image":"","background-repeat":"repeat","background-position":"center center","background-size":"auto","background-attachment":"scroll","background-type":"","background-media":"","overlay-type":"","overlay-color":"","overlay-opacity":"","overlay-gradient":""},"tablet":{"background-color":"","background-image":"","background-repeat":"repeat","background-position":"center center","background-size":"auto","background-attachment":"scroll","background-type":"","background-media":"","overlay-type":"","overlay-color":"","overlay-opacity":"","overlay-gradient":""},"mobile":{"background-color":"","background-image":"","background-repeat":"repeat","background-position":"center center","background-size":"auto","background-attachment":"scroll","background-type":"","background-media":"","overlay-type":"","overlay-color":"","overlay-opacity":"","overlay-gradient":""}},"ast-content-background-meta":{"desktop":{"background-color":"var(--ast-global-color-5)","background-image":"","background-repeat":"repeat","background-position":"center center","background-size":"auto","background-attachment":"scroll","background-type":"","background-media":"","overlay-type":"","overlay-color":"","overlay-opacity":"","overlay-gradient":""},"tablet":{"background-color":"var(--ast-global-color-5)","background-image":"","background-repeat":"repeat","background-position":"center center","background-size":"auto","background-attachment":"scroll","background-type":"","background-media":"","overlay-type":"","overlay-color":"","overlay-opacity":"","overlay-gradient":""},"mobile":{"background-color":"var(--ast-global-color-5)","background-image":"","background-repeat":"repeat","background-position":"center center","background-size":"auto","background-attachment":"scroll","background-type":"","background-media":"","overlay-type":"","overlay-color":"","overlay-opacity":"","overlay-gradient":""}},"footnotes":""},"categories":[33],"tags":[],"class_list":["post-24223","post","type-post","status-publish","format-standard","has-post-thumbnail","hentry","category-blog-ca"],"acf":[],"yoast_head":"<!-- This site is optimized with the Yoast SEO plugin v23.2 - https:\/\/yoast.com\/wordpress\/plugins\/seo\/ -->\n<title>Innovaprofes 2026: formar els qui formen, la clau per a una FP d&#039;excel\u00b7l\u00e8ncia a Europa - Antoni Ruiz<\/title>\n<meta name=\"robots\" content=\"index, follow, max-snippet:-1, max-image-preview:large, max-video-preview:-1\" \/>\n<link rel=\"canonical\" href=\"https:\/\/antoniruiz.com\/ca\/innovaprofes-2026-formar-els-qui-formen-la-clau-per-a-una-fp-dexcellencia-a-europa\/\" \/>\n<meta property=\"og:locale\" content=\"ca_ES\" \/>\n<meta property=\"og:type\" content=\"article\" \/>\n<meta property=\"og:title\" content=\"Innovaprofes 2026: formar els qui formen, la clau per a una FP d&#039;excel\u00b7l\u00e8ncia a Europa - Antoni Ruiz\" \/>\n<meta property=\"og:description\" content=\"La recent edici\u00f3 d&#8217;Innovaprofes 2026, celebrada a M\u00e0laga, ha tornat a demostrar que la formaci\u00f3 professional viu un moment decisiu. [&hellip;]\" \/>\n<meta property=\"og:url\" content=\"https:\/\/antoniruiz.com\/ca\/innovaprofes-2026-formar-els-qui-formen-la-clau-per-a-una-fp-dexcellencia-a-europa\/\" \/>\n<meta property=\"og:site_name\" content=\"Antoni Ruiz\" \/>\n<meta property=\"article:published_time\" content=\"2026-04-24T06:26:07+00:00\" \/>\n<meta property=\"article:modified_time\" content=\"2026-04-24T06:31:54+00:00\" \/>\n<meta property=\"og:image\" content=\"https:\/\/antoniruiz.com\/wp-content\/uploads\/2026\/04\/WhatsApp-Image-2026-04-24-at-08.18.59.jpeg\" \/>\n\t<meta property=\"og:image:width\" content=\"1535\" \/>\n\t<meta property=\"og:image:height\" content=\"2048\" \/>\n\t<meta property=\"og:image:type\" content=\"image\/jpeg\" \/>\n<meta name=\"author\" content=\"Antoni Ruiz\" \/>\n<meta name=\"twitter:card\" content=\"summary_large_image\" \/>\n<meta name=\"twitter:label1\" content=\"Escrit per\" \/>\n\t<meta name=\"twitter:data1\" content=\"Antoni Ruiz\" \/>\n\t<meta name=\"twitter:label2\" content=\"Temps estimat de lectura\" \/>\n\t<meta name=\"twitter:data2\" content=\"4 minuts\" \/>\n<script type=\"application\/ld+json\" class=\"yoast-schema-graph\">{\"@context\":\"https:\/\/schema.org\",\"@graph\":[{\"@type\":\"Article\",\"@id\":\"https:\/\/antoniruiz.com\/ca\/innovaprofes-2026-formar-els-qui-formen-la-clau-per-a-una-fp-dexcellencia-a-europa\/#article\",\"isPartOf\":{\"@id\":\"https:\/\/antoniruiz.com\/ca\/innovaprofes-2026-formar-els-qui-formen-la-clau-per-a-una-fp-dexcellencia-a-europa\/\"},\"author\":{\"name\":\"Antoni Ruiz\",\"@id\":\"https:\/\/antoniruiz.com\/ca\/#\/schema\/person\/a8d62eab776c7cf6f6efafa52d0bce62\"},\"headline\":\"Innovaprofes 2026: formar els qui formen, la clau per a una FP d&#8217;excel\u00b7l\u00e8ncia a Europa\",\"datePublished\":\"2026-04-24T06:26:07+00:00\",\"dateModified\":\"2026-04-24T06:31:54+00:00\",\"mainEntityOfPage\":{\"@id\":\"https:\/\/antoniruiz.com\/ca\/innovaprofes-2026-formar-els-qui-formen-la-clau-per-a-una-fp-dexcellencia-a-europa\/\"},\"wordCount\":278,\"publisher\":{\"@id\":\"https:\/\/antoniruiz.com\/ca\/#organization\"},\"image\":{\"@id\":\"https:\/\/antoniruiz.com\/ca\/innovaprofes-2026-formar-els-qui-formen-la-clau-per-a-una-fp-dexcellencia-a-europa\/#primaryimage\"},\"thumbnailUrl\":\"https:\/\/antoniruiz.com\/wp-content\/uploads\/2026\/04\/WhatsApp-Image-2026-04-24-at-08.18.59.jpeg\",\"articleSection\":[\"blog\"],\"inLanguage\":\"ca\"},{\"@type\":\"WebPage\",\"@id\":\"https:\/\/antoniruiz.com\/ca\/innovaprofes-2026-formar-els-qui-formen-la-clau-per-a-una-fp-dexcellencia-a-europa\/\",\"url\":\"https:\/\/antoniruiz.com\/ca\/innovaprofes-2026-formar-els-qui-formen-la-clau-per-a-una-fp-dexcellencia-a-europa\/\",\"name\":\"Innovaprofes 2026: formar els qui formen, la clau per a una FP d'excel\u00b7l\u00e8ncia a Europa - Antoni Ruiz\",\"isPartOf\":{\"@id\":\"https:\/\/antoniruiz.com\/ca\/#website\"},\"primaryImageOfPage\":{\"@id\":\"https:\/\/antoniruiz.com\/ca\/innovaprofes-2026-formar-els-qui-formen-la-clau-per-a-una-fp-dexcellencia-a-europa\/#primaryimage\"},\"image\":{\"@id\":\"https:\/\/antoniruiz.com\/ca\/innovaprofes-2026-formar-els-qui-formen-la-clau-per-a-una-fp-dexcellencia-a-europa\/#primaryimage\"},\"thumbnailUrl\":\"https:\/\/antoniruiz.com\/wp-content\/uploads\/2026\/04\/WhatsApp-Image-2026-04-24-at-08.18.59.jpeg\",\"datePublished\":\"2026-04-24T06:26:07+00:00\",\"dateModified\":\"2026-04-24T06:31:54+00:00\",\"breadcrumb\":{\"@id\":\"https:\/\/antoniruiz.com\/ca\/innovaprofes-2026-formar-els-qui-formen-la-clau-per-a-una-fp-dexcellencia-a-europa\/#breadcrumb\"},\"inLanguage\":\"ca\",\"potentialAction\":[{\"@type\":\"ReadAction\",\"target\":[\"https:\/\/antoniruiz.com\/ca\/innovaprofes-2026-formar-els-qui-formen-la-clau-per-a-una-fp-dexcellencia-a-europa\/\"]}]},{\"@type\":\"ImageObject\",\"inLanguage\":\"ca\",\"@id\":\"https:\/\/antoniruiz.com\/ca\/innovaprofes-2026-formar-els-qui-formen-la-clau-per-a-una-fp-dexcellencia-a-europa\/#primaryimage\",\"url\":\"https:\/\/antoniruiz.com\/wp-content\/uploads\/2026\/04\/WhatsApp-Image-2026-04-24-at-08.18.59.jpeg\",\"contentUrl\":\"https:\/\/antoniruiz.com\/wp-content\/uploads\/2026\/04\/WhatsApp-Image-2026-04-24-at-08.18.59.jpeg\",\"width\":1535,\"height\":2048},{\"@type\":\"BreadcrumbList\",\"@id\":\"https:\/\/antoniruiz.com\/ca\/innovaprofes-2026-formar-els-qui-formen-la-clau-per-a-una-fp-dexcellencia-a-europa\/#breadcrumb\",\"itemListElement\":[{\"@type\":\"ListItem\",\"position\":1,\"name\":\"Home\",\"item\":\"https:\/\/antoniruiz.com\/ca\/\"},{\"@type\":\"ListItem\",\"position\":2,\"name\":\"Innovaprofes 2026: formar els qui formen, la clau per a una FP d&#8217;excel\u00b7l\u00e8ncia a Europa\"}]},{\"@type\":\"WebSite\",\"@id\":\"https:\/\/antoniruiz.com\/ca\/#website\",\"url\":\"https:\/\/antoniruiz.com\/ca\/\",\"name\":\"Antoni Ruiz\",\"description\":\"\",\"publisher\":{\"@id\":\"https:\/\/antoniruiz.com\/ca\/#organization\"},\"potentialAction\":[{\"@type\":\"SearchAction\",\"target\":{\"@type\":\"EntryPoint\",\"urlTemplate\":\"https:\/\/antoniruiz.com\/ca\/?s={search_term_string}\"},\"query-input\":\"required name=search_term_string\"}],\"inLanguage\":\"ca\"},{\"@type\":\"Organization\",\"@id\":\"https:\/\/antoniruiz.com\/ca\/#organization\",\"name\":\"Antoni Ruiz\",\"url\":\"https:\/\/antoniruiz.com\/ca\/\",\"logo\":{\"@type\":\"ImageObject\",\"inLanguage\":\"ca\",\"@id\":\"https:\/\/antoniruiz.com\/ca\/#\/schema\/logo\/image\/\",\"url\":\"https:\/\/antoniruiz.com\/wp-content\/uploads\/2024\/06\/AntoniRuiz_MAIN.png\",\"contentUrl\":\"https:\/\/antoniruiz.com\/wp-content\/uploads\/2024\/06\/AntoniRuiz_MAIN.png\",\"width\":944,\"height\":675,\"caption\":\"Antoni Ruiz\"},\"image\":{\"@id\":\"https:\/\/antoniruiz.com\/ca\/#\/schema\/logo\/image\/\"}},{\"@type\":\"Person\",\"@id\":\"https:\/\/antoniruiz.com\/ca\/#\/schema\/person\/a8d62eab776c7cf6f6efafa52d0bce62\",\"name\":\"Antoni Ruiz\",\"image\":{\"@type\":\"ImageObject\",\"inLanguage\":\"ca\",\"@id\":\"https:\/\/antoniruiz.com\/ca\/#\/schema\/person\/image\/\",\"url\":\"https:\/\/secure.gravatar.com\/avatar\/7c088e4296c344dd768b0c3ec823a8955c44caecaa1bfc843afc64b88c2d3d64?s=96&d=mm&r=g\",\"contentUrl\":\"https:\/\/secure.gravatar.com\/avatar\/7c088e4296c344dd768b0c3ec823a8955c44caecaa1bfc843afc64b88c2d3d64?s=96&d=mm&r=g\",\"caption\":\"Antoni Ruiz\"},\"url\":\"https:\/\/antoniruiz.com\/ca\/author\/antoni-ruiz\/\"}]}<\/script>\n<!-- \/ Yoast SEO plugin. -->","yoast_head_json":{"title":"Innovaprofes 2026: formar els qui formen, la clau per a una FP d'excel\u00b7l\u00e8ncia a Europa - Antoni Ruiz","robots":{"index":"index","follow":"follow","max-snippet":"max-snippet:-1","max-image-preview":"max-image-preview:large","max-video-preview":"max-video-preview:-1"},"canonical":"https:\/\/antoniruiz.com\/ca\/innovaprofes-2026-formar-els-qui-formen-la-clau-per-a-una-fp-dexcellencia-a-europa\/","og_locale":"ca_ES","og_type":"article","og_title":"Innovaprofes 2026: formar els qui formen, la clau per a una FP d'excel\u00b7l\u00e8ncia a Europa - Antoni Ruiz","og_description":"La recent edici\u00f3 d&#8217;Innovaprofes 2026, celebrada a M\u00e0laga, ha tornat a demostrar que la formaci\u00f3 professional viu un moment decisiu. [&hellip;]","og_url":"https:\/\/antoniruiz.com\/ca\/innovaprofes-2026-formar-els-qui-formen-la-clau-per-a-una-fp-dexcellencia-a-europa\/","og_site_name":"Antoni Ruiz","article_published_time":"2026-04-24T06:26:07+00:00","article_modified_time":"2026-04-24T06:31:54+00:00","og_image":[{"width":1535,"height":2048,"url":"https:\/\/antoniruiz.com\/wp-content\/uploads\/2026\/04\/WhatsApp-Image-2026-04-24-at-08.18.59.jpeg","type":"image\/jpeg"}],"author":"Antoni Ruiz","twitter_card":"summary_large_image","twitter_misc":{"Escrit per":"Antoni Ruiz","Temps estimat de lectura":"4 minuts"},"schema":{"@context":"https:\/\/schema.org","@graph":[{"@type":"Article","@id":"https:\/\/antoniruiz.com\/ca\/innovaprofes-2026-formar-els-qui-formen-la-clau-per-a-una-fp-dexcellencia-a-europa\/#article","isPartOf":{"@id":"https:\/\/antoniruiz.com\/ca\/innovaprofes-2026-formar-els-qui-formen-la-clau-per-a-una-fp-dexcellencia-a-europa\/"},"author":{"name":"Antoni Ruiz","@id":"https:\/\/antoniruiz.com\/ca\/#\/schema\/person\/a8d62eab776c7cf6f6efafa52d0bce62"},"headline":"Innovaprofes 2026: formar els qui formen, la clau per a una FP d&#8217;excel\u00b7l\u00e8ncia a Europa","datePublished":"2026-04-24T06:26:07+00:00","dateModified":"2026-04-24T06:31:54+00:00","mainEntityOfPage":{"@id":"https:\/\/antoniruiz.com\/ca\/innovaprofes-2026-formar-els-qui-formen-la-clau-per-a-una-fp-dexcellencia-a-europa\/"},"wordCount":278,"publisher":{"@id":"https:\/\/antoniruiz.com\/ca\/#organization"},"image":{"@id":"https:\/\/antoniruiz.com\/ca\/innovaprofes-2026-formar-els-qui-formen-la-clau-per-a-una-fp-dexcellencia-a-europa\/#primaryimage"},"thumbnailUrl":"https:\/\/antoniruiz.com\/wp-content\/uploads\/2026\/04\/WhatsApp-Image-2026-04-24-at-08.18.59.jpeg","articleSection":["blog"],"inLanguage":"ca"},{"@type":"WebPage","@id":"https:\/\/antoniruiz.com\/ca\/innovaprofes-2026-formar-els-qui-formen-la-clau-per-a-una-fp-dexcellencia-a-europa\/","url":"https:\/\/antoniruiz.com\/ca\/innovaprofes-2026-formar-els-qui-formen-la-clau-per-a-una-fp-dexcellencia-a-europa\/","name":"Innovaprofes 2026: formar els qui formen, la clau per a una FP d'excel\u00b7l\u00e8ncia a Europa - Antoni Ruiz","isPartOf":{"@id":"https:\/\/antoniruiz.com\/ca\/#website"},"primaryImageOfPage":{"@id":"https:\/\/antoniruiz.com\/ca\/innovaprofes-2026-formar-els-qui-formen-la-clau-per-a-una-fp-dexcellencia-a-europa\/#primaryimage"},"image":{"@id":"https:\/\/antoniruiz.com\/ca\/innovaprofes-2026-formar-els-qui-formen-la-clau-per-a-una-fp-dexcellencia-a-europa\/#primaryimage"},"thumbnailUrl":"https:\/\/antoniruiz.com\/wp-content\/uploads\/2026\/04\/WhatsApp-Image-2026-04-24-at-08.18.59.jpeg","datePublished":"2026-04-24T06:26:07+00:00","dateModified":"2026-04-24T06:31:54+00:00","breadcrumb":{"@id":"https:\/\/antoniruiz.com\/ca\/innovaprofes-2026-formar-els-qui-formen-la-clau-per-a-una-fp-dexcellencia-a-europa\/#breadcrumb"},"inLanguage":"ca","potentialAction":[{"@type":"ReadAction","target":["https:\/\/antoniruiz.com\/ca\/innovaprofes-2026-formar-els-qui-formen-la-clau-per-a-una-fp-dexcellencia-a-europa\/"]}]},{"@type":"ImageObject","inLanguage":"ca","@id":"https:\/\/antoniruiz.com\/ca\/innovaprofes-2026-formar-els-qui-formen-la-clau-per-a-una-fp-dexcellencia-a-europa\/#primaryimage","url":"https:\/\/antoniruiz.com\/wp-content\/uploads\/2026\/04\/WhatsApp-Image-2026-04-24-at-08.18.59.jpeg","contentUrl":"https:\/\/antoniruiz.com\/wp-content\/uploads\/2026\/04\/WhatsApp-Image-2026-04-24-at-08.18.59.jpeg","width":1535,"height":2048},{"@type":"BreadcrumbList","@id":"https:\/\/antoniruiz.com\/ca\/innovaprofes-2026-formar-els-qui-formen-la-clau-per-a-una-fp-dexcellencia-a-europa\/#breadcrumb","itemListElement":[{"@type":"ListItem","position":1,"name":"Home","item":"https:\/\/antoniruiz.com\/ca\/"},{"@type":"ListItem","position":2,"name":"Innovaprofes 2026: formar els qui formen, la clau per a una FP d&#8217;excel\u00b7l\u00e8ncia a Europa"}]},{"@type":"WebSite","@id":"https:\/\/antoniruiz.com\/ca\/#website","url":"https:\/\/antoniruiz.com\/ca\/","name":"Antoni Ruiz","description":"","publisher":{"@id":"https:\/\/antoniruiz.com\/ca\/#organization"},"potentialAction":[{"@type":"SearchAction","target":{"@type":"EntryPoint","urlTemplate":"https:\/\/antoniruiz.com\/ca\/?s={search_term_string}"},"query-input":"required name=search_term_string"}],"inLanguage":"ca"},{"@type":"Organization","@id":"https:\/\/antoniruiz.com\/ca\/#organization","name":"Antoni Ruiz","url":"https:\/\/antoniruiz.com\/ca\/","logo":{"@type":"ImageObject","inLanguage":"ca","@id":"https:\/\/antoniruiz.com\/ca\/#\/schema\/logo\/image\/","url":"https:\/\/antoniruiz.com\/wp-content\/uploads\/2024\/06\/AntoniRuiz_MAIN.png","contentUrl":"https:\/\/antoniruiz.com\/wp-content\/uploads\/2024\/06\/AntoniRuiz_MAIN.png","width":944,"height":675,"caption":"Antoni Ruiz"},"image":{"@id":"https:\/\/antoniruiz.com\/ca\/#\/schema\/logo\/image\/"}},{"@type":"Person","@id":"https:\/\/antoniruiz.com\/ca\/#\/schema\/person\/a8d62eab776c7cf6f6efafa52d0bce62","name":"Antoni Ruiz","image":{"@type":"ImageObject","inLanguage":"ca","@id":"https:\/\/antoniruiz.com\/ca\/#\/schema\/person\/image\/","url":"https:\/\/secure.gravatar.com\/avatar\/7c088e4296c344dd768b0c3ec823a8955c44caecaa1bfc843afc64b88c2d3d64?s=96&d=mm&r=g","contentUrl":"https:\/\/secure.gravatar.com\/avatar\/7c088e4296c344dd768b0c3ec823a8955c44caecaa1bfc843afc64b88c2d3d64?s=96&d=mm&r=g","caption":"Antoni Ruiz"},"url":"https:\/\/antoniruiz.com\/ca\/author\/antoni-ruiz\/"}]}},"_links":{"self":[{"href":"https:\/\/antoniruiz.com\/ca\/wp-json\/wp\/v2\/posts\/24223","targetHints":{"allow":["GET"]}}],"collection":[{"href":"https:\/\/antoniruiz.com\/ca\/wp-json\/wp\/v2\/posts"}],"about":[{"href":"https:\/\/antoniruiz.com\/ca\/wp-json\/wp\/v2\/types\/post"}],"author":[{"embeddable":true,"href":"https:\/\/antoniruiz.com\/ca\/wp-json\/wp\/v2\/users\/3"}],"replies":[{"embeddable":true,"href":"https:\/\/antoniruiz.com\/ca\/wp-json\/wp\/v2\/comments?post=24223"}],"version-history":[{"count":1,"href":"https:\/\/antoniruiz.com\/ca\/wp-json\/wp\/v2\/posts\/24223\/revisions"}],"predecessor-version":[{"id":24227,"href":"https:\/\/antoniruiz.com\/ca\/wp-json\/wp\/v2\/posts\/24223\/revisions\/24227"}],"wp:featuredmedia":[{"embeddable":true,"href":"https:\/\/antoniruiz.com\/ca\/wp-json\/wp\/v2\/media\/24183"}],"wp:attachment":[{"href":"https:\/\/antoniruiz.com\/ca\/wp-json\/wp\/v2\/media?parent=24223"}],"wp:term":[{"taxonomy":"category","embeddable":true,"href":"https:\/\/antoniruiz.com\/ca\/wp-json\/wp\/v2\/categories?post=24223"},{"taxonomy":"post_tag","embeddable":true,"href":"https:\/\/antoniruiz.com\/ca\/wp-json\/wp\/v2\/tags?post=24223"}],"curies":[{"name":"wp","href":"https:\/\/api.w.org\/{rel}","templated":true}]}}