{"id":24176,"date":"2026-04-22T07:34:36","date_gmt":"2026-04-22T07:34:36","guid":{"rendered":"https:\/\/antoniruiz.com\/?p=24176"},"modified":"2026-04-22T07:37:37","modified_gmt":"2026-04-22T07:37:37","slug":"la-formacio-professional-el-pont-real-cap-a-la-feina","status":"publish","type":"post","link":"https:\/\/antoniruiz.com\/ca\/la-formacio-professional-el-pont-real-cap-a-la-feina\/","title":{"rendered":"La Formaci\u00f3 Professional: el pont real cap a la feina"},"content":{"rendered":"\n<p>La meva experi\u00e8ncia a l&#8217;IES Los Albares (Cieza, M\u00farcia) al costat de MAXGE<\/p>\n\n\n\n<p><br>Fa uns dies vaig tenir l&#8217;oportunitat de viure una experi\u00e8ncia especialment enriquidora a l&#8217;IES Los Albares, a Cieza (M\u00farcia), on, juntament amb MAXGE, vaig compartir amb alumnat i professorat una reflexi\u00f3 profunda sobre el present i el futur de la Formaci\u00f3 Professional a Espanya.<\/p>\n\n\n\n<figure class=\"wp-block-image size-large\"><img fetchpriority=\"high\" decoding=\"async\" width=\"1024\" height=\"768\" src=\"https:\/\/antoniruiz.com\/wp-content\/uploads\/2026\/04\/WhatsApp-Image-2026-04-21-at-11.52.04-1024x768.jpeg\" alt=\"\" class=\"wp-image-24149\" srcset=\"https:\/\/antoniruiz.com\/wp-content\/uploads\/2026\/04\/WhatsApp-Image-2026-04-21-at-11.52.04-1024x768.jpeg 1024w, https:\/\/antoniruiz.com\/wp-content\/uploads\/2026\/04\/WhatsApp-Image-2026-04-21-at-11.52.04-300x225.jpeg 300w, https:\/\/antoniruiz.com\/wp-content\/uploads\/2026\/04\/WhatsApp-Image-2026-04-21-at-11.52.04-768x576.jpeg 768w, https:\/\/antoniruiz.com\/wp-content\/uploads\/2026\/04\/WhatsApp-Image-2026-04-21-at-11.52.04-1536x1152.jpeg 1536w, https:\/\/antoniruiz.com\/wp-content\/uploads\/2026\/04\/WhatsApp-Image-2026-04-21-at-11.52.04-1320x990.jpeg 1320w, https:\/\/antoniruiz.com\/wp-content\/uploads\/2026\/04\/WhatsApp-Image-2026-04-21-at-11.52.04.jpeg 1600w\" sizes=\"(max-width: 1024px) 100vw, 1024px\" \/><\/figure>\n\n\n\n<p>Una jornada on no nom\u00e9s parlem de formaci\u00f3, sin\u00f3 molt m\u00e9s important: oportunitats reals de futur.<\/p>\n\n\n\n<p>FP i empresa: una connexi\u00f3 imprescindible<br>Despr\u00e9s de molts anys vinculat al m\u00f3n empresarial, tinc clar un missatge que vaig voler traslladar amb contund\u00e8ncia:<\/p>\n\n\n\n<p>\ud83d\udc49 La Formaci\u00f3 Professional no \u00e9s una alternativa, \u00e9s una primera opci\u00f3.<\/p>\n\n\n\n<p>Avui, les empreses necessiten talent preparat, pr\u00e0ctic i amb capacitat dadaptaci\u00f3. I aqu\u00ed \u00e9s on la FP hi juga un paper fonamental.<\/p>\n\n\n\n<p>Les dades ho avalen:<br>\ud83d\udcca Segons l&#8217;Observatori de l&#8217;FP de Dualiza CaixaBank, el 81% de les ofertes de feina a Espanya requereixen perfils amb coneixements t\u00e8cnics vinculats a la formaci\u00f3 professional.<\/p>\n\n\n\n<p>Aquesta dada no \u00e9s nom\u00e9s una estad\u00edstica. \u00c9s una realitat que ja est\u00e0 marcant el mercat laboral.<\/p>\n\n\n\n<p>Trencar estigmes: el gran repte<br>Durant la confer\u00e8ncia tamb\u00e9 abordem un dels grans desafiaments que seguim tenint com a societat:<\/p>\n\n\n\n<p>\u274c La visi\u00f3 tradicional que situa la FP com una opci\u00f3 secund\u00e0ria.<\/p>\n\n\n\n<p>\u00c9s moment de canviar aquesta mentalitat.<\/p>\n\n\n\n<p>\u2714\ufe0f La FP ofereix ocupabilitat<br>\u2714\ufe0f La FP connecta directament amb l&#8217;empresa<br>\u2714\ufe0f La FP genera professionals qualificats i demandats<\/p>\n\n\n\n<p>I el m\u00e9s important: la FP construeix projectes de vida s\u00f2lids.<\/p>\n\n\n\n<p>El paper dels centres educatius<br>Vull destacar la gran feina que es fa des de centres com l&#8217;IES Los Albares, on el comprom\u00eds amb l&#8217;alumnat i la connexi\u00f3 amb el teixit empresarial \u00e9s evident.<\/p>\n\n\n\n<p>Aquests espais s\u00f3n clau per a:<\/p>\n\n\n\n<p>\ud83d\udd39 Orientar correctament els joves<br>\ud83d\udd39 Adaptar la formaci\u00f3 a la realitat del mercat<br>\ud83d\udd39 Impulsar vocacions t\u00e8cniques<\/p>\n\n\n\n<p>Gr\u00e0cies per fer-ho possible<br>El meu agra\u00efment a tot l&#8217;equip del centre ia MAXGE per comptar amb mi per compartir aquesta experi\u00e8ncia.<\/p>\n\n\n\n<p>Perqu\u00e8 cada xerrada, cada trobada, \u00e9s una oportunitat per continuar construint una cosa essencial:<\/p>\n\n\n\n<p>\ud83d\udc49 una societat que valori el talent t\u00e8cnic i lesfor\u00e7 professional.<\/p>\n\n\n\n<p>La Formaci\u00f3 Professional est\u00e0 vivint el millor moment.<\/p>\n\n\n\n<p>I la pregunta ja no \u00e9s si apostar per ella\u2026<br>La pregunta \u00e9s:<\/p>\n\n\n\n<p>\ud83d\udc49 Estem preparats com a societat per donar-li el valor que realment t\u00e9?Formaci\u00f3Professional #FPDual #EmpleoJuvenil #Educaci\u00f3 #Talent #EmpresaYFormaci\u00f3 #Orientaci\u00f3Laboral #Ind\u00fastria #Formaci\u00f3T\u00e8cnica #FuturoLaboral #Skills #Vocaci\u00f3 #Educaci\u00f3Espanya #FP2025 #AprendreFent<\/p>\n\n\n\n<figure class=\"wp-block-gallery has-nested-images columns-default is-cropped wp-block-gallery-1 is-layout-flex wp-block-gallery-is-layout-flex\">\n<figure class=\"wp-block-image size-large\"><img decoding=\"async\" width=\"1024\" height=\"768\" data-id=\"24167\" src=\"https:\/\/antoniruiz.com\/wp-content\/uploads\/2026\/04\/WhatsApp-Image-2026-04-21-at-11.50.48-1024x768.jpeg\" alt=\"\" class=\"wp-image-24167\" srcset=\"https:\/\/antoniruiz.com\/wp-content\/uploads\/2026\/04\/WhatsApp-Image-2026-04-21-at-11.50.48-1024x768.jpeg 1024w, https:\/\/antoniruiz.com\/wp-content\/uploads\/2026\/04\/WhatsApp-Image-2026-04-21-at-11.50.48-300x225.jpeg 300w, https:\/\/antoniruiz.com\/wp-content\/uploads\/2026\/04\/WhatsApp-Image-2026-04-21-at-11.50.48-768x576.jpeg 768w, https:\/\/antoniruiz.com\/wp-content\/uploads\/2026\/04\/WhatsApp-Image-2026-04-21-at-11.50.48-1536x1152.jpeg 1536w, https:\/\/antoniruiz.com\/wp-content\/uploads\/2026\/04\/WhatsApp-Image-2026-04-21-at-11.50.48-1320x990.jpeg 1320w, https:\/\/antoniruiz.com\/wp-content\/uploads\/2026\/04\/WhatsApp-Image-2026-04-21-at-11.50.48.jpeg 1600w\" sizes=\"(max-width: 1024px) 100vw, 1024px\" \/><\/figure>\n\n\n\n<figure class=\"wp-block-image size-large\"><img decoding=\"async\" width=\"1024\" height=\"768\" data-id=\"24164\" src=\"https:\/\/antoniruiz.com\/wp-content\/uploads\/2026\/04\/WhatsApp-Image-2026-04-21-at-11.52.14-1-1024x768.jpeg\" alt=\"\" class=\"wp-image-24164\" srcset=\"https:\/\/antoniruiz.com\/wp-content\/uploads\/2026\/04\/WhatsApp-Image-2026-04-21-at-11.52.14-1-1024x768.jpeg 1024w, https:\/\/antoniruiz.com\/wp-content\/uploads\/2026\/04\/WhatsApp-Image-2026-04-21-at-11.52.14-1-300x225.jpeg 300w, https:\/\/antoniruiz.com\/wp-content\/uploads\/2026\/04\/WhatsApp-Image-2026-04-21-at-11.52.14-1-768x576.jpeg 768w, https:\/\/antoniruiz.com\/wp-content\/uploads\/2026\/04\/WhatsApp-Image-2026-04-21-at-11.52.14-1-1536x1152.jpeg 1536w, https:\/\/antoniruiz.com\/wp-content\/uploads\/2026\/04\/WhatsApp-Image-2026-04-21-at-11.52.14-1-1320x990.jpeg 1320w, https:\/\/antoniruiz.com\/wp-content\/uploads\/2026\/04\/WhatsApp-Image-2026-04-21-at-11.52.14-1.jpeg 1600w\" sizes=\"(max-width: 1024px) 100vw, 1024px\" \/><\/figure>\n\n\n\n<figure class=\"wp-block-image size-large\"><img loading=\"lazy\" decoding=\"async\" width=\"768\" height=\"1024\" data-id=\"24173\" src=\"https:\/\/antoniruiz.com\/wp-content\/uploads\/2026\/04\/WhatsApp-Image-2026-04-21-at-11.50.49-768x1024.jpeg\" alt=\"\" class=\"wp-image-24173\" srcset=\"https:\/\/antoniruiz.com\/wp-content\/uploads\/2026\/04\/WhatsApp-Image-2026-04-21-at-11.50.49-768x1024.jpeg 768w, https:\/\/antoniruiz.com\/wp-content\/uploads\/2026\/04\/WhatsApp-Image-2026-04-21-at-11.50.49-225x300.jpeg 225w, https:\/\/antoniruiz.com\/wp-content\/uploads\/2026\/04\/WhatsApp-Image-2026-04-21-at-11.50.49-1152x1536.jpeg 1152w, https:\/\/antoniruiz.com\/wp-content\/uploads\/2026\/04\/WhatsApp-Image-2026-04-21-at-11.50.49.jpeg 1200w\" sizes=\"(max-width: 768px) 100vw, 768px\" \/><\/figure>\n\n\n\n<figure class=\"wp-block-image size-large\"><img loading=\"lazy\" decoding=\"async\" width=\"1024\" height=\"768\" data-id=\"24170\" src=\"https:\/\/antoniruiz.com\/wp-content\/uploads\/2026\/04\/WhatsApp-Image-2026-04-21-at-11.52.04-1-1024x768.jpeg\" alt=\"\" class=\"wp-image-24170\" srcset=\"https:\/\/antoniruiz.com\/wp-content\/uploads\/2026\/04\/WhatsApp-Image-2026-04-21-at-11.52.04-1-1024x768.jpeg 1024w, https:\/\/antoniruiz.com\/wp-content\/uploads\/2026\/04\/WhatsApp-Image-2026-04-21-at-11.52.04-1-300x225.jpeg 300w, https:\/\/antoniruiz.com\/wp-content\/uploads\/2026\/04\/WhatsApp-Image-2026-04-21-at-11.52.04-1-768x576.jpeg 768w, https:\/\/antoniruiz.com\/wp-content\/uploads\/2026\/04\/WhatsApp-Image-2026-04-21-at-11.52.04-1-1536x1152.jpeg 1536w, https:\/\/antoniruiz.com\/wp-content\/uploads\/2026\/04\/WhatsApp-Image-2026-04-21-at-11.52.04-1-1320x990.jpeg 1320w, https:\/\/antoniruiz.com\/wp-content\/uploads\/2026\/04\/WhatsApp-Image-2026-04-21-at-11.52.04-1.jpeg 1600w\" sizes=\"(max-width: 1024px) 100vw, 1024px\" \/><\/figure>\n\n\n\n<figure class=\"wp-block-image size-large\"><img loading=\"lazy\" decoding=\"async\" width=\"768\" height=\"1024\" data-id=\"24161\" src=\"https:\/\/antoniruiz.com\/wp-content\/uploads\/2026\/04\/WhatsApp-Image-2026-04-21-at-11.52.06-768x1024.jpeg\" alt=\"\" class=\"wp-image-24161\" srcset=\"https:\/\/antoniruiz.com\/wp-content\/uploads\/2026\/04\/WhatsApp-Image-2026-04-21-at-11.52.06-768x1024.jpeg 768w, https:\/\/antoniruiz.com\/wp-content\/uploads\/2026\/04\/WhatsApp-Image-2026-04-21-at-11.52.06-225x300.jpeg 225w, https:\/\/antoniruiz.com\/wp-content\/uploads\/2026\/04\/WhatsApp-Image-2026-04-21-at-11.52.06-1152x1536.jpeg 1152w, https:\/\/antoniruiz.com\/wp-content\/uploads\/2026\/04\/WhatsApp-Image-2026-04-21-at-11.52.06.jpeg 1200w\" sizes=\"(max-width: 768px) 100vw, 768px\" \/><\/figure>\n\n\n\n<figure class=\"wp-block-image size-large\"><img loading=\"lazy\" decoding=\"async\" width=\"768\" height=\"1024\" data-id=\"24158\" src=\"https:\/\/antoniruiz.com\/wp-content\/uploads\/2026\/04\/WhatsApp-Image-2026-04-21-at-11.52.10-768x1024.jpeg\" alt=\"\" class=\"wp-image-24158\" srcset=\"https:\/\/antoniruiz.com\/wp-content\/uploads\/2026\/04\/WhatsApp-Image-2026-04-21-at-11.52.10-768x1024.jpeg 768w, https:\/\/antoniruiz.com\/wp-content\/uploads\/2026\/04\/WhatsApp-Image-2026-04-21-at-11.52.10-225x300.jpeg 225w, https:\/\/antoniruiz.com\/wp-content\/uploads\/2026\/04\/WhatsApp-Image-2026-04-21-at-11.52.10-1152x1536.jpeg 1152w, https:\/\/antoniruiz.com\/wp-content\/uploads\/2026\/04\/WhatsApp-Image-2026-04-21-at-11.52.10.jpeg 1200w\" sizes=\"(max-width: 768px) 100vw, 768px\" \/><\/figure>\n\n\n\n<figure class=\"wp-block-image size-large\"><img loading=\"lazy\" decoding=\"async\" width=\"768\" height=\"1024\" data-id=\"24155\" src=\"https:\/\/antoniruiz.com\/wp-content\/uploads\/2026\/04\/WhatsApp-Image-2026-04-21-at-11.52.16-768x1024.jpeg\" alt=\"\" class=\"wp-image-24155\" srcset=\"https:\/\/antoniruiz.com\/wp-content\/uploads\/2026\/04\/WhatsApp-Image-2026-04-21-at-11.52.16-768x1024.jpeg 768w, https:\/\/antoniruiz.com\/wp-content\/uploads\/2026\/04\/WhatsApp-Image-2026-04-21-at-11.52.16-225x300.jpeg 225w, https:\/\/antoniruiz.com\/wp-content\/uploads\/2026\/04\/WhatsApp-Image-2026-04-21-at-11.52.16-1152x1536.jpeg 1152w, https:\/\/antoniruiz.com\/wp-content\/uploads\/2026\/04\/WhatsApp-Image-2026-04-21-at-11.52.16.jpeg 1200w\" sizes=\"(max-width: 768px) 100vw, 768px\" \/><\/figure>\n<\/figure>\n","protected":false},"excerpt":{"rendered":"<p>La meva experi\u00e8ncia a l&#8217;IES Los Albares (Cieza, M\u00farcia) al costat de MAXGE Fa uns dies vaig tenir l&#8217;oportunitat de [&hellip;]<\/p>\n","protected":false},"author":3,"featured_media":24152,"comment_status":"closed","ping_status":"open","sticky":false,"template":"","format":"standard","meta":{"_acf_changed":false,"site-sidebar-layout":"default","site-content-layout":"","ast-site-content-layout":"default","site-content-style":"default","site-sidebar-style":"default","ast-global-header-display":"","ast-banner-title-visibility":"","ast-main-header-display":"","ast-hfb-above-header-display":"","ast-hfb-below-header-display":"","ast-hfb-mobile-header-display":"","site-post-title":"","ast-breadcrumbs-content":"","ast-featured-img":"","footer-sml-layout":"","ast-disable-related-posts":"","theme-transparent-header-meta":"","adv-header-id-meta":"","stick-header-meta":"","header-above-stick-meta":"","header-main-stick-meta":"","header-below-stick-meta":"","astra-migrate-meta-layouts":"default","ast-page-background-enabled":"default","ast-page-background-meta":{"desktop":{"background-color":"var(--ast-global-color-4)","background-image":"","background-repeat":"repeat","background-position":"center center","background-size":"auto","background-attachment":"scroll","background-type":"","background-media":"","overlay-type":"","overlay-color":"","overlay-opacity":"","overlay-gradient":""},"tablet":{"background-color":"","background-image":"","background-repeat":"repeat","background-position":"center center","background-size":"auto","background-attachment":"scroll","background-type":"","background-media":"","overlay-type":"","overlay-color":"","overlay-opacity":"","overlay-gradient":""},"mobile":{"background-color":"","background-image":"","background-repeat":"repeat","background-position":"center center","background-size":"auto","background-attachment":"scroll","background-type":"","background-media":"","overlay-type":"","overlay-color":"","overlay-opacity":"","overlay-gradient":""}},"ast-content-background-meta":{"desktop":{"background-color":"var(--ast-global-color-5)","background-image":"","background-repeat":"repeat","background-position":"center center","background-size":"auto","background-attachment":"scroll","background-type":"","background-media":"","overlay-type":"","overlay-color":"","overlay-opacity":"","overlay-gradient":""},"tablet":{"background-color":"var(--ast-global-color-5)","background-image":"","background-repeat":"repeat","background-position":"center center","background-size":"auto","background-attachment":"scroll","background-type":"","background-media":"","overlay-type":"","overlay-color":"","overlay-opacity":"","overlay-gradient":""},"mobile":{"background-color":"var(--ast-global-color-5)","background-image":"","background-repeat":"repeat","background-position":"center center","background-size":"auto","background-attachment":"scroll","background-type":"","background-media":"","overlay-type":"","overlay-color":"","overlay-opacity":"","overlay-gradient":""}},"footnotes":""},"categories":[33],"tags":[],"class_list":["post-24176","post","type-post","status-publish","format-standard","has-post-thumbnail","hentry","category-blog-ca"],"acf":[],"yoast_head":"<!-- This site is optimized with the Yoast SEO plugin v23.2 - https:\/\/yoast.com\/wordpress\/plugins\/seo\/ -->\n<title>La Formaci\u00f3 Professional: el pont real cap a la feina - Antoni Ruiz<\/title>\n<meta name=\"robots\" content=\"index, follow, max-snippet:-1, max-image-preview:large, max-video-preview:-1\" \/>\n<link rel=\"canonical\" href=\"https:\/\/antoniruiz.com\/ca\/la-formacio-professional-el-pont-real-cap-a-la-feina\/\" \/>\n<meta property=\"og:locale\" content=\"ca_ES\" \/>\n<meta property=\"og:type\" content=\"article\" \/>\n<meta property=\"og:title\" content=\"La Formaci\u00f3 Professional: el pont real cap a la feina - Antoni Ruiz\" \/>\n<meta property=\"og:description\" content=\"La meva experi\u00e8ncia a l&#8217;IES Los Albares (Cieza, M\u00farcia) al costat de MAXGE Fa uns dies vaig tenir l&#8217;oportunitat de [&hellip;]\" \/>\n<meta property=\"og:url\" content=\"https:\/\/antoniruiz.com\/ca\/la-formacio-professional-el-pont-real-cap-a-la-feina\/\" \/>\n<meta property=\"og:site_name\" content=\"Antoni Ruiz\" \/>\n<meta property=\"article:published_time\" content=\"2026-04-22T07:34:36+00:00\" \/>\n<meta property=\"article:modified_time\" content=\"2026-04-22T07:37:37+00:00\" \/>\n<meta property=\"og:image\" content=\"https:\/\/antoniruiz.com\/wp-content\/uploads\/2026\/04\/WhatsApp-Image-2026-04-21-at-11.52.14.jpeg\" \/>\n\t<meta property=\"og:image:width\" content=\"1600\" \/>\n\t<meta property=\"og:image:height\" content=\"1200\" \/>\n\t<meta property=\"og:image:type\" content=\"image\/jpeg\" \/>\n<meta name=\"author\" content=\"Antoni Ruiz\" \/>\n<meta name=\"twitter:card\" content=\"summary_large_image\" \/>\n<meta name=\"twitter:label1\" content=\"Escrit per\" \/>\n\t<meta name=\"twitter:data1\" content=\"Antoni Ruiz\" \/>\n\t<meta name=\"twitter:label2\" content=\"Temps estimat de lectura\" \/>\n\t<meta name=\"twitter:data2\" content=\"4 minuts\" \/>\n<script type=\"application\/ld+json\" class=\"yoast-schema-graph\">{\"@context\":\"https:\/\/schema.org\",\"@graph\":[{\"@type\":\"Article\",\"@id\":\"https:\/\/antoniruiz.com\/ca\/la-formacio-professional-el-pont-real-cap-a-la-feina\/#article\",\"isPartOf\":{\"@id\":\"https:\/\/antoniruiz.com\/ca\/la-formacio-professional-el-pont-real-cap-a-la-feina\/\"},\"author\":{\"name\":\"Antoni Ruiz\",\"@id\":\"https:\/\/antoniruiz.com\/ca\/#\/schema\/person\/a8d62eab776c7cf6f6efafa52d0bce62\"},\"headline\":\"La Formaci\u00f3 Professional: el pont real cap a la feina\",\"datePublished\":\"2026-04-22T07:34:36+00:00\",\"dateModified\":\"2026-04-22T07:37:37+00:00\",\"mainEntityOfPage\":{\"@id\":\"https:\/\/antoniruiz.com\/ca\/la-formacio-professional-el-pont-real-cap-a-la-feina\/\"},\"wordCount\":435,\"publisher\":{\"@id\":\"https:\/\/antoniruiz.com\/ca\/#organization\"},\"image\":{\"@id\":\"https:\/\/antoniruiz.com\/ca\/la-formacio-professional-el-pont-real-cap-a-la-feina\/#primaryimage\"},\"thumbnailUrl\":\"https:\/\/antoniruiz.com\/wp-content\/uploads\/2026\/04\/WhatsApp-Image-2026-04-21-at-11.52.14.jpeg\",\"articleSection\":[\"blog\"],\"inLanguage\":\"ca\"},{\"@type\":\"WebPage\",\"@id\":\"https:\/\/antoniruiz.com\/ca\/la-formacio-professional-el-pont-real-cap-a-la-feina\/\",\"url\":\"https:\/\/antoniruiz.com\/ca\/la-formacio-professional-el-pont-real-cap-a-la-feina\/\",\"name\":\"La Formaci\u00f3 Professional: el pont real cap a la feina - Antoni Ruiz\",\"isPartOf\":{\"@id\":\"https:\/\/antoniruiz.com\/ca\/#website\"},\"primaryImageOfPage\":{\"@id\":\"https:\/\/antoniruiz.com\/ca\/la-formacio-professional-el-pont-real-cap-a-la-feina\/#primaryimage\"},\"image\":{\"@id\":\"https:\/\/antoniruiz.com\/ca\/la-formacio-professional-el-pont-real-cap-a-la-feina\/#primaryimage\"},\"thumbnailUrl\":\"https:\/\/antoniruiz.com\/wp-content\/uploads\/2026\/04\/WhatsApp-Image-2026-04-21-at-11.52.14.jpeg\",\"datePublished\":\"2026-04-22T07:34:36+00:00\",\"dateModified\":\"2026-04-22T07:37:37+00:00\",\"breadcrumb\":{\"@id\":\"https:\/\/antoniruiz.com\/ca\/la-formacio-professional-el-pont-real-cap-a-la-feina\/#breadcrumb\"},\"inLanguage\":\"ca\",\"potentialAction\":[{\"@type\":\"ReadAction\",\"target\":[\"https:\/\/antoniruiz.com\/ca\/la-formacio-professional-el-pont-real-cap-a-la-feina\/\"]}]},{\"@type\":\"ImageObject\",\"inLanguage\":\"ca\",\"@id\":\"https:\/\/antoniruiz.com\/ca\/la-formacio-professional-el-pont-real-cap-a-la-feina\/#primaryimage\",\"url\":\"https:\/\/antoniruiz.com\/wp-content\/uploads\/2026\/04\/WhatsApp-Image-2026-04-21-at-11.52.14.jpeg\",\"contentUrl\":\"https:\/\/antoniruiz.com\/wp-content\/uploads\/2026\/04\/WhatsApp-Image-2026-04-21-at-11.52.14.jpeg\",\"width\":1600,\"height\":1200},{\"@type\":\"BreadcrumbList\",\"@id\":\"https:\/\/antoniruiz.com\/ca\/la-formacio-professional-el-pont-real-cap-a-la-feina\/#breadcrumb\",\"itemListElement\":[{\"@type\":\"ListItem\",\"position\":1,\"name\":\"Home\",\"item\":\"https:\/\/antoniruiz.com\/ca\/\"},{\"@type\":\"ListItem\",\"position\":2,\"name\":\"La Formaci\u00f3 Professional: el pont real cap a la feina\"}]},{\"@type\":\"WebSite\",\"@id\":\"https:\/\/antoniruiz.com\/ca\/#website\",\"url\":\"https:\/\/antoniruiz.com\/ca\/\",\"name\":\"Antoni Ruiz\",\"description\":\"\",\"publisher\":{\"@id\":\"https:\/\/antoniruiz.com\/ca\/#organization\"},\"potentialAction\":[{\"@type\":\"SearchAction\",\"target\":{\"@type\":\"EntryPoint\",\"urlTemplate\":\"https:\/\/antoniruiz.com\/ca\/?s={search_term_string}\"},\"query-input\":\"required name=search_term_string\"}],\"inLanguage\":\"ca\"},{\"@type\":\"Organization\",\"@id\":\"https:\/\/antoniruiz.com\/ca\/#organization\",\"name\":\"Antoni Ruiz\",\"url\":\"https:\/\/antoniruiz.com\/ca\/\",\"logo\":{\"@type\":\"ImageObject\",\"inLanguage\":\"ca\",\"@id\":\"https:\/\/antoniruiz.com\/ca\/#\/schema\/logo\/image\/\",\"url\":\"https:\/\/antoniruiz.com\/wp-content\/uploads\/2024\/06\/AntoniRuiz_MAIN.png\",\"contentUrl\":\"https:\/\/antoniruiz.com\/wp-content\/uploads\/2024\/06\/AntoniRuiz_MAIN.png\",\"width\":944,\"height\":675,\"caption\":\"Antoni Ruiz\"},\"image\":{\"@id\":\"https:\/\/antoniruiz.com\/ca\/#\/schema\/logo\/image\/\"}},{\"@type\":\"Person\",\"@id\":\"https:\/\/antoniruiz.com\/ca\/#\/schema\/person\/a8d62eab776c7cf6f6efafa52d0bce62\",\"name\":\"Antoni Ruiz\",\"image\":{\"@type\":\"ImageObject\",\"inLanguage\":\"ca\",\"@id\":\"https:\/\/antoniruiz.com\/ca\/#\/schema\/person\/image\/\",\"url\":\"https:\/\/secure.gravatar.com\/avatar\/7c088e4296c344dd768b0c3ec823a8955c44caecaa1bfc843afc64b88c2d3d64?s=96&d=mm&r=g\",\"contentUrl\":\"https:\/\/secure.gravatar.com\/avatar\/7c088e4296c344dd768b0c3ec823a8955c44caecaa1bfc843afc64b88c2d3d64?s=96&d=mm&r=g\",\"caption\":\"Antoni Ruiz\"},\"url\":\"https:\/\/antoniruiz.com\/ca\/author\/antoni-ruiz\/\"}]}<\/script>\n<!-- \/ Yoast SEO plugin. -->","yoast_head_json":{"title":"La Formaci\u00f3 Professional: el pont real cap a la feina - Antoni Ruiz","robots":{"index":"index","follow":"follow","max-snippet":"max-snippet:-1","max-image-preview":"max-image-preview:large","max-video-preview":"max-video-preview:-1"},"canonical":"https:\/\/antoniruiz.com\/ca\/la-formacio-professional-el-pont-real-cap-a-la-feina\/","og_locale":"ca_ES","og_type":"article","og_title":"La Formaci\u00f3 Professional: el pont real cap a la feina - Antoni Ruiz","og_description":"La meva experi\u00e8ncia a l&#8217;IES Los Albares (Cieza, M\u00farcia) al costat de MAXGE Fa uns dies vaig tenir l&#8217;oportunitat de [&hellip;]","og_url":"https:\/\/antoniruiz.com\/ca\/la-formacio-professional-el-pont-real-cap-a-la-feina\/","og_site_name":"Antoni Ruiz","article_published_time":"2026-04-22T07:34:36+00:00","article_modified_time":"2026-04-22T07:37:37+00:00","og_image":[{"width":1600,"height":1200,"url":"https:\/\/antoniruiz.com\/wp-content\/uploads\/2026\/04\/WhatsApp-Image-2026-04-21-at-11.52.14.jpeg","type":"image\/jpeg"}],"author":"Antoni Ruiz","twitter_card":"summary_large_image","twitter_misc":{"Escrit per":"Antoni Ruiz","Temps estimat de lectura":"4 minuts"},"schema":{"@context":"https:\/\/schema.org","@graph":[{"@type":"Article","@id":"https:\/\/antoniruiz.com\/ca\/la-formacio-professional-el-pont-real-cap-a-la-feina\/#article","isPartOf":{"@id":"https:\/\/antoniruiz.com\/ca\/la-formacio-professional-el-pont-real-cap-a-la-feina\/"},"author":{"name":"Antoni Ruiz","@id":"https:\/\/antoniruiz.com\/ca\/#\/schema\/person\/a8d62eab776c7cf6f6efafa52d0bce62"},"headline":"La Formaci\u00f3 Professional: el pont real cap a la feina","datePublished":"2026-04-22T07:34:36+00:00","dateModified":"2026-04-22T07:37:37+00:00","mainEntityOfPage":{"@id":"https:\/\/antoniruiz.com\/ca\/la-formacio-professional-el-pont-real-cap-a-la-feina\/"},"wordCount":435,"publisher":{"@id":"https:\/\/antoniruiz.com\/ca\/#organization"},"image":{"@id":"https:\/\/antoniruiz.com\/ca\/la-formacio-professional-el-pont-real-cap-a-la-feina\/#primaryimage"},"thumbnailUrl":"https:\/\/antoniruiz.com\/wp-content\/uploads\/2026\/04\/WhatsApp-Image-2026-04-21-at-11.52.14.jpeg","articleSection":["blog"],"inLanguage":"ca"},{"@type":"WebPage","@id":"https:\/\/antoniruiz.com\/ca\/la-formacio-professional-el-pont-real-cap-a-la-feina\/","url":"https:\/\/antoniruiz.com\/ca\/la-formacio-professional-el-pont-real-cap-a-la-feina\/","name":"La Formaci\u00f3 Professional: el pont real cap a la feina - Antoni Ruiz","isPartOf":{"@id":"https:\/\/antoniruiz.com\/ca\/#website"},"primaryImageOfPage":{"@id":"https:\/\/antoniruiz.com\/ca\/la-formacio-professional-el-pont-real-cap-a-la-feina\/#primaryimage"},"image":{"@id":"https:\/\/antoniruiz.com\/ca\/la-formacio-professional-el-pont-real-cap-a-la-feina\/#primaryimage"},"thumbnailUrl":"https:\/\/antoniruiz.com\/wp-content\/uploads\/2026\/04\/WhatsApp-Image-2026-04-21-at-11.52.14.jpeg","datePublished":"2026-04-22T07:34:36+00:00","dateModified":"2026-04-22T07:37:37+00:00","breadcrumb":{"@id":"https:\/\/antoniruiz.com\/ca\/la-formacio-professional-el-pont-real-cap-a-la-feina\/#breadcrumb"},"inLanguage":"ca","potentialAction":[{"@type":"ReadAction","target":["https:\/\/antoniruiz.com\/ca\/la-formacio-professional-el-pont-real-cap-a-la-feina\/"]}]},{"@type":"ImageObject","inLanguage":"ca","@id":"https:\/\/antoniruiz.com\/ca\/la-formacio-professional-el-pont-real-cap-a-la-feina\/#primaryimage","url":"https:\/\/antoniruiz.com\/wp-content\/uploads\/2026\/04\/WhatsApp-Image-2026-04-21-at-11.52.14.jpeg","contentUrl":"https:\/\/antoniruiz.com\/wp-content\/uploads\/2026\/04\/WhatsApp-Image-2026-04-21-at-11.52.14.jpeg","width":1600,"height":1200},{"@type":"BreadcrumbList","@id":"https:\/\/antoniruiz.com\/ca\/la-formacio-professional-el-pont-real-cap-a-la-feina\/#breadcrumb","itemListElement":[{"@type":"ListItem","position":1,"name":"Home","item":"https:\/\/antoniruiz.com\/ca\/"},{"@type":"ListItem","position":2,"name":"La Formaci\u00f3 Professional: el pont real cap a la feina"}]},{"@type":"WebSite","@id":"https:\/\/antoniruiz.com\/ca\/#website","url":"https:\/\/antoniruiz.com\/ca\/","name":"Antoni Ruiz","description":"","publisher":{"@id":"https:\/\/antoniruiz.com\/ca\/#organization"},"potentialAction":[{"@type":"SearchAction","target":{"@type":"EntryPoint","urlTemplate":"https:\/\/antoniruiz.com\/ca\/?s={search_term_string}"},"query-input":"required name=search_term_string"}],"inLanguage":"ca"},{"@type":"Organization","@id":"https:\/\/antoniruiz.com\/ca\/#organization","name":"Antoni Ruiz","url":"https:\/\/antoniruiz.com\/ca\/","logo":{"@type":"ImageObject","inLanguage":"ca","@id":"https:\/\/antoniruiz.com\/ca\/#\/schema\/logo\/image\/","url":"https:\/\/antoniruiz.com\/wp-content\/uploads\/2024\/06\/AntoniRuiz_MAIN.png","contentUrl":"https:\/\/antoniruiz.com\/wp-content\/uploads\/2024\/06\/AntoniRuiz_MAIN.png","width":944,"height":675,"caption":"Antoni Ruiz"},"image":{"@id":"https:\/\/antoniruiz.com\/ca\/#\/schema\/logo\/image\/"}},{"@type":"Person","@id":"https:\/\/antoniruiz.com\/ca\/#\/schema\/person\/a8d62eab776c7cf6f6efafa52d0bce62","name":"Antoni Ruiz","image":{"@type":"ImageObject","inLanguage":"ca","@id":"https:\/\/antoniruiz.com\/ca\/#\/schema\/person\/image\/","url":"https:\/\/secure.gravatar.com\/avatar\/7c088e4296c344dd768b0c3ec823a8955c44caecaa1bfc843afc64b88c2d3d64?s=96&d=mm&r=g","contentUrl":"https:\/\/secure.gravatar.com\/avatar\/7c088e4296c344dd768b0c3ec823a8955c44caecaa1bfc843afc64b88c2d3d64?s=96&d=mm&r=g","caption":"Antoni Ruiz"},"url":"https:\/\/antoniruiz.com\/ca\/author\/antoni-ruiz\/"}]}},"_links":{"self":[{"href":"https:\/\/antoniruiz.com\/ca\/wp-json\/wp\/v2\/posts\/24176","targetHints":{"allow":["GET"]}}],"collection":[{"href":"https:\/\/antoniruiz.com\/ca\/wp-json\/wp\/v2\/posts"}],"about":[{"href":"https:\/\/antoniruiz.com\/ca\/wp-json\/wp\/v2\/types\/post"}],"author":[{"embeddable":true,"href":"https:\/\/antoniruiz.com\/ca\/wp-json\/wp\/v2\/users\/3"}],"replies":[{"embeddable":true,"href":"https:\/\/antoniruiz.com\/ca\/wp-json\/wp\/v2\/comments?post=24176"}],"version-history":[{"count":1,"href":"https:\/\/antoniruiz.com\/ca\/wp-json\/wp\/v2\/posts\/24176\/revisions"}],"predecessor-version":[{"id":24177,"href":"https:\/\/antoniruiz.com\/ca\/wp-json\/wp\/v2\/posts\/24176\/revisions\/24177"}],"wp:featuredmedia":[{"embeddable":true,"href":"https:\/\/antoniruiz.com\/ca\/wp-json\/wp\/v2\/media\/24152"}],"wp:attachment":[{"href":"https:\/\/antoniruiz.com\/ca\/wp-json\/wp\/v2\/media?parent=24176"}],"wp:term":[{"taxonomy":"category","embeddable":true,"href":"https:\/\/antoniruiz.com\/ca\/wp-json\/wp\/v2\/categories?post=24176"},{"taxonomy":"post_tag","embeddable":true,"href":"https:\/\/antoniruiz.com\/ca\/wp-json\/wp\/v2\/tags?post=24176"}],"curies":[{"name":"wp","href":"https:\/\/api.w.org\/{rel}","templated":true}]}}