{"id":24143,"date":"2026-04-21T06:25:50","date_gmt":"2026-04-21T06:25:50","guid":{"rendered":"https:\/\/antoniruiz.com\/?p=24143"},"modified":"2026-04-21T06:38:19","modified_gmt":"2026-04-21T06:38:19","slug":"fp-territori-i-professio-una-mirada-des-de-les-terres-de-lebre","status":"publish","type":"post","link":"https:\/\/antoniruiz.com\/ca\/fp-territori-i-professio-una-mirada-des-de-les-terres-de-lebre\/","title":{"rendered":"FP, territori i professi\u00f3: una mirada des de les Terres de l\u2019Ebre"},"content":{"rendered":"\n<p>Hi ha territoris que no nom\u00e9s es visiten\u2026 es comprenen.<\/p>\n\n\n\n<p>La meva visita recent al Gremi d&#8217;Instal\u00b7ladors de les Terres de l&#8217;Ebre, a Tortosa, de la m\u00e0 del seu president Ricard Franc, ha estat una d&#8217;aquelles experi\u00e8ncies que et permeten connectar amb l&#8217;ess\u00e8ncia real del nostre sector: les persones, l&#8217;ofici i el territori.<\/p>\n\n\n\n<p>Una trobada que ha anat molt m\u00e9s enll\u00e0 de l&#8217;institucional. Ha estat una oportunitat per escoltar, compartir i entendre les particularitats d&#8217;una zona amb identitat pr\u00f2pia on els professionals de les instal\u00b7lacions representen molt m\u00e9s que un sector econ\u00f2mic: s\u00f3n motor de desenvolupament, arrelament i futur.<\/p>\n\n\n\n<figure class=\"wp-block-image size-large\"><img fetchpriority=\"high\" decoding=\"async\" width=\"1024\" height=\"768\" src=\"https:\/\/antoniruiz.com\/wp-content\/uploads\/2026\/04\/WhatsApp-Image-2026-04-21-at-08.16.46-1024x768.jpeg\" alt=\"\" class=\"wp-image-24136\" srcset=\"https:\/\/antoniruiz.com\/wp-content\/uploads\/2026\/04\/WhatsApp-Image-2026-04-21-at-08.16.46-1024x768.jpeg 1024w, https:\/\/antoniruiz.com\/wp-content\/uploads\/2026\/04\/WhatsApp-Image-2026-04-21-at-08.16.46-300x225.jpeg 300w, https:\/\/antoniruiz.com\/wp-content\/uploads\/2026\/04\/WhatsApp-Image-2026-04-21-at-08.16.46-768x576.jpeg 768w, https:\/\/antoniruiz.com\/wp-content\/uploads\/2026\/04\/WhatsApp-Image-2026-04-21-at-08.16.46-1536x1152.jpeg 1536w, https:\/\/antoniruiz.com\/wp-content\/uploads\/2026\/04\/WhatsApp-Image-2026-04-21-at-08.16.46-1320x990.jpeg 1320w, https:\/\/antoniruiz.com\/wp-content\/uploads\/2026\/04\/WhatsApp-Image-2026-04-21-at-08.16.46.jpeg 1600w\" sizes=\"(max-width: 1024px) 100vw, 1024px\" \/><\/figure>\n\n\n\n<p>Professionals que construeixen territori<br>Les Terres de l\u2019Ebre tenen unes caracter\u00edstiques \u00faniques: dispersi\u00f3 geogr\u00e0fica, teixit empresarial de proximitat i una necessitat clara de relleu generacional.<\/p>\n\n\n\n<p>Aqu\u00ed, la Formaci\u00f3 Professional no \u00e9s una opci\u00f3 m\u00e9s\u2026 \u00e9s una necessitat estrat\u00e8gica.<\/p>\n\n\n\n<p>Durant la visita, vaig poder con\u00e8ixer de primera m\u00e0:<\/p>\n\n\n\n<p>La realitat de les empreses instal\u00b7ladores del territori<br>La dificultat \u2014i alhora oportunitat\u2014 d?atreure talent jove<br>El paper clau de la FP Dual per garantir el futur del sector<br>\ud83c\udf93 FP Dual: clau per a l&#8217;equilibri territorial<br>Si volem un pa\u00eds equilibrat, cal apostar per una Formaci\u00f3 Professional connectada amb el territori.<\/p>\n\n\n\n<p>I aix\u00f2 implica:<br>\u2714 Escoltar els gremis<br>\u2714 Adaptar la formaci\u00f3 a la realitat local<br>\u2714 Implicar les empreses en el proc\u00e9s formatiu<\/p>\n\n\n\n<p>El model dual no nom\u00e9s forma professionals\u2026 fixa talent, genera oportunitats i construeix futur on m\u00e9s es necessita.<\/p>\n\n\n\n<p>Ind\u00fastria propera al professional<br>En aquesta visita tamb\u00e9 em va acompanyar Finder, una companyia made in Europe que representa perfectament aquest comprom\u00eds amb el professional: proximitat, qualitat i coneixement del sector.<\/p>\n\n\n\n<p>Perqu\u00e8 el futur de les instal\u00b7lacions tamb\u00e9 passa per una ind\u00fastria que ent\u00e9n i acompanya l&#8217;instal\u00b7lador al seu dia a dia.<\/p>\n\n\n\n<p>Visites com aquesta reforcen una idea clau:<\/p>\n\n\n\n<p>\ud83d\udc49 La FP no es pot dissenyar des dels despatxos, s&#8217;ha de construir des del territori.<\/p>\n\n\n\n<p>Gr\u00e0cies al Gremi, al seu president ia tots els professionals que dediquen el dia a dia a fer cr\u00e9ixer aquest sector essencial.<\/p>\n\n\n\n<p>Continuem construint camins\u2026 tamb\u00e9 des de les Terres de l\u2019Ebre.<\/p>\n","protected":false},"excerpt":{"rendered":"<p>Hi ha territoris que no nom\u00e9s es visiten\u2026 es comprenen. La meva visita recent al Gremi d&#8217;Instal\u00b7ladors de les Terres [&hellip;]<\/p>\n","protected":false},"author":3,"featured_media":24139,"comment_status":"closed","ping_status":"open","sticky":false,"template":"","format":"standard","meta":{"_acf_changed":false,"site-sidebar-layout":"default","site-content-layout":"","ast-site-content-layout":"default","site-content-style":"default","site-sidebar-style":"default","ast-global-header-display":"","ast-banner-title-visibility":"","ast-main-header-display":"","ast-hfb-above-header-display":"","ast-hfb-below-header-display":"","ast-hfb-mobile-header-display":"","site-post-title":"","ast-breadcrumbs-content":"","ast-featured-img":"","footer-sml-layout":"","ast-disable-related-posts":"","theme-transparent-header-meta":"","adv-header-id-meta":"","stick-header-meta":"","header-above-stick-meta":"","header-main-stick-meta":"","header-below-stick-meta":"","astra-migrate-meta-layouts":"default","ast-page-background-enabled":"default","ast-page-background-meta":{"desktop":{"background-color":"var(--ast-global-color-4)","background-image":"","background-repeat":"repeat","background-position":"center center","background-size":"auto","background-attachment":"scroll","background-type":"","background-media":"","overlay-type":"","overlay-color":"","overlay-opacity":"","overlay-gradient":""},"tablet":{"background-color":"","background-image":"","background-repeat":"repeat","background-position":"center center","background-size":"auto","background-attachment":"scroll","background-type":"","background-media":"","overlay-type":"","overlay-color":"","overlay-opacity":"","overlay-gradient":""},"mobile":{"background-color":"","background-image":"","background-repeat":"repeat","background-position":"center center","background-size":"auto","background-attachment":"scroll","background-type":"","background-media":"","overlay-type":"","overlay-color":"","overlay-opacity":"","overlay-gradient":""}},"ast-content-background-meta":{"desktop":{"background-color":"var(--ast-global-color-5)","background-image":"","background-repeat":"repeat","background-position":"center center","background-size":"auto","background-attachment":"scroll","background-type":"","background-media":"","overlay-type":"","overlay-color":"","overlay-opacity":"","overlay-gradient":""},"tablet":{"background-color":"var(--ast-global-color-5)","background-image":"","background-repeat":"repeat","background-position":"center center","background-size":"auto","background-attachment":"scroll","background-type":"","background-media":"","overlay-type":"","overlay-color":"","overlay-opacity":"","overlay-gradient":""},"mobile":{"background-color":"var(--ast-global-color-5)","background-image":"","background-repeat":"repeat","background-position":"center center","background-size":"auto","background-attachment":"scroll","background-type":"","background-media":"","overlay-type":"","overlay-color":"","overlay-opacity":"","overlay-gradient":""}},"footnotes":""},"categories":[33],"tags":[],"class_list":["post-24143","post","type-post","status-publish","format-standard","has-post-thumbnail","hentry","category-blog-ca"],"acf":[],"yoast_head":"<!-- This site is optimized with the Yoast SEO plugin v23.2 - https:\/\/yoast.com\/wordpress\/plugins\/seo\/ -->\n<title>FP, territori i professi\u00f3: una mirada des de les Terres de l\u2019Ebre - Antoni Ruiz<\/title>\n<meta name=\"robots\" content=\"index, follow, max-snippet:-1, max-image-preview:large, max-video-preview:-1\" \/>\n<link rel=\"canonical\" href=\"https:\/\/antoniruiz.com\/ca\/fp-territori-i-professio-una-mirada-des-de-les-terres-de-lebre\/\" \/>\n<meta property=\"og:locale\" content=\"ca_ES\" \/>\n<meta property=\"og:type\" content=\"article\" \/>\n<meta property=\"og:title\" content=\"FP, territori i professi\u00f3: una mirada des de les Terres de l\u2019Ebre - Antoni Ruiz\" \/>\n<meta property=\"og:description\" content=\"Hi ha territoris que no nom\u00e9s es visiten\u2026 es comprenen. La meva visita recent al Gremi d&#8217;Instal\u00b7ladors de les Terres [&hellip;]\" \/>\n<meta property=\"og:url\" content=\"https:\/\/antoniruiz.com\/ca\/fp-territori-i-professio-una-mirada-des-de-les-terres-de-lebre\/\" \/>\n<meta property=\"og:site_name\" content=\"Antoni Ruiz\" \/>\n<meta property=\"article:published_time\" content=\"2026-04-21T06:25:50+00:00\" \/>\n<meta property=\"article:modified_time\" content=\"2026-04-21T06:38:19+00:00\" \/>\n<meta property=\"og:image\" content=\"https:\/\/antoniruiz.com\/wp-content\/uploads\/2026\/04\/WhatsApp-Image-2026-04-21-at-08.17.00.jpeg\" \/>\n\t<meta property=\"og:image:width\" content=\"1200\" \/>\n\t<meta property=\"og:image:height\" content=\"1600\" \/>\n\t<meta property=\"og:image:type\" content=\"image\/jpeg\" \/>\n<meta name=\"author\" content=\"Antoni Ruiz\" \/>\n<meta name=\"twitter:card\" content=\"summary_large_image\" \/>\n<meta name=\"twitter:label1\" content=\"Escrit per\" \/>\n\t<meta name=\"twitter:data1\" content=\"Antoni Ruiz\" \/>\n\t<meta name=\"twitter:label2\" content=\"Temps estimat de lectura\" \/>\n\t<meta name=\"twitter:data2\" content=\"2 minuts\" \/>\n<script type=\"application\/ld+json\" class=\"yoast-schema-graph\">{\"@context\":\"https:\/\/schema.org\",\"@graph\":[{\"@type\":\"Article\",\"@id\":\"https:\/\/antoniruiz.com\/ca\/fp-territori-i-professio-una-mirada-des-de-les-terres-de-lebre\/#article\",\"isPartOf\":{\"@id\":\"https:\/\/antoniruiz.com\/ca\/fp-territori-i-professio-una-mirada-des-de-les-terres-de-lebre\/\"},\"author\":{\"name\":\"Antoni Ruiz\",\"@id\":\"https:\/\/antoniruiz.com\/ca\/#\/schema\/person\/a8d62eab776c7cf6f6efafa52d0bce62\"},\"headline\":\"FP, territori i professi\u00f3: una mirada des de les Terres de l\u2019Ebre\",\"datePublished\":\"2026-04-21T06:25:50+00:00\",\"dateModified\":\"2026-04-21T06:38:19+00:00\",\"mainEntityOfPage\":{\"@id\":\"https:\/\/antoniruiz.com\/ca\/fp-territori-i-professio-una-mirada-des-de-les-terres-de-lebre\/\"},\"wordCount\":390,\"publisher\":{\"@id\":\"https:\/\/antoniruiz.com\/ca\/#organization\"},\"image\":{\"@id\":\"https:\/\/antoniruiz.com\/ca\/fp-territori-i-professio-una-mirada-des-de-les-terres-de-lebre\/#primaryimage\"},\"thumbnailUrl\":\"https:\/\/antoniruiz.com\/wp-content\/uploads\/2026\/04\/WhatsApp-Image-2026-04-21-at-08.17.00.jpeg\",\"articleSection\":[\"blog\"],\"inLanguage\":\"ca\"},{\"@type\":\"WebPage\",\"@id\":\"https:\/\/antoniruiz.com\/ca\/fp-territori-i-professio-una-mirada-des-de-les-terres-de-lebre\/\",\"url\":\"https:\/\/antoniruiz.com\/ca\/fp-territori-i-professio-una-mirada-des-de-les-terres-de-lebre\/\",\"name\":\"FP, territori i professi\u00f3: una mirada des de les Terres de l\u2019Ebre - Antoni Ruiz\",\"isPartOf\":{\"@id\":\"https:\/\/antoniruiz.com\/ca\/#website\"},\"primaryImageOfPage\":{\"@id\":\"https:\/\/antoniruiz.com\/ca\/fp-territori-i-professio-una-mirada-des-de-les-terres-de-lebre\/#primaryimage\"},\"image\":{\"@id\":\"https:\/\/antoniruiz.com\/ca\/fp-territori-i-professio-una-mirada-des-de-les-terres-de-lebre\/#primaryimage\"},\"thumbnailUrl\":\"https:\/\/antoniruiz.com\/wp-content\/uploads\/2026\/04\/WhatsApp-Image-2026-04-21-at-08.17.00.jpeg\",\"datePublished\":\"2026-04-21T06:25:50+00:00\",\"dateModified\":\"2026-04-21T06:38:19+00:00\",\"breadcrumb\":{\"@id\":\"https:\/\/antoniruiz.com\/ca\/fp-territori-i-professio-una-mirada-des-de-les-terres-de-lebre\/#breadcrumb\"},\"inLanguage\":\"ca\",\"potentialAction\":[{\"@type\":\"ReadAction\",\"target\":[\"https:\/\/antoniruiz.com\/ca\/fp-territori-i-professio-una-mirada-des-de-les-terres-de-lebre\/\"]}]},{\"@type\":\"ImageObject\",\"inLanguage\":\"ca\",\"@id\":\"https:\/\/antoniruiz.com\/ca\/fp-territori-i-professio-una-mirada-des-de-les-terres-de-lebre\/#primaryimage\",\"url\":\"https:\/\/antoniruiz.com\/wp-content\/uploads\/2026\/04\/WhatsApp-Image-2026-04-21-at-08.17.00.jpeg\",\"contentUrl\":\"https:\/\/antoniruiz.com\/wp-content\/uploads\/2026\/04\/WhatsApp-Image-2026-04-21-at-08.17.00.jpeg\",\"width\":1200,\"height\":1600},{\"@type\":\"BreadcrumbList\",\"@id\":\"https:\/\/antoniruiz.com\/ca\/fp-territori-i-professio-una-mirada-des-de-les-terres-de-lebre\/#breadcrumb\",\"itemListElement\":[{\"@type\":\"ListItem\",\"position\":1,\"name\":\"Home\",\"item\":\"https:\/\/antoniruiz.com\/ca\/\"},{\"@type\":\"ListItem\",\"position\":2,\"name\":\"FP, territori i professi\u00f3: una mirada des de les Terres de l\u2019Ebre\"}]},{\"@type\":\"WebSite\",\"@id\":\"https:\/\/antoniruiz.com\/ca\/#website\",\"url\":\"https:\/\/antoniruiz.com\/ca\/\",\"name\":\"Antoni Ruiz\",\"description\":\"\",\"publisher\":{\"@id\":\"https:\/\/antoniruiz.com\/ca\/#organization\"},\"potentialAction\":[{\"@type\":\"SearchAction\",\"target\":{\"@type\":\"EntryPoint\",\"urlTemplate\":\"https:\/\/antoniruiz.com\/ca\/?s={search_term_string}\"},\"query-input\":\"required name=search_term_string\"}],\"inLanguage\":\"ca\"},{\"@type\":\"Organization\",\"@id\":\"https:\/\/antoniruiz.com\/ca\/#organization\",\"name\":\"Antoni Ruiz\",\"url\":\"https:\/\/antoniruiz.com\/ca\/\",\"logo\":{\"@type\":\"ImageObject\",\"inLanguage\":\"ca\",\"@id\":\"https:\/\/antoniruiz.com\/ca\/#\/schema\/logo\/image\/\",\"url\":\"https:\/\/antoniruiz.com\/wp-content\/uploads\/2024\/06\/AntoniRuiz_MAIN.png\",\"contentUrl\":\"https:\/\/antoniruiz.com\/wp-content\/uploads\/2024\/06\/AntoniRuiz_MAIN.png\",\"width\":944,\"height\":675,\"caption\":\"Antoni Ruiz\"},\"image\":{\"@id\":\"https:\/\/antoniruiz.com\/ca\/#\/schema\/logo\/image\/\"}},{\"@type\":\"Person\",\"@id\":\"https:\/\/antoniruiz.com\/ca\/#\/schema\/person\/a8d62eab776c7cf6f6efafa52d0bce62\",\"name\":\"Antoni Ruiz\",\"image\":{\"@type\":\"ImageObject\",\"inLanguage\":\"ca\",\"@id\":\"https:\/\/antoniruiz.com\/ca\/#\/schema\/person\/image\/\",\"url\":\"https:\/\/secure.gravatar.com\/avatar\/7c088e4296c344dd768b0c3ec823a8955c44caecaa1bfc843afc64b88c2d3d64?s=96&d=mm&r=g\",\"contentUrl\":\"https:\/\/secure.gravatar.com\/avatar\/7c088e4296c344dd768b0c3ec823a8955c44caecaa1bfc843afc64b88c2d3d64?s=96&d=mm&r=g\",\"caption\":\"Antoni Ruiz\"},\"url\":\"https:\/\/antoniruiz.com\/ca\/author\/antoni-ruiz\/\"}]}<\/script>\n<!-- \/ Yoast SEO plugin. -->","yoast_head_json":{"title":"FP, territori i professi\u00f3: una mirada des de les Terres de l\u2019Ebre - Antoni Ruiz","robots":{"index":"index","follow":"follow","max-snippet":"max-snippet:-1","max-image-preview":"max-image-preview:large","max-video-preview":"max-video-preview:-1"},"canonical":"https:\/\/antoniruiz.com\/ca\/fp-territori-i-professio-una-mirada-des-de-les-terres-de-lebre\/","og_locale":"ca_ES","og_type":"article","og_title":"FP, territori i professi\u00f3: una mirada des de les Terres de l\u2019Ebre - Antoni Ruiz","og_description":"Hi ha territoris que no nom\u00e9s es visiten\u2026 es comprenen. La meva visita recent al Gremi d&#8217;Instal\u00b7ladors de les Terres [&hellip;]","og_url":"https:\/\/antoniruiz.com\/ca\/fp-territori-i-professio-una-mirada-des-de-les-terres-de-lebre\/","og_site_name":"Antoni Ruiz","article_published_time":"2026-04-21T06:25:50+00:00","article_modified_time":"2026-04-21T06:38:19+00:00","og_image":[{"width":1200,"height":1600,"url":"https:\/\/antoniruiz.com\/wp-content\/uploads\/2026\/04\/WhatsApp-Image-2026-04-21-at-08.17.00.jpeg","type":"image\/jpeg"}],"author":"Antoni Ruiz","twitter_card":"summary_large_image","twitter_misc":{"Escrit per":"Antoni Ruiz","Temps estimat de lectura":"2 minuts"},"schema":{"@context":"https:\/\/schema.org","@graph":[{"@type":"Article","@id":"https:\/\/antoniruiz.com\/ca\/fp-territori-i-professio-una-mirada-des-de-les-terres-de-lebre\/#article","isPartOf":{"@id":"https:\/\/antoniruiz.com\/ca\/fp-territori-i-professio-una-mirada-des-de-les-terres-de-lebre\/"},"author":{"name":"Antoni Ruiz","@id":"https:\/\/antoniruiz.com\/ca\/#\/schema\/person\/a8d62eab776c7cf6f6efafa52d0bce62"},"headline":"FP, territori i professi\u00f3: una mirada des de les Terres de l\u2019Ebre","datePublished":"2026-04-21T06:25:50+00:00","dateModified":"2026-04-21T06:38:19+00:00","mainEntityOfPage":{"@id":"https:\/\/antoniruiz.com\/ca\/fp-territori-i-professio-una-mirada-des-de-les-terres-de-lebre\/"},"wordCount":390,"publisher":{"@id":"https:\/\/antoniruiz.com\/ca\/#organization"},"image":{"@id":"https:\/\/antoniruiz.com\/ca\/fp-territori-i-professio-una-mirada-des-de-les-terres-de-lebre\/#primaryimage"},"thumbnailUrl":"https:\/\/antoniruiz.com\/wp-content\/uploads\/2026\/04\/WhatsApp-Image-2026-04-21-at-08.17.00.jpeg","articleSection":["blog"],"inLanguage":"ca"},{"@type":"WebPage","@id":"https:\/\/antoniruiz.com\/ca\/fp-territori-i-professio-una-mirada-des-de-les-terres-de-lebre\/","url":"https:\/\/antoniruiz.com\/ca\/fp-territori-i-professio-una-mirada-des-de-les-terres-de-lebre\/","name":"FP, territori i professi\u00f3: una mirada des de les Terres de l\u2019Ebre - Antoni Ruiz","isPartOf":{"@id":"https:\/\/antoniruiz.com\/ca\/#website"},"primaryImageOfPage":{"@id":"https:\/\/antoniruiz.com\/ca\/fp-territori-i-professio-una-mirada-des-de-les-terres-de-lebre\/#primaryimage"},"image":{"@id":"https:\/\/antoniruiz.com\/ca\/fp-territori-i-professio-una-mirada-des-de-les-terres-de-lebre\/#primaryimage"},"thumbnailUrl":"https:\/\/antoniruiz.com\/wp-content\/uploads\/2026\/04\/WhatsApp-Image-2026-04-21-at-08.17.00.jpeg","datePublished":"2026-04-21T06:25:50+00:00","dateModified":"2026-04-21T06:38:19+00:00","breadcrumb":{"@id":"https:\/\/antoniruiz.com\/ca\/fp-territori-i-professio-una-mirada-des-de-les-terres-de-lebre\/#breadcrumb"},"inLanguage":"ca","potentialAction":[{"@type":"ReadAction","target":["https:\/\/antoniruiz.com\/ca\/fp-territori-i-professio-una-mirada-des-de-les-terres-de-lebre\/"]}]},{"@type":"ImageObject","inLanguage":"ca","@id":"https:\/\/antoniruiz.com\/ca\/fp-territori-i-professio-una-mirada-des-de-les-terres-de-lebre\/#primaryimage","url":"https:\/\/antoniruiz.com\/wp-content\/uploads\/2026\/04\/WhatsApp-Image-2026-04-21-at-08.17.00.jpeg","contentUrl":"https:\/\/antoniruiz.com\/wp-content\/uploads\/2026\/04\/WhatsApp-Image-2026-04-21-at-08.17.00.jpeg","width":1200,"height":1600},{"@type":"BreadcrumbList","@id":"https:\/\/antoniruiz.com\/ca\/fp-territori-i-professio-una-mirada-des-de-les-terres-de-lebre\/#breadcrumb","itemListElement":[{"@type":"ListItem","position":1,"name":"Home","item":"https:\/\/antoniruiz.com\/ca\/"},{"@type":"ListItem","position":2,"name":"FP, territori i professi\u00f3: una mirada des de les Terres de l\u2019Ebre"}]},{"@type":"WebSite","@id":"https:\/\/antoniruiz.com\/ca\/#website","url":"https:\/\/antoniruiz.com\/ca\/","name":"Antoni Ruiz","description":"","publisher":{"@id":"https:\/\/antoniruiz.com\/ca\/#organization"},"potentialAction":[{"@type":"SearchAction","target":{"@type":"EntryPoint","urlTemplate":"https:\/\/antoniruiz.com\/ca\/?s={search_term_string}"},"query-input":"required name=search_term_string"}],"inLanguage":"ca"},{"@type":"Organization","@id":"https:\/\/antoniruiz.com\/ca\/#organization","name":"Antoni Ruiz","url":"https:\/\/antoniruiz.com\/ca\/","logo":{"@type":"ImageObject","inLanguage":"ca","@id":"https:\/\/antoniruiz.com\/ca\/#\/schema\/logo\/image\/","url":"https:\/\/antoniruiz.com\/wp-content\/uploads\/2024\/06\/AntoniRuiz_MAIN.png","contentUrl":"https:\/\/antoniruiz.com\/wp-content\/uploads\/2024\/06\/AntoniRuiz_MAIN.png","width":944,"height":675,"caption":"Antoni Ruiz"},"image":{"@id":"https:\/\/antoniruiz.com\/ca\/#\/schema\/logo\/image\/"}},{"@type":"Person","@id":"https:\/\/antoniruiz.com\/ca\/#\/schema\/person\/a8d62eab776c7cf6f6efafa52d0bce62","name":"Antoni Ruiz","image":{"@type":"ImageObject","inLanguage":"ca","@id":"https:\/\/antoniruiz.com\/ca\/#\/schema\/person\/image\/","url":"https:\/\/secure.gravatar.com\/avatar\/7c088e4296c344dd768b0c3ec823a8955c44caecaa1bfc843afc64b88c2d3d64?s=96&d=mm&r=g","contentUrl":"https:\/\/secure.gravatar.com\/avatar\/7c088e4296c344dd768b0c3ec823a8955c44caecaa1bfc843afc64b88c2d3d64?s=96&d=mm&r=g","caption":"Antoni Ruiz"},"url":"https:\/\/antoniruiz.com\/ca\/author\/antoni-ruiz\/"}]}},"_links":{"self":[{"href":"https:\/\/antoniruiz.com\/ca\/wp-json\/wp\/v2\/posts\/24143","targetHints":{"allow":["GET"]}}],"collection":[{"href":"https:\/\/antoniruiz.com\/ca\/wp-json\/wp\/v2\/posts"}],"about":[{"href":"https:\/\/antoniruiz.com\/ca\/wp-json\/wp\/v2\/types\/post"}],"author":[{"embeddable":true,"href":"https:\/\/antoniruiz.com\/ca\/wp-json\/wp\/v2\/users\/3"}],"replies":[{"embeddable":true,"href":"https:\/\/antoniruiz.com\/ca\/wp-json\/wp\/v2\/comments?post=24143"}],"version-history":[{"count":1,"href":"https:\/\/antoniruiz.com\/ca\/wp-json\/wp\/v2\/posts\/24143\/revisions"}],"predecessor-version":[{"id":24144,"href":"https:\/\/antoniruiz.com\/ca\/wp-json\/wp\/v2\/posts\/24143\/revisions\/24144"}],"wp:featuredmedia":[{"embeddable":true,"href":"https:\/\/antoniruiz.com\/ca\/wp-json\/wp\/v2\/media\/24139"}],"wp:attachment":[{"href":"https:\/\/antoniruiz.com\/ca\/wp-json\/wp\/v2\/media?parent=24143"}],"wp:term":[{"taxonomy":"category","embeddable":true,"href":"https:\/\/antoniruiz.com\/ca\/wp-json\/wp\/v2\/categories?post=24143"},{"taxonomy":"post_tag","embeddable":true,"href":"https:\/\/antoniruiz.com\/ca\/wp-json\/wp\/v2\/tags?post=24143"}],"curies":[{"name":"wp","href":"https:\/\/api.w.org\/{rel}","templated":true}]}}