{"id":24052,"date":"2026-04-17T09:53:40","date_gmt":"2026-04-17T09:53:40","guid":{"rendered":"https:\/\/antoniruiz.com\/?p=24052"},"modified":"2026-04-17T09:53:43","modified_gmt":"2026-04-17T09:53:43","slug":"%f0%9f%92%b9-expojove-2026-connectant-la-nova-fp-amb-el-teixit-empresarial-de-girona","status":"publish","type":"post","link":"https:\/\/antoniruiz.com\/ca\/%f0%9f%92%b9-expojove-2026-connectant-la-nova-fp-amb-el-teixit-empresarial-de-girona\/","title":{"rendered":"\ud83d\udcb9 ExpoJove 2026: connectant la nova FP amb el teixit empresarial de Girona"},"content":{"rendered":"\n<p>He tingut l\u2019oportunitat de participar a <strong>ExpoJove 2026, el Sal\u00f3 de Formaci\u00f3 i Ocupaci\u00f3<\/strong>, celebrat a la Fira de Girona, un espai clau per orientar el futur acad\u00e8mic i professional dels joves.<\/p>\n\n\n\n<p>La jornada ha estat especialment enriquidora gr\u00e0cies a la col\u00b7laboraci\u00f3 amb la <strong>Cambra de Comer\u00e7 de Girona<\/strong>, <strong>Comastech Centre Polit\u00e8cnic Comas<\/strong> i <strong>Georgina Comas Vieta<\/strong>, amb qui hem compartit reflexions i experi\u00e8ncies al voltant de la nova Formaci\u00f3 Professional.<\/p>\n\n\n\n<figure class=\"wp-block-image size-large\"><img fetchpriority=\"high\" decoding=\"async\" width=\"1024\" height=\"768\" src=\"https:\/\/antoniruiz.com\/wp-content\/uploads\/2026\/04\/WhatsApp-Image-2026-04-16-at-18.12.22-1024x768.jpeg\" alt=\"\" class=\"wp-image-24053\" srcset=\"https:\/\/antoniruiz.com\/wp-content\/uploads\/2026\/04\/WhatsApp-Image-2026-04-16-at-18.12.22-1024x768.jpeg 1024w, https:\/\/antoniruiz.com\/wp-content\/uploads\/2026\/04\/WhatsApp-Image-2026-04-16-at-18.12.22-300x225.jpeg 300w, https:\/\/antoniruiz.com\/wp-content\/uploads\/2026\/04\/WhatsApp-Image-2026-04-16-at-18.12.22-768x576.jpeg 768w, https:\/\/antoniruiz.com\/wp-content\/uploads\/2026\/04\/WhatsApp-Image-2026-04-16-at-18.12.22-1536x1152.jpeg 1536w, https:\/\/antoniruiz.com\/wp-content\/uploads\/2026\/04\/WhatsApp-Image-2026-04-16-at-18.12.22-1320x990.jpeg 1320w, https:\/\/antoniruiz.com\/wp-content\/uploads\/2026\/04\/WhatsApp-Image-2026-04-16-at-18.12.22.jpeg 2048w\" sizes=\"(max-width: 1024px) 100vw, 1024px\" \/><\/figure>\n\n\n\n<h3 class=\"wp-block-heading\">\ud83e\udd1d Di\u00e0leg necessari amb les empreses<\/h3>\n\n\n\n<p>Un dels punts m\u00e9s rellevants ha estat poder posar en com\u00fa, amb el teixit empresarial de Girona, els <strong>nous escenaris que planteja la FP<\/strong>:<\/p>\n\n\n\n<ul class=\"wp-block-list\">\n<li>Els <strong>avantatges<\/strong> d\u2019un model m\u00e9s connectat amb la realitat productiva<\/li>\n\n\n\n<li>Els <strong>reptes<\/strong> d\u2019implementaci\u00f3 de la nova FP Dual<\/li>\n\n\n\n<li>La import\u00e0ncia de la <strong>corresponsabilitat entre centres i empreses<\/strong><\/li>\n\n\n\n<li>I, sobretot, la necessitat de continuar <strong>dignificant i impulsar les professions<\/strong><\/li>\n<\/ul>\n\n\n\n<p>Aquest tipus de trobades s\u00f3n essencials per avan\u00e7ar cap a un model de formaci\u00f3 m\u00e9s eficient, alineat amb les necessitats reals del mercat laboral i amb capacitat de generar oportunitats reals per als joves.<\/p>\n\n\n\n<h3 class=\"wp-block-heading\">\ud83d\ude80 Seguim construint camins<\/h3>\n\n\n\n<p>ExpoJove no \u00e9s nom\u00e9s un punt de trobada, sin\u00f3 una palanca de canvi. Continuem treballant per apropar la FP a les empreses, generar confian\u00e7a i construir itineraris professionals s\u00f2lids i atractius.<\/p>\n\n\n\n<p><strong>Seguim!!<\/strong><\/p>\n\n\n\n<p>#ExpoJove2026 #Girona #CambraComer\u00e7Girona #Comastech #Sal\u00f3deformaci\u00f3iocupaci\u00f3 #Empreses #FPDual<\/p>\n\n\n\n<figure class=\"wp-block-gallery has-nested-images columns-default is-cropped wp-block-gallery-1 is-layout-flex wp-block-gallery-is-layout-flex\">\n<figure class=\"wp-block-image size-large\"><img decoding=\"async\" width=\"768\" height=\"1024\" data-id=\"24059\" src=\"https:\/\/antoniruiz.com\/wp-content\/uploads\/2026\/04\/WhatsApp-Image-2026-04-16-at-18.13.01-768x1024.jpeg\" alt=\"\" class=\"wp-image-24059\" srcset=\"https:\/\/antoniruiz.com\/wp-content\/uploads\/2026\/04\/WhatsApp-Image-2026-04-16-at-18.13.01-768x1024.jpeg 768w, https:\/\/antoniruiz.com\/wp-content\/uploads\/2026\/04\/WhatsApp-Image-2026-04-16-at-18.13.01-225x300.jpeg 225w, https:\/\/antoniruiz.com\/wp-content\/uploads\/2026\/04\/WhatsApp-Image-2026-04-16-at-18.13.01-1152x1536.jpeg 1152w, https:\/\/antoniruiz.com\/wp-content\/uploads\/2026\/04\/WhatsApp-Image-2026-04-16-at-18.13.01-1320x1760.jpeg 1320w, https:\/\/antoniruiz.com\/wp-content\/uploads\/2026\/04\/WhatsApp-Image-2026-04-16-at-18.13.01.jpeg 1536w\" sizes=\"(max-width: 768px) 100vw, 768px\" \/><\/figure>\n\n\n\n<figure class=\"wp-block-image size-large\"><img decoding=\"async\" width=\"1024\" height=\"768\" data-id=\"24056\" src=\"https:\/\/antoniruiz.com\/wp-content\/uploads\/2026\/04\/WhatsApp-Image-2026-04-16-at-18.12.22-1-1024x768.jpeg\" alt=\"\" class=\"wp-image-24056\" srcset=\"https:\/\/antoniruiz.com\/wp-content\/uploads\/2026\/04\/WhatsApp-Image-2026-04-16-at-18.12.22-1-1024x768.jpeg 1024w, https:\/\/antoniruiz.com\/wp-content\/uploads\/2026\/04\/WhatsApp-Image-2026-04-16-at-18.12.22-1-300x225.jpeg 300w, https:\/\/antoniruiz.com\/wp-content\/uploads\/2026\/04\/WhatsApp-Image-2026-04-16-at-18.12.22-1-768x576.jpeg 768w, https:\/\/antoniruiz.com\/wp-content\/uploads\/2026\/04\/WhatsApp-Image-2026-04-16-at-18.12.22-1-1536x1152.jpeg 1536w, https:\/\/antoniruiz.com\/wp-content\/uploads\/2026\/04\/WhatsApp-Image-2026-04-16-at-18.12.22-1-1320x990.jpeg 1320w, https:\/\/antoniruiz.com\/wp-content\/uploads\/2026\/04\/WhatsApp-Image-2026-04-16-at-18.12.22-1.jpeg 2048w\" sizes=\"(max-width: 1024px) 100vw, 1024px\" \/><\/figure>\n\n\n\n<figure class=\"wp-block-image size-large\"><img loading=\"lazy\" decoding=\"async\" width=\"768\" height=\"1024\" data-id=\"24062\" src=\"https:\/\/antoniruiz.com\/wp-content\/uploads\/2026\/04\/WhatsApp-Image-2026-04-16-at-18.11.50-768x1024.jpeg\" alt=\"\" class=\"wp-image-24062\" srcset=\"https:\/\/antoniruiz.com\/wp-content\/uploads\/2026\/04\/WhatsApp-Image-2026-04-16-at-18.11.50-768x1024.jpeg 768w, https:\/\/antoniruiz.com\/wp-content\/uploads\/2026\/04\/WhatsApp-Image-2026-04-16-at-18.11.50-225x300.jpeg 225w, https:\/\/antoniruiz.com\/wp-content\/uploads\/2026\/04\/WhatsApp-Image-2026-04-16-at-18.11.50-1152x1536.jpeg 1152w, https:\/\/antoniruiz.com\/wp-content\/uploads\/2026\/04\/WhatsApp-Image-2026-04-16-at-18.11.50-1320x1760.jpeg 1320w, https:\/\/antoniruiz.com\/wp-content\/uploads\/2026\/04\/WhatsApp-Image-2026-04-16-at-18.11.50.jpeg 1536w\" sizes=\"(max-width: 768px) 100vw, 768px\" \/><\/figure>\n\n\n\n<figure class=\"wp-block-image size-large\"><img loading=\"lazy\" decoding=\"async\" width=\"768\" height=\"1024\" data-id=\"24065\" src=\"https:\/\/antoniruiz.com\/wp-content\/uploads\/2026\/04\/WhatsApp-Image-2026-04-16-at-18.11.33-768x1024.jpeg\" alt=\"\" class=\"wp-image-24065\" srcset=\"https:\/\/antoniruiz.com\/wp-content\/uploads\/2026\/04\/WhatsApp-Image-2026-04-16-at-18.11.33-768x1024.jpeg 768w, https:\/\/antoniruiz.com\/wp-content\/uploads\/2026\/04\/WhatsApp-Image-2026-04-16-at-18.11.33-225x300.jpeg 225w, https:\/\/antoniruiz.com\/wp-content\/uploads\/2026\/04\/WhatsApp-Image-2026-04-16-at-18.11.33-1152x1536.jpeg 1152w, https:\/\/antoniruiz.com\/wp-content\/uploads\/2026\/04\/WhatsApp-Image-2026-04-16-at-18.11.33-1320x1760.jpeg 1320w, https:\/\/antoniruiz.com\/wp-content\/uploads\/2026\/04\/WhatsApp-Image-2026-04-16-at-18.11.33.jpeg 1536w\" sizes=\"(max-width: 768px) 100vw, 768px\" \/><\/figure>\n\n\n\n<figure class=\"wp-block-image size-large\"><img loading=\"lazy\" decoding=\"async\" width=\"1024\" height=\"768\" data-id=\"24071\" src=\"https:\/\/antoniruiz.com\/wp-content\/uploads\/2026\/04\/WhatsApp-Image-2026-04-16-at-18.11.15-1024x768.jpeg\" alt=\"\" class=\"wp-image-24071\" srcset=\"https:\/\/antoniruiz.com\/wp-content\/uploads\/2026\/04\/WhatsApp-Image-2026-04-16-at-18.11.15-1024x768.jpeg 1024w, https:\/\/antoniruiz.com\/wp-content\/uploads\/2026\/04\/WhatsApp-Image-2026-04-16-at-18.11.15-300x225.jpeg 300w, https:\/\/antoniruiz.com\/wp-content\/uploads\/2026\/04\/WhatsApp-Image-2026-04-16-at-18.11.15-768x576.jpeg 768w, https:\/\/antoniruiz.com\/wp-content\/uploads\/2026\/04\/WhatsApp-Image-2026-04-16-at-18.11.15-1536x1152.jpeg 1536w, https:\/\/antoniruiz.com\/wp-content\/uploads\/2026\/04\/WhatsApp-Image-2026-04-16-at-18.11.15-1320x990.jpeg 1320w, https:\/\/antoniruiz.com\/wp-content\/uploads\/2026\/04\/WhatsApp-Image-2026-04-16-at-18.11.15.jpeg 2048w\" sizes=\"(max-width: 1024px) 100vw, 1024px\" \/><\/figure>\n\n\n\n<figure class=\"wp-block-image size-large\"><img loading=\"lazy\" decoding=\"async\" width=\"768\" height=\"1024\" data-id=\"24068\" src=\"https:\/\/antoniruiz.com\/wp-content\/uploads\/2026\/04\/WhatsApp-Image-2026-04-16-at-18.10.54-768x1024.jpeg\" alt=\"\" class=\"wp-image-24068\" srcset=\"https:\/\/antoniruiz.com\/wp-content\/uploads\/2026\/04\/WhatsApp-Image-2026-04-16-at-18.10.54-768x1024.jpeg 768w, https:\/\/antoniruiz.com\/wp-content\/uploads\/2026\/04\/WhatsApp-Image-2026-04-16-at-18.10.54-225x300.jpeg 225w, https:\/\/antoniruiz.com\/wp-content\/uploads\/2026\/04\/WhatsApp-Image-2026-04-16-at-18.10.54-1152x1536.jpeg 1152w, https:\/\/antoniruiz.com\/wp-content\/uploads\/2026\/04\/WhatsApp-Image-2026-04-16-at-18.10.54-1320x1760.jpeg 1320w, https:\/\/antoniruiz.com\/wp-content\/uploads\/2026\/04\/WhatsApp-Image-2026-04-16-at-18.10.54.jpeg 1536w\" sizes=\"(max-width: 768px) 100vw, 768px\" \/><\/figure>\n<\/figure>\n","protected":false},"excerpt":{"rendered":"<p>He tingut l\u2019oportunitat de participar a ExpoJove 2026, el Sal\u00f3 de Formaci\u00f3 i Ocupaci\u00f3, celebrat a la Fira de Girona, [&hellip;]<\/p>\n","protected":false},"author":3,"featured_media":24062,"comment_status":"closed","ping_status":"open","sticky":false,"template":"","format":"standard","meta":{"_acf_changed":false,"site-sidebar-layout":"default","site-content-layout":"","ast-site-content-layout":"default","site-content-style":"default","site-sidebar-style":"default","ast-global-header-display":"","ast-banner-title-visibility":"","ast-main-header-display":"","ast-hfb-above-header-display":"","ast-hfb-below-header-display":"","ast-hfb-mobile-header-display":"","site-post-title":"","ast-breadcrumbs-content":"","ast-featured-img":"","footer-sml-layout":"","ast-disable-related-posts":"","theme-transparent-header-meta":"","adv-header-id-meta":"","stick-header-meta":"","header-above-stick-meta":"","header-main-stick-meta":"","header-below-stick-meta":"","astra-migrate-meta-layouts":"default","ast-page-background-enabled":"default","ast-page-background-meta":{"desktop":{"background-color":"var(--ast-global-color-4)","background-image":"","background-repeat":"repeat","background-position":"center center","background-size":"auto","background-attachment":"scroll","background-type":"","background-media":"","overlay-type":"","overlay-color":"","overlay-opacity":"","overlay-gradient":""},"tablet":{"background-color":"","background-image":"","background-repeat":"repeat","background-position":"center center","background-size":"auto","background-attachment":"scroll","background-type":"","background-media":"","overlay-type":"","overlay-color":"","overlay-opacity":"","overlay-gradient":""},"mobile":{"background-color":"","background-image":"","background-repeat":"repeat","background-position":"center center","background-size":"auto","background-attachment":"scroll","background-type":"","background-media":"","overlay-type":"","overlay-color":"","overlay-opacity":"","overlay-gradient":""}},"ast-content-background-meta":{"desktop":{"background-color":"var(--ast-global-color-5)","background-image":"","background-repeat":"repeat","background-position":"center center","background-size":"auto","background-attachment":"scroll","background-type":"","background-media":"","overlay-type":"","overlay-color":"","overlay-opacity":"","overlay-gradient":""},"tablet":{"background-color":"var(--ast-global-color-5)","background-image":"","background-repeat":"repeat","background-position":"center center","background-size":"auto","background-attachment":"scroll","background-type":"","background-media":"","overlay-type":"","overlay-color":"","overlay-opacity":"","overlay-gradient":""},"mobile":{"background-color":"var(--ast-global-color-5)","background-image":"","background-repeat":"repeat","background-position":"center center","background-size":"auto","background-attachment":"scroll","background-type":"","background-media":"","overlay-type":"","overlay-color":"","overlay-opacity":"","overlay-gradient":""}},"footnotes":""},"categories":[33],"tags":[],"class_list":["post-24052","post","type-post","status-publish","format-standard","has-post-thumbnail","hentry","category-blog-ca"],"acf":[],"yoast_head":"<!-- This site is optimized with the Yoast SEO plugin v23.2 - https:\/\/yoast.com\/wordpress\/plugins\/seo\/ -->\n<title>\ud83d\udcb9 ExpoJove 2026: connectant la nova FP amb el teixit empresarial de Girona - Antoni Ruiz<\/title>\n<meta name=\"robots\" content=\"index, follow, max-snippet:-1, max-image-preview:large, max-video-preview:-1\" \/>\n<link rel=\"canonical\" href=\"https:\/\/antoniruiz.com\/ca\/%f0%9f%92%b9-expojove-2026-connectant-la-nova-fp-amb-el-teixit-empresarial-de-girona\/\" \/>\n<meta property=\"og:locale\" content=\"ca_ES\" \/>\n<meta property=\"og:type\" content=\"article\" \/>\n<meta property=\"og:title\" content=\"\ud83d\udcb9 ExpoJove 2026: connectant la nova FP amb el teixit empresarial de Girona - Antoni Ruiz\" \/>\n<meta property=\"og:description\" content=\"He tingut l\u2019oportunitat de participar a ExpoJove 2026, el Sal\u00f3 de Formaci\u00f3 i Ocupaci\u00f3, celebrat a la Fira de Girona, [&hellip;]\" \/>\n<meta property=\"og:url\" content=\"https:\/\/antoniruiz.com\/ca\/%f0%9f%92%b9-expojove-2026-connectant-la-nova-fp-amb-el-teixit-empresarial-de-girona\/\" \/>\n<meta property=\"og:site_name\" content=\"Antoni Ruiz\" \/>\n<meta property=\"article:published_time\" content=\"2026-04-17T09:53:40+00:00\" \/>\n<meta property=\"article:modified_time\" content=\"2026-04-17T09:53:43+00:00\" \/>\n<meta property=\"og:image\" content=\"https:\/\/antoniruiz.com\/wp-content\/uploads\/2026\/04\/WhatsApp-Image-2026-04-16-at-18.11.50.jpeg\" \/>\n\t<meta property=\"og:image:width\" content=\"1536\" \/>\n\t<meta property=\"og:image:height\" content=\"2048\" \/>\n\t<meta property=\"og:image:type\" content=\"image\/jpeg\" \/>\n<meta name=\"author\" content=\"Antoni Ruiz\" \/>\n<meta name=\"twitter:card\" content=\"summary_large_image\" \/>\n<meta name=\"twitter:label1\" content=\"Escrit per\" \/>\n\t<meta name=\"twitter:data1\" content=\"Antoni Ruiz\" \/>\n\t<meta name=\"twitter:label2\" content=\"Temps estimat de lectura\" \/>\n\t<meta name=\"twitter:data2\" content=\"3 minuts\" \/>\n<script type=\"application\/ld+json\" class=\"yoast-schema-graph\">{\"@context\":\"https:\/\/schema.org\",\"@graph\":[{\"@type\":\"Article\",\"@id\":\"https:\/\/antoniruiz.com\/ca\/%f0%9f%92%b9-expojove-2026-connectant-la-nova-fp-amb-el-teixit-empresarial-de-girona\/#article\",\"isPartOf\":{\"@id\":\"https:\/\/antoniruiz.com\/ca\/%f0%9f%92%b9-expojove-2026-connectant-la-nova-fp-amb-el-teixit-empresarial-de-girona\/\"},\"author\":{\"name\":\"Antoni Ruiz\",\"@id\":\"https:\/\/antoniruiz.com\/ca\/#\/schema\/person\/a8d62eab776c7cf6f6efafa52d0bce62\"},\"headline\":\"\ud83d\udcb9 ExpoJove 2026: connectant la nova FP amb el teixit empresarial de Girona\",\"datePublished\":\"2026-04-17T09:53:40+00:00\",\"dateModified\":\"2026-04-17T09:53:43+00:00\",\"mainEntityOfPage\":{\"@id\":\"https:\/\/antoniruiz.com\/ca\/%f0%9f%92%b9-expojove-2026-connectant-la-nova-fp-amb-el-teixit-empresarial-de-girona\/\"},\"wordCount\":245,\"publisher\":{\"@id\":\"https:\/\/antoniruiz.com\/ca\/#organization\"},\"image\":{\"@id\":\"https:\/\/antoniruiz.com\/ca\/%f0%9f%92%b9-expojove-2026-connectant-la-nova-fp-amb-el-teixit-empresarial-de-girona\/#primaryimage\"},\"thumbnailUrl\":\"https:\/\/antoniruiz.com\/wp-content\/uploads\/2026\/04\/WhatsApp-Image-2026-04-16-at-18.11.50.jpeg\",\"articleSection\":[\"blog\"],\"inLanguage\":\"ca\"},{\"@type\":\"WebPage\",\"@id\":\"https:\/\/antoniruiz.com\/ca\/%f0%9f%92%b9-expojove-2026-connectant-la-nova-fp-amb-el-teixit-empresarial-de-girona\/\",\"url\":\"https:\/\/antoniruiz.com\/ca\/%f0%9f%92%b9-expojove-2026-connectant-la-nova-fp-amb-el-teixit-empresarial-de-girona\/\",\"name\":\"\ud83d\udcb9 ExpoJove 2026: connectant la nova FP amb el teixit empresarial de Girona - Antoni Ruiz\",\"isPartOf\":{\"@id\":\"https:\/\/antoniruiz.com\/ca\/#website\"},\"primaryImageOfPage\":{\"@id\":\"https:\/\/antoniruiz.com\/ca\/%f0%9f%92%b9-expojove-2026-connectant-la-nova-fp-amb-el-teixit-empresarial-de-girona\/#primaryimage\"},\"image\":{\"@id\":\"https:\/\/antoniruiz.com\/ca\/%f0%9f%92%b9-expojove-2026-connectant-la-nova-fp-amb-el-teixit-empresarial-de-girona\/#primaryimage\"},\"thumbnailUrl\":\"https:\/\/antoniruiz.com\/wp-content\/uploads\/2026\/04\/WhatsApp-Image-2026-04-16-at-18.11.50.jpeg\",\"datePublished\":\"2026-04-17T09:53:40+00:00\",\"dateModified\":\"2026-04-17T09:53:43+00:00\",\"breadcrumb\":{\"@id\":\"https:\/\/antoniruiz.com\/ca\/%f0%9f%92%b9-expojove-2026-connectant-la-nova-fp-amb-el-teixit-empresarial-de-girona\/#breadcrumb\"},\"inLanguage\":\"ca\",\"potentialAction\":[{\"@type\":\"ReadAction\",\"target\":[\"https:\/\/antoniruiz.com\/ca\/%f0%9f%92%b9-expojove-2026-connectant-la-nova-fp-amb-el-teixit-empresarial-de-girona\/\"]}]},{\"@type\":\"ImageObject\",\"inLanguage\":\"ca\",\"@id\":\"https:\/\/antoniruiz.com\/ca\/%f0%9f%92%b9-expojove-2026-connectant-la-nova-fp-amb-el-teixit-empresarial-de-girona\/#primaryimage\",\"url\":\"https:\/\/antoniruiz.com\/wp-content\/uploads\/2026\/04\/WhatsApp-Image-2026-04-16-at-18.11.50.jpeg\",\"contentUrl\":\"https:\/\/antoniruiz.com\/wp-content\/uploads\/2026\/04\/WhatsApp-Image-2026-04-16-at-18.11.50.jpeg\",\"width\":1536,\"height\":2048},{\"@type\":\"BreadcrumbList\",\"@id\":\"https:\/\/antoniruiz.com\/ca\/%f0%9f%92%b9-expojove-2026-connectant-la-nova-fp-amb-el-teixit-empresarial-de-girona\/#breadcrumb\",\"itemListElement\":[{\"@type\":\"ListItem\",\"position\":1,\"name\":\"Home\",\"item\":\"https:\/\/antoniruiz.com\/ca\/\"},{\"@type\":\"ListItem\",\"position\":2,\"name\":\"\ud83d\udcb9 ExpoJove 2026: connectant la nova FP amb el teixit empresarial de Girona\"}]},{\"@type\":\"WebSite\",\"@id\":\"https:\/\/antoniruiz.com\/ca\/#website\",\"url\":\"https:\/\/antoniruiz.com\/ca\/\",\"name\":\"Antoni Ruiz\",\"description\":\"\",\"publisher\":{\"@id\":\"https:\/\/antoniruiz.com\/ca\/#organization\"},\"potentialAction\":[{\"@type\":\"SearchAction\",\"target\":{\"@type\":\"EntryPoint\",\"urlTemplate\":\"https:\/\/antoniruiz.com\/ca\/?s={search_term_string}\"},\"query-input\":\"required name=search_term_string\"}],\"inLanguage\":\"ca\"},{\"@type\":\"Organization\",\"@id\":\"https:\/\/antoniruiz.com\/ca\/#organization\",\"name\":\"Antoni Ruiz\",\"url\":\"https:\/\/antoniruiz.com\/ca\/\",\"logo\":{\"@type\":\"ImageObject\",\"inLanguage\":\"ca\",\"@id\":\"https:\/\/antoniruiz.com\/ca\/#\/schema\/logo\/image\/\",\"url\":\"https:\/\/antoniruiz.com\/wp-content\/uploads\/2024\/06\/AntoniRuiz_MAIN.png\",\"contentUrl\":\"https:\/\/antoniruiz.com\/wp-content\/uploads\/2024\/06\/AntoniRuiz_MAIN.png\",\"width\":944,\"height\":675,\"caption\":\"Antoni Ruiz\"},\"image\":{\"@id\":\"https:\/\/antoniruiz.com\/ca\/#\/schema\/logo\/image\/\"}},{\"@type\":\"Person\",\"@id\":\"https:\/\/antoniruiz.com\/ca\/#\/schema\/person\/a8d62eab776c7cf6f6efafa52d0bce62\",\"name\":\"Antoni Ruiz\",\"image\":{\"@type\":\"ImageObject\",\"inLanguage\":\"ca\",\"@id\":\"https:\/\/antoniruiz.com\/ca\/#\/schema\/person\/image\/\",\"url\":\"https:\/\/secure.gravatar.com\/avatar\/7c088e4296c344dd768b0c3ec823a8955c44caecaa1bfc843afc64b88c2d3d64?s=96&d=mm&r=g\",\"contentUrl\":\"https:\/\/secure.gravatar.com\/avatar\/7c088e4296c344dd768b0c3ec823a8955c44caecaa1bfc843afc64b88c2d3d64?s=96&d=mm&r=g\",\"caption\":\"Antoni Ruiz\"},\"url\":\"https:\/\/antoniruiz.com\/ca\/author\/antoni-ruiz\/\"}]}<\/script>\n<!-- \/ Yoast SEO plugin. -->","yoast_head_json":{"title":"\ud83d\udcb9 ExpoJove 2026: connectant la nova FP amb el teixit empresarial de Girona - Antoni Ruiz","robots":{"index":"index","follow":"follow","max-snippet":"max-snippet:-1","max-image-preview":"max-image-preview:large","max-video-preview":"max-video-preview:-1"},"canonical":"https:\/\/antoniruiz.com\/ca\/%f0%9f%92%b9-expojove-2026-connectant-la-nova-fp-amb-el-teixit-empresarial-de-girona\/","og_locale":"ca_ES","og_type":"article","og_title":"\ud83d\udcb9 ExpoJove 2026: connectant la nova FP amb el teixit empresarial de Girona - Antoni Ruiz","og_description":"He tingut l\u2019oportunitat de participar a ExpoJove 2026, el Sal\u00f3 de Formaci\u00f3 i Ocupaci\u00f3, celebrat a la Fira de Girona, [&hellip;]","og_url":"https:\/\/antoniruiz.com\/ca\/%f0%9f%92%b9-expojove-2026-connectant-la-nova-fp-amb-el-teixit-empresarial-de-girona\/","og_site_name":"Antoni Ruiz","article_published_time":"2026-04-17T09:53:40+00:00","article_modified_time":"2026-04-17T09:53:43+00:00","og_image":[{"width":1536,"height":2048,"url":"https:\/\/antoniruiz.com\/wp-content\/uploads\/2026\/04\/WhatsApp-Image-2026-04-16-at-18.11.50.jpeg","type":"image\/jpeg"}],"author":"Antoni Ruiz","twitter_card":"summary_large_image","twitter_misc":{"Escrit per":"Antoni Ruiz","Temps estimat de lectura":"3 minuts"},"schema":{"@context":"https:\/\/schema.org","@graph":[{"@type":"Article","@id":"https:\/\/antoniruiz.com\/ca\/%f0%9f%92%b9-expojove-2026-connectant-la-nova-fp-amb-el-teixit-empresarial-de-girona\/#article","isPartOf":{"@id":"https:\/\/antoniruiz.com\/ca\/%f0%9f%92%b9-expojove-2026-connectant-la-nova-fp-amb-el-teixit-empresarial-de-girona\/"},"author":{"name":"Antoni Ruiz","@id":"https:\/\/antoniruiz.com\/ca\/#\/schema\/person\/a8d62eab776c7cf6f6efafa52d0bce62"},"headline":"\ud83d\udcb9 ExpoJove 2026: connectant la nova FP amb el teixit empresarial de Girona","datePublished":"2026-04-17T09:53:40+00:00","dateModified":"2026-04-17T09:53:43+00:00","mainEntityOfPage":{"@id":"https:\/\/antoniruiz.com\/ca\/%f0%9f%92%b9-expojove-2026-connectant-la-nova-fp-amb-el-teixit-empresarial-de-girona\/"},"wordCount":245,"publisher":{"@id":"https:\/\/antoniruiz.com\/ca\/#organization"},"image":{"@id":"https:\/\/antoniruiz.com\/ca\/%f0%9f%92%b9-expojove-2026-connectant-la-nova-fp-amb-el-teixit-empresarial-de-girona\/#primaryimage"},"thumbnailUrl":"https:\/\/antoniruiz.com\/wp-content\/uploads\/2026\/04\/WhatsApp-Image-2026-04-16-at-18.11.50.jpeg","articleSection":["blog"],"inLanguage":"ca"},{"@type":"WebPage","@id":"https:\/\/antoniruiz.com\/ca\/%f0%9f%92%b9-expojove-2026-connectant-la-nova-fp-amb-el-teixit-empresarial-de-girona\/","url":"https:\/\/antoniruiz.com\/ca\/%f0%9f%92%b9-expojove-2026-connectant-la-nova-fp-amb-el-teixit-empresarial-de-girona\/","name":"\ud83d\udcb9 ExpoJove 2026: connectant la nova FP amb el teixit empresarial de Girona - Antoni Ruiz","isPartOf":{"@id":"https:\/\/antoniruiz.com\/ca\/#website"},"primaryImageOfPage":{"@id":"https:\/\/antoniruiz.com\/ca\/%f0%9f%92%b9-expojove-2026-connectant-la-nova-fp-amb-el-teixit-empresarial-de-girona\/#primaryimage"},"image":{"@id":"https:\/\/antoniruiz.com\/ca\/%f0%9f%92%b9-expojove-2026-connectant-la-nova-fp-amb-el-teixit-empresarial-de-girona\/#primaryimage"},"thumbnailUrl":"https:\/\/antoniruiz.com\/wp-content\/uploads\/2026\/04\/WhatsApp-Image-2026-04-16-at-18.11.50.jpeg","datePublished":"2026-04-17T09:53:40+00:00","dateModified":"2026-04-17T09:53:43+00:00","breadcrumb":{"@id":"https:\/\/antoniruiz.com\/ca\/%f0%9f%92%b9-expojove-2026-connectant-la-nova-fp-amb-el-teixit-empresarial-de-girona\/#breadcrumb"},"inLanguage":"ca","potentialAction":[{"@type":"ReadAction","target":["https:\/\/antoniruiz.com\/ca\/%f0%9f%92%b9-expojove-2026-connectant-la-nova-fp-amb-el-teixit-empresarial-de-girona\/"]}]},{"@type":"ImageObject","inLanguage":"ca","@id":"https:\/\/antoniruiz.com\/ca\/%f0%9f%92%b9-expojove-2026-connectant-la-nova-fp-amb-el-teixit-empresarial-de-girona\/#primaryimage","url":"https:\/\/antoniruiz.com\/wp-content\/uploads\/2026\/04\/WhatsApp-Image-2026-04-16-at-18.11.50.jpeg","contentUrl":"https:\/\/antoniruiz.com\/wp-content\/uploads\/2026\/04\/WhatsApp-Image-2026-04-16-at-18.11.50.jpeg","width":1536,"height":2048},{"@type":"BreadcrumbList","@id":"https:\/\/antoniruiz.com\/ca\/%f0%9f%92%b9-expojove-2026-connectant-la-nova-fp-amb-el-teixit-empresarial-de-girona\/#breadcrumb","itemListElement":[{"@type":"ListItem","position":1,"name":"Home","item":"https:\/\/antoniruiz.com\/ca\/"},{"@type":"ListItem","position":2,"name":"\ud83d\udcb9 ExpoJove 2026: connectant la nova FP amb el teixit empresarial de Girona"}]},{"@type":"WebSite","@id":"https:\/\/antoniruiz.com\/ca\/#website","url":"https:\/\/antoniruiz.com\/ca\/","name":"Antoni Ruiz","description":"","publisher":{"@id":"https:\/\/antoniruiz.com\/ca\/#organization"},"potentialAction":[{"@type":"SearchAction","target":{"@type":"EntryPoint","urlTemplate":"https:\/\/antoniruiz.com\/ca\/?s={search_term_string}"},"query-input":"required name=search_term_string"}],"inLanguage":"ca"},{"@type":"Organization","@id":"https:\/\/antoniruiz.com\/ca\/#organization","name":"Antoni Ruiz","url":"https:\/\/antoniruiz.com\/ca\/","logo":{"@type":"ImageObject","inLanguage":"ca","@id":"https:\/\/antoniruiz.com\/ca\/#\/schema\/logo\/image\/","url":"https:\/\/antoniruiz.com\/wp-content\/uploads\/2024\/06\/AntoniRuiz_MAIN.png","contentUrl":"https:\/\/antoniruiz.com\/wp-content\/uploads\/2024\/06\/AntoniRuiz_MAIN.png","width":944,"height":675,"caption":"Antoni Ruiz"},"image":{"@id":"https:\/\/antoniruiz.com\/ca\/#\/schema\/logo\/image\/"}},{"@type":"Person","@id":"https:\/\/antoniruiz.com\/ca\/#\/schema\/person\/a8d62eab776c7cf6f6efafa52d0bce62","name":"Antoni Ruiz","image":{"@type":"ImageObject","inLanguage":"ca","@id":"https:\/\/antoniruiz.com\/ca\/#\/schema\/person\/image\/","url":"https:\/\/secure.gravatar.com\/avatar\/7c088e4296c344dd768b0c3ec823a8955c44caecaa1bfc843afc64b88c2d3d64?s=96&d=mm&r=g","contentUrl":"https:\/\/secure.gravatar.com\/avatar\/7c088e4296c344dd768b0c3ec823a8955c44caecaa1bfc843afc64b88c2d3d64?s=96&d=mm&r=g","caption":"Antoni Ruiz"},"url":"https:\/\/antoniruiz.com\/ca\/author\/antoni-ruiz\/"}]}},"_links":{"self":[{"href":"https:\/\/antoniruiz.com\/ca\/wp-json\/wp\/v2\/posts\/24052","targetHints":{"allow":["GET"]}}],"collection":[{"href":"https:\/\/antoniruiz.com\/ca\/wp-json\/wp\/v2\/posts"}],"about":[{"href":"https:\/\/antoniruiz.com\/ca\/wp-json\/wp\/v2\/types\/post"}],"author":[{"embeddable":true,"href":"https:\/\/antoniruiz.com\/ca\/wp-json\/wp\/v2\/users\/3"}],"replies":[{"embeddable":true,"href":"https:\/\/antoniruiz.com\/ca\/wp-json\/wp\/v2\/comments?post=24052"}],"version-history":[{"count":1,"href":"https:\/\/antoniruiz.com\/ca\/wp-json\/wp\/v2\/posts\/24052\/revisions"}],"predecessor-version":[{"id":24074,"href":"https:\/\/antoniruiz.com\/ca\/wp-json\/wp\/v2\/posts\/24052\/revisions\/24074"}],"wp:featuredmedia":[{"embeddable":true,"href":"https:\/\/antoniruiz.com\/ca\/wp-json\/wp\/v2\/media\/24062"}],"wp:attachment":[{"href":"https:\/\/antoniruiz.com\/ca\/wp-json\/wp\/v2\/media?parent=24052"}],"wp:term":[{"taxonomy":"category","embeddable":true,"href":"https:\/\/antoniruiz.com\/ca\/wp-json\/wp\/v2\/categories?post=24052"},{"taxonomy":"post_tag","embeddable":true,"href":"https:\/\/antoniruiz.com\/ca\/wp-json\/wp\/v2\/tags?post=24052"}],"curies":[{"name":"wp","href":"https:\/\/api.w.org\/{rel}","templated":true}]}}