{"id":24021,"date":"2026-04-15T08:28:07","date_gmt":"2026-04-15T08:28:07","guid":{"rendered":"https:\/\/antoniruiz.com\/?p=24021"},"modified":"2026-04-15T08:33:24","modified_gmt":"2026-04-15T08:33:24","slug":"un-present-brillant-per-a-la-fp-en-electricitat-i-climatitzacio-avui-a-alcala-de-henares","status":"publish","type":"post","link":"https:\/\/antoniruiz.com\/ca\/un-present-brillant-per-a-la-fp-en-electricitat-i-climatitzacio-avui-a-alcala-de-henares\/","title":{"rendered":"Un present brillant per a la FP en Electricitat i Climatitzaci\u00f3 (Avui a Alcal\u00e1 de Henares)"},"content":{"rendered":"\n<p>Avui vull compartir una experi\u00e8ncia especialment enriquidora despr\u00e9s de la meva recent confer\u00e8ncia a l&#8217;IES Antonio Machado, a Alcal\u00e1 de Henares.<\/p>\n\n\n\n<p>Vaig tenir l&#8217;oportunitat de dirigir-me a alumnes de Grau Mitj\u00e0 i Grau Superior de les fam\u00edlies professionals d&#8217;Electricitat i Fred, i una vegada m\u00e9s vaig confirmar una cosa que fa temps que defenso:<\/p>\n\n\n\n<p>\ud83d\udc49 Aquests cicles formatius viuen un moment excepcional.<\/p>\n\n\n\n<figure class=\"wp-block-image size-large\"><img fetchpriority=\"high\" decoding=\"async\" width=\"1024\" height=\"768\" src=\"https:\/\/antoniruiz.com\/wp-content\/uploads\/2026\/04\/WhatsApp-Image-2026-03-26-at-10.24.16-1-1024x768.jpeg\" alt=\"\" class=\"wp-image-24009\" srcset=\"https:\/\/antoniruiz.com\/wp-content\/uploads\/2026\/04\/WhatsApp-Image-2026-03-26-at-10.24.16-1-1024x768.jpeg 1024w, https:\/\/antoniruiz.com\/wp-content\/uploads\/2026\/04\/WhatsApp-Image-2026-03-26-at-10.24.16-1-300x225.jpeg 300w, https:\/\/antoniruiz.com\/wp-content\/uploads\/2026\/04\/WhatsApp-Image-2026-03-26-at-10.24.16-1-768x576.jpeg 768w, https:\/\/antoniruiz.com\/wp-content\/uploads\/2026\/04\/WhatsApp-Image-2026-03-26-at-10.24.16-1-1536x1152.jpeg 1536w, https:\/\/antoniruiz.com\/wp-content\/uploads\/2026\/04\/WhatsApp-Image-2026-03-26-at-10.24.16-1-1320x990.jpeg 1320w, https:\/\/antoniruiz.com\/wp-content\/uploads\/2026\/04\/WhatsApp-Image-2026-03-26-at-10.24.16-1.jpeg 1600w\" sizes=\"(max-width: 1024px) 100vw, 1024px\" \/><\/figure>\n\n\n\n<p>\ud83d\udcbc La realitat \u00e9s clara:<br>\ud83d\udcc8 100% d&#8217;ocupabilitat per als titulats en finalitzar els estudis.<br>Una dada que no nom\u00e9s parla del present, sin\u00f3 tamb\u00e9 de l&#8217;enorme futur que tenen els oficis t\u00e8cnics a casa nostra.<\/p>\n\n\n\n<p>\ud83c\udfeb Un centre referent en Formaci\u00f3 Professional<\/p>\n\n\n\n<p>L&#8217;IES Antonio Machado no \u00e9s cap centre qualsevol. Estem davant d&#8217;un dels centres p\u00fablics de Formaci\u00f3 Professional m\u00e9s grans d&#8217;Espanya, una aut\u00e8ntica refer\u00e8ncia per:<\/p>\n\n\n\n<p>\u2714\ufe0f La seva dimensi\u00f3 i capacitat formativa<br>\u2714\ufe0f La qualitat de les seves instal\u00b7lacions<br>\u2714\ufe0f I, sobretot, l&#8217;alt\u00edssim nivell d&#8217;implicaci\u00f3 del claustre de professors<\/p>\n\n\n\n<p>Vull posar en valor la seva vocaci\u00f3 de servei a la comunitat, formant professionals preparats, compromesos i altament qualificats.<\/p>\n\n\n\n<p>\ud83e\udd1d La import\u00e0ncia de les aliances: empresa + FP<\/p>\n\n\n\n<p>En aquesta jornada vaig tenir a m\u00e9s el plaer de comptar amb el suport de Finder, una companyia que demostra amb fets el seu comprom\u00eds amb el sector:<\/p>\n\n\n\n<p>\ud83d\udd27 Apostant per la formaci\u00f3 cont\u00ednua de les empreses instal\u00b7ladores<br>\ud83c\udf93 Recolzant directament els estudiants de Formaci\u00f3 Professional<br>\ud83d\ude80 Connectant el m\u00f3n educatiu amb la realitat empresarial<\/p>\n\n\n\n<p>Aquest tipus de col\u00b7laboracions s\u00f3n clau per continuar construint una FP moderna, connectada i alineada amb les necessitats del mercat.<\/p>\n\n\n\n<p>\ud83c\udf0d Construint futur des dels oficis<\/p>\n\n\n\n<p>Cada cop \u00e9s m\u00e9s evident:<br>\ud83d\udc49 La FP no \u00e9s una alternativa, \u00e9s una elecci\u00f3 de futur.<\/p>\n\n\n\n<p>Avui dia, els oficis t\u00e8cnics s\u00f3n sin\u00f2nim d&#8217;estabilitat, desenvolupament professional i contribuci\u00f3 directa als grans reptes de la nostra societat: sostenibilitat, efici\u00e8ncia energ\u00e8tica i digitalitzaci\u00f3.<\/p>\n\n\n\n<p>\ud83d\udce2 T&#8217;ho explico tot al bloc<\/p>\n\n\n\n<p>Si vols con\u00e8ixer m\u00e9s detalls sobre aquesta jornada, reflexions i claus sobre el futur de la FP en aquests sectors:<\/p>\n\n\n\n<p>\ud83d\udc49 T&#8217;invito a llegir l&#8217;article complet al meu bloc<br>(ia seguir impulsant junts el valor de la Formaci\u00f3 Professional)<\/p>\n\n\n\n<p>Formaci\u00f3Professional #FPDual #Electricitat #Climatitzaci\u00f3 #FridIndustrial #Empleabilitat #TalentJoven #OficisambFutur #Educaci\u00f3 #Ind\u00fastria #Instal\u00b7ladors #Efici\u00e8nciaEnerg\u00e8tica #Sostenibilitat #AprendreFent #Vocaci\u00f3 #FP #EmpresesiFP #Finder #Alcal\u00e1DeH<\/p>\n\n\n\n<figure class=\"wp-block-gallery has-nested-images columns-default is-cropped wp-block-gallery-1 is-layout-flex wp-block-gallery-is-layout-flex\">\n<figure class=\"wp-block-image size-large\"><img decoding=\"async\" width=\"640\" height=\"1024\" data-id=\"24000\" src=\"https:\/\/antoniruiz.com\/wp-content\/uploads\/2026\/04\/20260324_120442-640x1024.jpg\" alt=\"\" class=\"wp-image-24000\" srcset=\"https:\/\/antoniruiz.com\/wp-content\/uploads\/2026\/04\/20260324_120442-640x1024.jpg 640w, https:\/\/antoniruiz.com\/wp-content\/uploads\/2026\/04\/20260324_120442-188x300.jpg 188w, https:\/\/antoniruiz.com\/wp-content\/uploads\/2026\/04\/20260324_120442-768x1229.jpg 768w, https:\/\/antoniruiz.com\/wp-content\/uploads\/2026\/04\/20260324_120442-960x1536.jpg 960w, https:\/\/antoniruiz.com\/wp-content\/uploads\/2026\/04\/20260324_120442-1280x2048.jpg 1280w, https:\/\/antoniruiz.com\/wp-content\/uploads\/2026\/04\/20260324_120442-1320x2112.jpg 1320w, https:\/\/antoniruiz.com\/wp-content\/uploads\/2026\/04\/20260324_120442-scaled.jpg 1600w\" sizes=\"(max-width: 640px) 100vw, 640px\" \/><\/figure>\n\n\n\n<figure class=\"wp-block-image size-large\"><img decoding=\"async\" width=\"1024\" height=\"640\" data-id=\"24003\" src=\"https:\/\/antoniruiz.com\/wp-content\/uploads\/2026\/04\/20260324_125824-1024x640.jpg\" alt=\"\" class=\"wp-image-24003\" srcset=\"https:\/\/antoniruiz.com\/wp-content\/uploads\/2026\/04\/20260324_125824-1024x640.jpg 1024w, https:\/\/antoniruiz.com\/wp-content\/uploads\/2026\/04\/20260324_125824-300x188.jpg 300w, https:\/\/antoniruiz.com\/wp-content\/uploads\/2026\/04\/20260324_125824-768x480.jpg 768w, https:\/\/antoniruiz.com\/wp-content\/uploads\/2026\/04\/20260324_125824-1536x960.jpg 1536w, https:\/\/antoniruiz.com\/wp-content\/uploads\/2026\/04\/20260324_125824-2048x1280.jpg 2048w, https:\/\/antoniruiz.com\/wp-content\/uploads\/2026\/04\/20260324_125824-1320x825.jpg 1320w\" sizes=\"(max-width: 1024px) 100vw, 1024px\" \/><\/figure>\n\n\n\n<figure class=\"wp-block-image size-large\"><img loading=\"lazy\" decoding=\"async\" width=\"960\" height=\"1024\" data-id=\"23997\" src=\"https:\/\/antoniruiz.com\/wp-content\/uploads\/2026\/04\/20260324_123642-960x1024.jpg\" alt=\"\" class=\"wp-image-23997\" srcset=\"https:\/\/antoniruiz.com\/wp-content\/uploads\/2026\/04\/20260324_123642-960x1024.jpg 960w, https:\/\/antoniruiz.com\/wp-content\/uploads\/2026\/04\/20260324_123642-281x300.jpg 281w, https:\/\/antoniruiz.com\/wp-content\/uploads\/2026\/04\/20260324_123642-768x819.jpg 768w, https:\/\/antoniruiz.com\/wp-content\/uploads\/2026\/04\/20260324_123642-1440x1536.jpg 1440w, https:\/\/antoniruiz.com\/wp-content\/uploads\/2026\/04\/20260324_123642-1920x2048.jpg 1920w, https:\/\/antoniruiz.com\/wp-content\/uploads\/2026\/04\/20260324_123642-1320x1408.jpg 1320w, https:\/\/antoniruiz.com\/wp-content\/uploads\/2026\/04\/20260324_123642.jpg 2040w\" sizes=\"(max-width: 960px) 100vw, 960px\" \/><\/figure>\n\n\n\n<figure class=\"wp-block-image size-large\"><img loading=\"lazy\" decoding=\"async\" width=\"640\" height=\"1024\" data-id=\"24007\" src=\"https:\/\/antoniruiz.com\/wp-content\/uploads\/2026\/04\/20260324_120414-640x1024.jpg\" alt=\"\" class=\"wp-image-24007\" srcset=\"https:\/\/antoniruiz.com\/wp-content\/uploads\/2026\/04\/20260324_120414-640x1024.jpg 640w, https:\/\/antoniruiz.com\/wp-content\/uploads\/2026\/04\/20260324_120414-188x300.jpg 188w, https:\/\/antoniruiz.com\/wp-content\/uploads\/2026\/04\/20260324_120414-768x1229.jpg 768w, https:\/\/antoniruiz.com\/wp-content\/uploads\/2026\/04\/20260324_120414-960x1536.jpg 960w, https:\/\/antoniruiz.com\/wp-content\/uploads\/2026\/04\/20260324_120414-1280x2048.jpg 1280w, https:\/\/antoniruiz.com\/wp-content\/uploads\/2026\/04\/20260324_120414-1320x2112.jpg 1320w, https:\/\/antoniruiz.com\/wp-content\/uploads\/2026\/04\/20260324_120414-scaled.jpg 1600w\" sizes=\"(max-width: 640px) 100vw, 640px\" \/><\/figure>\n\n\n\n<figure class=\"wp-block-image size-large\"><img loading=\"lazy\" decoding=\"async\" width=\"1024\" height=\"932\" data-id=\"24011\" src=\"https:\/\/antoniruiz.com\/wp-content\/uploads\/2026\/04\/WhatsApp-Image-2026-03-26-at-10.24.19-1024x932.jpeg\" alt=\"\" class=\"wp-image-24011\" srcset=\"https:\/\/antoniruiz.com\/wp-content\/uploads\/2026\/04\/WhatsApp-Image-2026-03-26-at-10.24.19-1024x932.jpeg 1024w, https:\/\/antoniruiz.com\/wp-content\/uploads\/2026\/04\/WhatsApp-Image-2026-03-26-at-10.24.19-300x273.jpeg 300w, https:\/\/antoniruiz.com\/wp-content\/uploads\/2026\/04\/WhatsApp-Image-2026-03-26-at-10.24.19-768x699.jpeg 768w, https:\/\/antoniruiz.com\/wp-content\/uploads\/2026\/04\/WhatsApp-Image-2026-03-26-at-10.24.19-1320x1202.jpeg 1320w, https:\/\/antoniruiz.com\/wp-content\/uploads\/2026\/04\/WhatsApp-Image-2026-03-26-at-10.24.19.jpeg 1438w\" sizes=\"(max-width: 1024px) 100vw, 1024px\" \/><\/figure>\n<\/figure>\n","protected":false},"excerpt":{"rendered":"<p>Avui vull compartir una experi\u00e8ncia especialment enriquidora despr\u00e9s de la meva recent confer\u00e8ncia a l&#8217;IES Antonio Machado, a Alcal\u00e1 de [&hellip;]<\/p>\n","protected":false},"author":3,"featured_media":23997,"comment_status":"closed","ping_status":"open","sticky":false,"template":"","format":"standard","meta":{"_acf_changed":false,"site-sidebar-layout":"default","site-content-layout":"","ast-site-content-layout":"default","site-content-style":"default","site-sidebar-style":"default","ast-global-header-display":"","ast-banner-title-visibility":"","ast-main-header-display":"","ast-hfb-above-header-display":"","ast-hfb-below-header-display":"","ast-hfb-mobile-header-display":"","site-post-title":"","ast-breadcrumbs-content":"","ast-featured-img":"","footer-sml-layout":"","ast-disable-related-posts":"","theme-transparent-header-meta":"","adv-header-id-meta":"","stick-header-meta":"","header-above-stick-meta":"","header-main-stick-meta":"","header-below-stick-meta":"","astra-migrate-meta-layouts":"default","ast-page-background-enabled":"default","ast-page-background-meta":{"desktop":{"background-color":"var(--ast-global-color-4)","background-image":"","background-repeat":"repeat","background-position":"center center","background-size":"auto","background-attachment":"scroll","background-type":"","background-media":"","overlay-type":"","overlay-color":"","overlay-opacity":"","overlay-gradient":""},"tablet":{"background-color":"","background-image":"","background-repeat":"repeat","background-position":"center center","background-size":"auto","background-attachment":"scroll","background-type":"","background-media":"","overlay-type":"","overlay-color":"","overlay-opacity":"","overlay-gradient":""},"mobile":{"background-color":"","background-image":"","background-repeat":"repeat","background-position":"center center","background-size":"auto","background-attachment":"scroll","background-type":"","background-media":"","overlay-type":"","overlay-color":"","overlay-opacity":"","overlay-gradient":""}},"ast-content-background-meta":{"desktop":{"background-color":"var(--ast-global-color-5)","background-image":"","background-repeat":"repeat","background-position":"center center","background-size":"auto","background-attachment":"scroll","background-type":"","background-media":"","overlay-type":"","overlay-color":"","overlay-opacity":"","overlay-gradient":""},"tablet":{"background-color":"var(--ast-global-color-5)","background-image":"","background-repeat":"repeat","background-position":"center center","background-size":"auto","background-attachment":"scroll","background-type":"","background-media":"","overlay-type":"","overlay-color":"","overlay-opacity":"","overlay-gradient":""},"mobile":{"background-color":"var(--ast-global-color-5)","background-image":"","background-repeat":"repeat","background-position":"center center","background-size":"auto","background-attachment":"scroll","background-type":"","background-media":"","overlay-type":"","overlay-color":"","overlay-opacity":"","overlay-gradient":""}},"footnotes":""},"categories":[33],"tags":[],"class_list":["post-24021","post","type-post","status-publish","format-standard","has-post-thumbnail","hentry","category-blog-ca"],"acf":[],"yoast_head":"<!-- This site is optimized with the Yoast SEO plugin v23.2 - https:\/\/yoast.com\/wordpress\/plugins\/seo\/ -->\n<title>Un present brillant per a la FP en Electricitat i Climatitzaci\u00f3 (Avui a Alcal\u00e1 de Henares) - Antoni Ruiz<\/title>\n<meta name=\"robots\" content=\"index, follow, max-snippet:-1, max-image-preview:large, max-video-preview:-1\" \/>\n<link rel=\"canonical\" href=\"https:\/\/antoniruiz.com\/ca\/un-present-brillant-per-a-la-fp-en-electricitat-i-climatitzacio-avui-a-alcala-de-henares\/\" \/>\n<meta property=\"og:locale\" content=\"ca_ES\" \/>\n<meta property=\"og:type\" content=\"article\" \/>\n<meta property=\"og:title\" content=\"Un present brillant per a la FP en Electricitat i Climatitzaci\u00f3 (Avui a Alcal\u00e1 de Henares) - Antoni Ruiz\" \/>\n<meta property=\"og:description\" content=\"Avui vull compartir una experi\u00e8ncia especialment enriquidora despr\u00e9s de la meva recent confer\u00e8ncia a l&#8217;IES Antonio Machado, a Alcal\u00e1 de [&hellip;]\" \/>\n<meta property=\"og:url\" content=\"https:\/\/antoniruiz.com\/ca\/un-present-brillant-per-a-la-fp-en-electricitat-i-climatitzacio-avui-a-alcala-de-henares\/\" \/>\n<meta property=\"og:site_name\" content=\"Antoni Ruiz\" \/>\n<meta property=\"article:published_time\" content=\"2026-04-15T08:28:07+00:00\" \/>\n<meta property=\"article:modified_time\" content=\"2026-04-15T08:33:24+00:00\" \/>\n<meta property=\"og:image\" content=\"https:\/\/antoniruiz.com\/wp-content\/uploads\/2026\/04\/20260324_123642.jpg\" \/>\n\t<meta property=\"og:image:width\" content=\"2040\" \/>\n\t<meta property=\"og:image:height\" content=\"2176\" \/>\n\t<meta property=\"og:image:type\" content=\"image\/jpeg\" \/>\n<meta name=\"author\" content=\"Antoni Ruiz\" \/>\n<meta name=\"twitter:card\" content=\"summary_large_image\" \/>\n<meta name=\"twitter:label1\" content=\"Escrit per\" \/>\n\t<meta name=\"twitter:data1\" content=\"Antoni Ruiz\" \/>\n\t<meta name=\"twitter:label2\" content=\"Temps estimat de lectura\" \/>\n\t<meta name=\"twitter:data2\" content=\"4 minuts\" \/>\n<script type=\"application\/ld+json\" class=\"yoast-schema-graph\">{\"@context\":\"https:\/\/schema.org\",\"@graph\":[{\"@type\":\"Article\",\"@id\":\"https:\/\/antoniruiz.com\/ca\/un-present-brillant-per-a-la-fp-en-electricitat-i-climatitzacio-avui-a-alcala-de-henares\/#article\",\"isPartOf\":{\"@id\":\"https:\/\/antoniruiz.com\/ca\/un-present-brillant-per-a-la-fp-en-electricitat-i-climatitzacio-avui-a-alcala-de-henares\/\"},\"author\":{\"name\":\"Antoni Ruiz\",\"@id\":\"https:\/\/antoniruiz.com\/ca\/#\/schema\/person\/a8d62eab776c7cf6f6efafa52d0bce62\"},\"headline\":\"Un present brillant per a la FP en Electricitat i Climatitzaci\u00f3 (Avui a Alcal\u00e1 de Henares)\",\"datePublished\":\"2026-04-15T08:28:07+00:00\",\"dateModified\":\"2026-04-15T08:33:24+00:00\",\"mainEntityOfPage\":{\"@id\":\"https:\/\/antoniruiz.com\/ca\/un-present-brillant-per-a-la-fp-en-electricitat-i-climatitzacio-avui-a-alcala-de-henares\/\"},\"wordCount\":416,\"publisher\":{\"@id\":\"https:\/\/antoniruiz.com\/ca\/#organization\"},\"image\":{\"@id\":\"https:\/\/antoniruiz.com\/ca\/un-present-brillant-per-a-la-fp-en-electricitat-i-climatitzacio-avui-a-alcala-de-henares\/#primaryimage\"},\"thumbnailUrl\":\"https:\/\/antoniruiz.com\/wp-content\/uploads\/2026\/04\/20260324_123642.jpg\",\"articleSection\":[\"blog\"],\"inLanguage\":\"ca\"},{\"@type\":\"WebPage\",\"@id\":\"https:\/\/antoniruiz.com\/ca\/un-present-brillant-per-a-la-fp-en-electricitat-i-climatitzacio-avui-a-alcala-de-henares\/\",\"url\":\"https:\/\/antoniruiz.com\/ca\/un-present-brillant-per-a-la-fp-en-electricitat-i-climatitzacio-avui-a-alcala-de-henares\/\",\"name\":\"Un present brillant per a la FP en Electricitat i Climatitzaci\u00f3 (Avui a Alcal\u00e1 de Henares) - Antoni Ruiz\",\"isPartOf\":{\"@id\":\"https:\/\/antoniruiz.com\/ca\/#website\"},\"primaryImageOfPage\":{\"@id\":\"https:\/\/antoniruiz.com\/ca\/un-present-brillant-per-a-la-fp-en-electricitat-i-climatitzacio-avui-a-alcala-de-henares\/#primaryimage\"},\"image\":{\"@id\":\"https:\/\/antoniruiz.com\/ca\/un-present-brillant-per-a-la-fp-en-electricitat-i-climatitzacio-avui-a-alcala-de-henares\/#primaryimage\"},\"thumbnailUrl\":\"https:\/\/antoniruiz.com\/wp-content\/uploads\/2026\/04\/20260324_123642.jpg\",\"datePublished\":\"2026-04-15T08:28:07+00:00\",\"dateModified\":\"2026-04-15T08:33:24+00:00\",\"breadcrumb\":{\"@id\":\"https:\/\/antoniruiz.com\/ca\/un-present-brillant-per-a-la-fp-en-electricitat-i-climatitzacio-avui-a-alcala-de-henares\/#breadcrumb\"},\"inLanguage\":\"ca\",\"potentialAction\":[{\"@type\":\"ReadAction\",\"target\":[\"https:\/\/antoniruiz.com\/ca\/un-present-brillant-per-a-la-fp-en-electricitat-i-climatitzacio-avui-a-alcala-de-henares\/\"]}]},{\"@type\":\"ImageObject\",\"inLanguage\":\"ca\",\"@id\":\"https:\/\/antoniruiz.com\/ca\/un-present-brillant-per-a-la-fp-en-electricitat-i-climatitzacio-avui-a-alcala-de-henares\/#primaryimage\",\"url\":\"https:\/\/antoniruiz.com\/wp-content\/uploads\/2026\/04\/20260324_123642.jpg\",\"contentUrl\":\"https:\/\/antoniruiz.com\/wp-content\/uploads\/2026\/04\/20260324_123642.jpg\",\"width\":2040,\"height\":2176},{\"@type\":\"BreadcrumbList\",\"@id\":\"https:\/\/antoniruiz.com\/ca\/un-present-brillant-per-a-la-fp-en-electricitat-i-climatitzacio-avui-a-alcala-de-henares\/#breadcrumb\",\"itemListElement\":[{\"@type\":\"ListItem\",\"position\":1,\"name\":\"Home\",\"item\":\"https:\/\/antoniruiz.com\/ca\/\"},{\"@type\":\"ListItem\",\"position\":2,\"name\":\"Un present brillant per a la FP en Electricitat i Climatitzaci\u00f3 (Avui a Alcal\u00e1 de Henares)\"}]},{\"@type\":\"WebSite\",\"@id\":\"https:\/\/antoniruiz.com\/ca\/#website\",\"url\":\"https:\/\/antoniruiz.com\/ca\/\",\"name\":\"Antoni Ruiz\",\"description\":\"\",\"publisher\":{\"@id\":\"https:\/\/antoniruiz.com\/ca\/#organization\"},\"potentialAction\":[{\"@type\":\"SearchAction\",\"target\":{\"@type\":\"EntryPoint\",\"urlTemplate\":\"https:\/\/antoniruiz.com\/ca\/?s={search_term_string}\"},\"query-input\":\"required name=search_term_string\"}],\"inLanguage\":\"ca\"},{\"@type\":\"Organization\",\"@id\":\"https:\/\/antoniruiz.com\/ca\/#organization\",\"name\":\"Antoni Ruiz\",\"url\":\"https:\/\/antoniruiz.com\/ca\/\",\"logo\":{\"@type\":\"ImageObject\",\"inLanguage\":\"ca\",\"@id\":\"https:\/\/antoniruiz.com\/ca\/#\/schema\/logo\/image\/\",\"url\":\"https:\/\/antoniruiz.com\/wp-content\/uploads\/2024\/06\/AntoniRuiz_MAIN.png\",\"contentUrl\":\"https:\/\/antoniruiz.com\/wp-content\/uploads\/2024\/06\/AntoniRuiz_MAIN.png\",\"width\":944,\"height\":675,\"caption\":\"Antoni Ruiz\"},\"image\":{\"@id\":\"https:\/\/antoniruiz.com\/ca\/#\/schema\/logo\/image\/\"}},{\"@type\":\"Person\",\"@id\":\"https:\/\/antoniruiz.com\/ca\/#\/schema\/person\/a8d62eab776c7cf6f6efafa52d0bce62\",\"name\":\"Antoni Ruiz\",\"image\":{\"@type\":\"ImageObject\",\"inLanguage\":\"ca\",\"@id\":\"https:\/\/antoniruiz.com\/ca\/#\/schema\/person\/image\/\",\"url\":\"https:\/\/secure.gravatar.com\/avatar\/7c088e4296c344dd768b0c3ec823a8955c44caecaa1bfc843afc64b88c2d3d64?s=96&d=mm&r=g\",\"contentUrl\":\"https:\/\/secure.gravatar.com\/avatar\/7c088e4296c344dd768b0c3ec823a8955c44caecaa1bfc843afc64b88c2d3d64?s=96&d=mm&r=g\",\"caption\":\"Antoni Ruiz\"},\"url\":\"https:\/\/antoniruiz.com\/ca\/author\/antoni-ruiz\/\"}]}<\/script>\n<!-- \/ Yoast SEO plugin. -->","yoast_head_json":{"title":"Un present brillant per a la FP en Electricitat i Climatitzaci\u00f3 (Avui a Alcal\u00e1 de Henares) - Antoni Ruiz","robots":{"index":"index","follow":"follow","max-snippet":"max-snippet:-1","max-image-preview":"max-image-preview:large","max-video-preview":"max-video-preview:-1"},"canonical":"https:\/\/antoniruiz.com\/ca\/un-present-brillant-per-a-la-fp-en-electricitat-i-climatitzacio-avui-a-alcala-de-henares\/","og_locale":"ca_ES","og_type":"article","og_title":"Un present brillant per a la FP en Electricitat i Climatitzaci\u00f3 (Avui a Alcal\u00e1 de Henares) - Antoni Ruiz","og_description":"Avui vull compartir una experi\u00e8ncia especialment enriquidora despr\u00e9s de la meva recent confer\u00e8ncia a l&#8217;IES Antonio Machado, a Alcal\u00e1 de [&hellip;]","og_url":"https:\/\/antoniruiz.com\/ca\/un-present-brillant-per-a-la-fp-en-electricitat-i-climatitzacio-avui-a-alcala-de-henares\/","og_site_name":"Antoni Ruiz","article_published_time":"2026-04-15T08:28:07+00:00","article_modified_time":"2026-04-15T08:33:24+00:00","og_image":[{"width":2040,"height":2176,"url":"https:\/\/antoniruiz.com\/wp-content\/uploads\/2026\/04\/20260324_123642.jpg","type":"image\/jpeg"}],"author":"Antoni Ruiz","twitter_card":"summary_large_image","twitter_misc":{"Escrit per":"Antoni Ruiz","Temps estimat de lectura":"4 minuts"},"schema":{"@context":"https:\/\/schema.org","@graph":[{"@type":"Article","@id":"https:\/\/antoniruiz.com\/ca\/un-present-brillant-per-a-la-fp-en-electricitat-i-climatitzacio-avui-a-alcala-de-henares\/#article","isPartOf":{"@id":"https:\/\/antoniruiz.com\/ca\/un-present-brillant-per-a-la-fp-en-electricitat-i-climatitzacio-avui-a-alcala-de-henares\/"},"author":{"name":"Antoni Ruiz","@id":"https:\/\/antoniruiz.com\/ca\/#\/schema\/person\/a8d62eab776c7cf6f6efafa52d0bce62"},"headline":"Un present brillant per a la FP en Electricitat i Climatitzaci\u00f3 (Avui a Alcal\u00e1 de Henares)","datePublished":"2026-04-15T08:28:07+00:00","dateModified":"2026-04-15T08:33:24+00:00","mainEntityOfPage":{"@id":"https:\/\/antoniruiz.com\/ca\/un-present-brillant-per-a-la-fp-en-electricitat-i-climatitzacio-avui-a-alcala-de-henares\/"},"wordCount":416,"publisher":{"@id":"https:\/\/antoniruiz.com\/ca\/#organization"},"image":{"@id":"https:\/\/antoniruiz.com\/ca\/un-present-brillant-per-a-la-fp-en-electricitat-i-climatitzacio-avui-a-alcala-de-henares\/#primaryimage"},"thumbnailUrl":"https:\/\/antoniruiz.com\/wp-content\/uploads\/2026\/04\/20260324_123642.jpg","articleSection":["blog"],"inLanguage":"ca"},{"@type":"WebPage","@id":"https:\/\/antoniruiz.com\/ca\/un-present-brillant-per-a-la-fp-en-electricitat-i-climatitzacio-avui-a-alcala-de-henares\/","url":"https:\/\/antoniruiz.com\/ca\/un-present-brillant-per-a-la-fp-en-electricitat-i-climatitzacio-avui-a-alcala-de-henares\/","name":"Un present brillant per a la FP en Electricitat i Climatitzaci\u00f3 (Avui a Alcal\u00e1 de Henares) - Antoni Ruiz","isPartOf":{"@id":"https:\/\/antoniruiz.com\/ca\/#website"},"primaryImageOfPage":{"@id":"https:\/\/antoniruiz.com\/ca\/un-present-brillant-per-a-la-fp-en-electricitat-i-climatitzacio-avui-a-alcala-de-henares\/#primaryimage"},"image":{"@id":"https:\/\/antoniruiz.com\/ca\/un-present-brillant-per-a-la-fp-en-electricitat-i-climatitzacio-avui-a-alcala-de-henares\/#primaryimage"},"thumbnailUrl":"https:\/\/antoniruiz.com\/wp-content\/uploads\/2026\/04\/20260324_123642.jpg","datePublished":"2026-04-15T08:28:07+00:00","dateModified":"2026-04-15T08:33:24+00:00","breadcrumb":{"@id":"https:\/\/antoniruiz.com\/ca\/un-present-brillant-per-a-la-fp-en-electricitat-i-climatitzacio-avui-a-alcala-de-henares\/#breadcrumb"},"inLanguage":"ca","potentialAction":[{"@type":"ReadAction","target":["https:\/\/antoniruiz.com\/ca\/un-present-brillant-per-a-la-fp-en-electricitat-i-climatitzacio-avui-a-alcala-de-henares\/"]}]},{"@type":"ImageObject","inLanguage":"ca","@id":"https:\/\/antoniruiz.com\/ca\/un-present-brillant-per-a-la-fp-en-electricitat-i-climatitzacio-avui-a-alcala-de-henares\/#primaryimage","url":"https:\/\/antoniruiz.com\/wp-content\/uploads\/2026\/04\/20260324_123642.jpg","contentUrl":"https:\/\/antoniruiz.com\/wp-content\/uploads\/2026\/04\/20260324_123642.jpg","width":2040,"height":2176},{"@type":"BreadcrumbList","@id":"https:\/\/antoniruiz.com\/ca\/un-present-brillant-per-a-la-fp-en-electricitat-i-climatitzacio-avui-a-alcala-de-henares\/#breadcrumb","itemListElement":[{"@type":"ListItem","position":1,"name":"Home","item":"https:\/\/antoniruiz.com\/ca\/"},{"@type":"ListItem","position":2,"name":"Un present brillant per a la FP en Electricitat i Climatitzaci\u00f3 (Avui a Alcal\u00e1 de Henares)"}]},{"@type":"WebSite","@id":"https:\/\/antoniruiz.com\/ca\/#website","url":"https:\/\/antoniruiz.com\/ca\/","name":"Antoni Ruiz","description":"","publisher":{"@id":"https:\/\/antoniruiz.com\/ca\/#organization"},"potentialAction":[{"@type":"SearchAction","target":{"@type":"EntryPoint","urlTemplate":"https:\/\/antoniruiz.com\/ca\/?s={search_term_string}"},"query-input":"required name=search_term_string"}],"inLanguage":"ca"},{"@type":"Organization","@id":"https:\/\/antoniruiz.com\/ca\/#organization","name":"Antoni Ruiz","url":"https:\/\/antoniruiz.com\/ca\/","logo":{"@type":"ImageObject","inLanguage":"ca","@id":"https:\/\/antoniruiz.com\/ca\/#\/schema\/logo\/image\/","url":"https:\/\/antoniruiz.com\/wp-content\/uploads\/2024\/06\/AntoniRuiz_MAIN.png","contentUrl":"https:\/\/antoniruiz.com\/wp-content\/uploads\/2024\/06\/AntoniRuiz_MAIN.png","width":944,"height":675,"caption":"Antoni Ruiz"},"image":{"@id":"https:\/\/antoniruiz.com\/ca\/#\/schema\/logo\/image\/"}},{"@type":"Person","@id":"https:\/\/antoniruiz.com\/ca\/#\/schema\/person\/a8d62eab776c7cf6f6efafa52d0bce62","name":"Antoni Ruiz","image":{"@type":"ImageObject","inLanguage":"ca","@id":"https:\/\/antoniruiz.com\/ca\/#\/schema\/person\/image\/","url":"https:\/\/secure.gravatar.com\/avatar\/7c088e4296c344dd768b0c3ec823a8955c44caecaa1bfc843afc64b88c2d3d64?s=96&d=mm&r=g","contentUrl":"https:\/\/secure.gravatar.com\/avatar\/7c088e4296c344dd768b0c3ec823a8955c44caecaa1bfc843afc64b88c2d3d64?s=96&d=mm&r=g","caption":"Antoni Ruiz"},"url":"https:\/\/antoniruiz.com\/ca\/author\/antoni-ruiz\/"}]}},"_links":{"self":[{"href":"https:\/\/antoniruiz.com\/ca\/wp-json\/wp\/v2\/posts\/24021","targetHints":{"allow":["GET"]}}],"collection":[{"href":"https:\/\/antoniruiz.com\/ca\/wp-json\/wp\/v2\/posts"}],"about":[{"href":"https:\/\/antoniruiz.com\/ca\/wp-json\/wp\/v2\/types\/post"}],"author":[{"embeddable":true,"href":"https:\/\/antoniruiz.com\/ca\/wp-json\/wp\/v2\/users\/3"}],"replies":[{"embeddable":true,"href":"https:\/\/antoniruiz.com\/ca\/wp-json\/wp\/v2\/comments?post=24021"}],"version-history":[{"count":1,"href":"https:\/\/antoniruiz.com\/ca\/wp-json\/wp\/v2\/posts\/24021\/revisions"}],"predecessor-version":[{"id":24022,"href":"https:\/\/antoniruiz.com\/ca\/wp-json\/wp\/v2\/posts\/24021\/revisions\/24022"}],"wp:featuredmedia":[{"embeddable":true,"href":"https:\/\/antoniruiz.com\/ca\/wp-json\/wp\/v2\/media\/23997"}],"wp:attachment":[{"href":"https:\/\/antoniruiz.com\/ca\/wp-json\/wp\/v2\/media?parent=24021"}],"wp:term":[{"taxonomy":"category","embeddable":true,"href":"https:\/\/antoniruiz.com\/ca\/wp-json\/wp\/v2\/categories?post=24021"},{"taxonomy":"post_tag","embeddable":true,"href":"https:\/\/antoniruiz.com\/ca\/wp-json\/wp\/v2\/tags?post=24021"}],"curies":[{"name":"wp","href":"https:\/\/api.w.org\/{rel}","templated":true}]}}