{"id":23828,"date":"2026-04-10T11:56:11","date_gmt":"2026-04-10T11:56:11","guid":{"rendered":"https:\/\/antoniruiz.com\/?p=23828"},"modified":"2026-04-10T11:56:14","modified_gmt":"2026-04-10T11:56:14","slug":"%e2%9c%a8-el-futur-es-construeix-amb-les-mans-el-talent-i-les-oportunitats-reals-%e2%9c%a8","status":"publish","type":"post","link":"https:\/\/antoniruiz.com\/ca\/%e2%9c%a8-el-futur-es-construeix-amb-les-mans-el-talent-i-les-oportunitats-reals-%e2%9c%a8\/","title":{"rendered":"\u2728 El futur es construeix amb les mans, el talent i les oportunitats reals \u2728"},"content":{"rendered":"\n<p>Avui he tingut el privilegi de compartir una jornada molt especial al centre La Salle Mollerussa, a Lleida, acompanyant el Gremi d\u2019Instal\u00b7ladors de Lleida i amb la col\u00b7laboraci\u00f3 de MAXGE.<\/p>\n\n\n\n<p>Una trobada amb els alumnes del Grau Mitj\u00e0 d\u2019Instal\u00b7lacions El\u00e8ctriques i Autom\u00e0tiques i del Grau Superior d\u2019Automatitzaci\u00f3 i Rob\u00f2tica Industrial.<\/p>\n\n\n\n<figure class=\"wp-block-image size-large\"><img fetchpriority=\"high\" decoding=\"async\" width=\"1024\" height=\"768\" src=\"https:\/\/antoniruiz.com\/wp-content\/uploads\/2026\/04\/WhatsApp-Image-2026-04-09-at-16.47.03-1024x768.jpeg\" alt=\"\" class=\"wp-image-23829\" srcset=\"https:\/\/antoniruiz.com\/wp-content\/uploads\/2026\/04\/WhatsApp-Image-2026-04-09-at-16.47.03-1024x768.jpeg 1024w, https:\/\/antoniruiz.com\/wp-content\/uploads\/2026\/04\/WhatsApp-Image-2026-04-09-at-16.47.03-300x225.jpeg 300w, https:\/\/antoniruiz.com\/wp-content\/uploads\/2026\/04\/WhatsApp-Image-2026-04-09-at-16.47.03-768x576.jpeg 768w, https:\/\/antoniruiz.com\/wp-content\/uploads\/2026\/04\/WhatsApp-Image-2026-04-09-at-16.47.03-1536x1152.jpeg 1536w, https:\/\/antoniruiz.com\/wp-content\/uploads\/2026\/04\/WhatsApp-Image-2026-04-09-at-16.47.03-1320x990.jpeg 1320w, https:\/\/antoniruiz.com\/wp-content\/uploads\/2026\/04\/WhatsApp-Image-2026-04-09-at-16.47.03.jpeg 1600w\" sizes=\"(max-width: 1024px) 100vw, 1024px\" \/><\/figure>\n\n\n\n<p>\ud83d\udca1 Joves amb talent.<br>\ud83d\udca1 Joves amb inquietuds.<br>\ud83d\udca1 Joves amb un futur immens al davant.<\/p>\n\n\n\n<p>Hem parlat d\u2019ofici. D\u2019oportunitats. De futur.<br>Perqu\u00e8 s\u00ed\u2026 <strong>l\u2019ofici t\u00e9 futur. I molt.<\/strong><\/p>\n\n\n\n<p>En un m\u00f3n que necessita cada vegada m\u00e9s professionals qualificats, el sector de les instal\u00b7lacions \u00e9s clau:<br>\ud83d\udd0c Energia<br>\ud83e\udd16 Automatitzaci\u00f3<br>\ud83c\udf31 Sostenibilitat<br>\u26a1 Innovaci\u00f3<\/p>\n\n\n\n<p>I aqu\u00ed \u00e9s on el paper del gremi \u00e9s essencial: <strong>acompanyar, orientar i obrir portes reals al m\u00f3n laboral<\/strong>, aportant experi\u00e8ncia, coneixement i comprom\u00eds amb el territori.<\/p>\n\n\n\n<p>Veure l\u2019inter\u00e8s als ulls dels alumnes ens confirma una cosa:<br>\ud83d\udc49 <strong>La Formaci\u00f3 Professional no \u00e9s una opci\u00f3 secund\u00e0ria. \u00c9s una aposta guanyadora.<\/strong><\/p>\n\n\n\n<p>Gr\u00e0cies a tots els que ho feu possible. Seguim construint camins. Seguim creient en el talent. Seguim apostant pels oficis.<\/p>\n\n\n\n<p><\/p>\n\n\n\n<figure class=\"wp-block-gallery has-nested-images columns-default is-cropped wp-block-gallery-1 is-layout-flex wp-block-gallery-is-layout-flex\">\n<figure class=\"wp-block-image size-large\"><img decoding=\"async\" width=\"1024\" height=\"768\" data-id=\"23838\" src=\"https:\/\/antoniruiz.com\/wp-content\/uploads\/2026\/04\/WhatsApp-Image-2026-04-09-at-16.47.03-1-1024x768.jpeg\" alt=\"\" class=\"wp-image-23838\" srcset=\"https:\/\/antoniruiz.com\/wp-content\/uploads\/2026\/04\/WhatsApp-Image-2026-04-09-at-16.47.03-1-1024x768.jpeg 1024w, https:\/\/antoniruiz.com\/wp-content\/uploads\/2026\/04\/WhatsApp-Image-2026-04-09-at-16.47.03-1-300x225.jpeg 300w, https:\/\/antoniruiz.com\/wp-content\/uploads\/2026\/04\/WhatsApp-Image-2026-04-09-at-16.47.03-1-768x576.jpeg 768w, https:\/\/antoniruiz.com\/wp-content\/uploads\/2026\/04\/WhatsApp-Image-2026-04-09-at-16.47.03-1-1536x1152.jpeg 1536w, https:\/\/antoniruiz.com\/wp-content\/uploads\/2026\/04\/WhatsApp-Image-2026-04-09-at-16.47.03-1-1320x990.jpeg 1320w, https:\/\/antoniruiz.com\/wp-content\/uploads\/2026\/04\/WhatsApp-Image-2026-04-09-at-16.47.03-1.jpeg 1600w\" sizes=\"(max-width: 1024px) 100vw, 1024px\" \/><\/figure>\n\n\n\n<figure class=\"wp-block-image size-large\"><img decoding=\"async\" width=\"768\" height=\"1024\" data-id=\"23844\" src=\"https:\/\/antoniruiz.com\/wp-content\/uploads\/2026\/04\/WhatsApp-Image-2026-04-09-at-18.07.08-768x1024.jpeg\" alt=\"\" class=\"wp-image-23844\" srcset=\"https:\/\/antoniruiz.com\/wp-content\/uploads\/2026\/04\/WhatsApp-Image-2026-04-09-at-18.07.08-768x1024.jpeg 768w, https:\/\/antoniruiz.com\/wp-content\/uploads\/2026\/04\/WhatsApp-Image-2026-04-09-at-18.07.08-225x300.jpeg 225w, https:\/\/antoniruiz.com\/wp-content\/uploads\/2026\/04\/WhatsApp-Image-2026-04-09-at-18.07.08-1152x1536.jpeg 1152w, https:\/\/antoniruiz.com\/wp-content\/uploads\/2026\/04\/WhatsApp-Image-2026-04-09-at-18.07.08.jpeg 1200w\" sizes=\"(max-width: 768px) 100vw, 768px\" \/><\/figure>\n\n\n\n<figure class=\"wp-block-image size-large\"><img loading=\"lazy\" decoding=\"async\" width=\"768\" height=\"1024\" data-id=\"23840\" src=\"https:\/\/antoniruiz.com\/wp-content\/uploads\/2026\/04\/WhatsApp-Image-2026-04-09-at-18.09.13-1-768x1024.jpeg\" alt=\"\" class=\"wp-image-23840\" srcset=\"https:\/\/antoniruiz.com\/wp-content\/uploads\/2026\/04\/WhatsApp-Image-2026-04-09-at-18.09.13-1-768x1024.jpeg 768w, https:\/\/antoniruiz.com\/wp-content\/uploads\/2026\/04\/WhatsApp-Image-2026-04-09-at-18.09.13-1-225x300.jpeg 225w, https:\/\/antoniruiz.com\/wp-content\/uploads\/2026\/04\/WhatsApp-Image-2026-04-09-at-18.09.13-1-1152x1536.jpeg 1152w, https:\/\/antoniruiz.com\/wp-content\/uploads\/2026\/04\/WhatsApp-Image-2026-04-09-at-18.09.13-1.jpeg 1200w\" sizes=\"(max-width: 768px) 100vw, 768px\" \/><\/figure>\n\n\n\n<figure class=\"wp-block-image size-large\"><img loading=\"lazy\" decoding=\"async\" width=\"768\" height=\"1024\" data-id=\"23850\" src=\"https:\/\/antoniruiz.com\/wp-content\/uploads\/2026\/04\/WhatsApp-Image-2026-04-09-at-18.09.13-3-768x1024.jpeg\" alt=\"\" class=\"wp-image-23850\" srcset=\"https:\/\/antoniruiz.com\/wp-content\/uploads\/2026\/04\/WhatsApp-Image-2026-04-09-at-18.09.13-3-768x1024.jpeg 768w, https:\/\/antoniruiz.com\/wp-content\/uploads\/2026\/04\/WhatsApp-Image-2026-04-09-at-18.09.13-3-225x300.jpeg 225w, https:\/\/antoniruiz.com\/wp-content\/uploads\/2026\/04\/WhatsApp-Image-2026-04-09-at-18.09.13-3-1152x1536.jpeg 1152w, https:\/\/antoniruiz.com\/wp-content\/uploads\/2026\/04\/WhatsApp-Image-2026-04-09-at-18.09.13-3.jpeg 1200w\" sizes=\"(max-width: 768px) 100vw, 768px\" \/><\/figure>\n\n\n\n<figure class=\"wp-block-image size-large\"><img loading=\"lazy\" decoding=\"async\" width=\"1024\" height=\"768\" data-id=\"23853\" src=\"https:\/\/antoniruiz.com\/wp-content\/uploads\/2026\/04\/WhatsApp-Image-2026-04-09-at-18.09.13-1024x768.jpeg\" alt=\"\" class=\"wp-image-23853\" srcset=\"https:\/\/antoniruiz.com\/wp-content\/uploads\/2026\/04\/WhatsApp-Image-2026-04-09-at-18.09.13-1024x768.jpeg 1024w, https:\/\/antoniruiz.com\/wp-content\/uploads\/2026\/04\/WhatsApp-Image-2026-04-09-at-18.09.13-300x225.jpeg 300w, https:\/\/antoniruiz.com\/wp-content\/uploads\/2026\/04\/WhatsApp-Image-2026-04-09-at-18.09.13-768x576.jpeg 768w, https:\/\/antoniruiz.com\/wp-content\/uploads\/2026\/04\/WhatsApp-Image-2026-04-09-at-18.09.13-1536x1152.jpeg 1536w, https:\/\/antoniruiz.com\/wp-content\/uploads\/2026\/04\/WhatsApp-Image-2026-04-09-at-18.09.13-1320x990.jpeg 1320w, https:\/\/antoniruiz.com\/wp-content\/uploads\/2026\/04\/WhatsApp-Image-2026-04-09-at-18.09.13.jpeg 1600w\" sizes=\"(max-width: 1024px) 100vw, 1024px\" \/><\/figure>\n\n\n\n<figure class=\"wp-block-image size-large\"><img loading=\"lazy\" decoding=\"async\" width=\"768\" height=\"1024\" data-id=\"23856\" src=\"https:\/\/antoniruiz.com\/wp-content\/uploads\/2026\/04\/WhatsApp-Image-2026-04-09-at-18.09.14-1-768x1024.jpeg\" alt=\"\" class=\"wp-image-23856\" srcset=\"https:\/\/antoniruiz.com\/wp-content\/uploads\/2026\/04\/WhatsApp-Image-2026-04-09-at-18.09.14-1-768x1024.jpeg 768w, https:\/\/antoniruiz.com\/wp-content\/uploads\/2026\/04\/WhatsApp-Image-2026-04-09-at-18.09.14-1-225x300.jpeg 225w, https:\/\/antoniruiz.com\/wp-content\/uploads\/2026\/04\/WhatsApp-Image-2026-04-09-at-18.09.14-1-1152x1536.jpeg 1152w, https:\/\/antoniruiz.com\/wp-content\/uploads\/2026\/04\/WhatsApp-Image-2026-04-09-at-18.09.14-1.jpeg 1200w\" sizes=\"(max-width: 768px) 100vw, 768px\" \/><\/figure>\n\n\n\n<figure class=\"wp-block-image size-large\"><img loading=\"lazy\" decoding=\"async\" width=\"768\" height=\"1024\" data-id=\"23835\" src=\"https:\/\/antoniruiz.com\/wp-content\/uploads\/2026\/04\/WhatsApp-Image-2026-04-09-at-18.09.14-768x1024.jpeg\" alt=\"\" class=\"wp-image-23835\" srcset=\"https:\/\/antoniruiz.com\/wp-content\/uploads\/2026\/04\/WhatsApp-Image-2026-04-09-at-18.09.14-768x1024.jpeg 768w, https:\/\/antoniruiz.com\/wp-content\/uploads\/2026\/04\/WhatsApp-Image-2026-04-09-at-18.09.14-225x300.jpeg 225w, https:\/\/antoniruiz.com\/wp-content\/uploads\/2026\/04\/WhatsApp-Image-2026-04-09-at-18.09.14-1152x1536.jpeg 1152w, https:\/\/antoniruiz.com\/wp-content\/uploads\/2026\/04\/WhatsApp-Image-2026-04-09-at-18.09.14.jpeg 1200w\" sizes=\"(max-width: 768px) 100vw, 768px\" \/><\/figure>\n\n\n\n<figure class=\"wp-block-image size-large\"><img loading=\"lazy\" decoding=\"async\" width=\"768\" height=\"1024\" data-id=\"23868\" src=\"https:\/\/antoniruiz.com\/wp-content\/uploads\/2026\/04\/WhatsApp-Image-2026-04-09-at-18.09.30-768x1024.jpeg\" alt=\"\" class=\"wp-image-23868\" srcset=\"https:\/\/antoniruiz.com\/wp-content\/uploads\/2026\/04\/WhatsApp-Image-2026-04-09-at-18.09.30-768x1024.jpeg 768w, https:\/\/antoniruiz.com\/wp-content\/uploads\/2026\/04\/WhatsApp-Image-2026-04-09-at-18.09.30-225x300.jpeg 225w, https:\/\/antoniruiz.com\/wp-content\/uploads\/2026\/04\/WhatsApp-Image-2026-04-09-at-18.09.30-1152x1536.jpeg 1152w, https:\/\/antoniruiz.com\/wp-content\/uploads\/2026\/04\/WhatsApp-Image-2026-04-09-at-18.09.30.jpeg 1200w\" sizes=\"(max-width: 768px) 100vw, 768px\" \/><\/figure>\n\n\n\n<figure class=\"wp-block-image size-large\"><img loading=\"lazy\" decoding=\"async\" width=\"768\" height=\"1024\" data-id=\"23862\" src=\"https:\/\/antoniruiz.com\/wp-content\/uploads\/2026\/04\/WhatsApp-Image-2026-04-09-at-18.10.04-768x1024.jpeg\" alt=\"\" class=\"wp-image-23862\" srcset=\"https:\/\/antoniruiz.com\/wp-content\/uploads\/2026\/04\/WhatsApp-Image-2026-04-09-at-18.10.04-768x1024.jpeg 768w, https:\/\/antoniruiz.com\/wp-content\/uploads\/2026\/04\/WhatsApp-Image-2026-04-09-at-18.10.04-225x300.jpeg 225w, https:\/\/antoniruiz.com\/wp-content\/uploads\/2026\/04\/WhatsApp-Image-2026-04-09-at-18.10.04-1152x1536.jpeg 1152w, https:\/\/antoniruiz.com\/wp-content\/uploads\/2026\/04\/WhatsApp-Image-2026-04-09-at-18.10.04.jpeg 1200w\" sizes=\"(max-width: 768px) 100vw, 768px\" \/><\/figure>\n\n\n\n<figure class=\"wp-block-image size-large\"><img loading=\"lazy\" decoding=\"async\" width=\"768\" height=\"1024\" data-id=\"23847\" src=\"https:\/\/antoniruiz.com\/wp-content\/uploads\/2026\/04\/WhatsApp-Image-2026-04-09-at-18.10.16-1-768x1024.jpeg\" alt=\"\" class=\"wp-image-23847\" srcset=\"https:\/\/antoniruiz.com\/wp-content\/uploads\/2026\/04\/WhatsApp-Image-2026-04-09-at-18.10.16-1-768x1024.jpeg 768w, https:\/\/antoniruiz.com\/wp-content\/uploads\/2026\/04\/WhatsApp-Image-2026-04-09-at-18.10.16-1-225x300.jpeg 225w, https:\/\/antoniruiz.com\/wp-content\/uploads\/2026\/04\/WhatsApp-Image-2026-04-09-at-18.10.16-1-1152x1536.jpeg 1152w, https:\/\/antoniruiz.com\/wp-content\/uploads\/2026\/04\/WhatsApp-Image-2026-04-09-at-18.10.16-1.jpeg 1200w\" sizes=\"(max-width: 768px) 100vw, 768px\" \/><\/figure>\n\n\n\n<figure class=\"wp-block-image size-large\"><img loading=\"lazy\" decoding=\"async\" width=\"768\" height=\"1024\" data-id=\"23865\" src=\"https:\/\/antoniruiz.com\/wp-content\/uploads\/2026\/04\/WhatsApp-Image-2026-04-09-at-18.10.16-768x1024.jpeg\" alt=\"\" class=\"wp-image-23865\" srcset=\"https:\/\/antoniruiz.com\/wp-content\/uploads\/2026\/04\/WhatsApp-Image-2026-04-09-at-18.10.16-768x1024.jpeg 768w, https:\/\/antoniruiz.com\/wp-content\/uploads\/2026\/04\/WhatsApp-Image-2026-04-09-at-18.10.16-225x300.jpeg 225w, https:\/\/antoniruiz.com\/wp-content\/uploads\/2026\/04\/WhatsApp-Image-2026-04-09-at-18.10.16-1152x1536.jpeg 1152w, https:\/\/antoniruiz.com\/wp-content\/uploads\/2026\/04\/WhatsApp-Image-2026-04-09-at-18.10.16.jpeg 1200w\" sizes=\"(max-width: 768px) 100vw, 768px\" \/><\/figure>\n<\/figure>\n","protected":false},"excerpt":{"rendered":"<p>Avui he tingut el privilegi de compartir una jornada molt especial al centre La Salle Mollerussa, a Lleida, acompanyant el [&hellip;]<\/p>\n","protected":false},"author":3,"featured_media":23833,"comment_status":"closed","ping_status":"open","sticky":false,"template":"","format":"standard","meta":{"_acf_changed":false,"site-sidebar-layout":"default","site-content-layout":"","ast-site-content-layout":"default","site-content-style":"default","site-sidebar-style":"default","ast-global-header-display":"","ast-banner-title-visibility":"","ast-main-header-display":"","ast-hfb-above-header-display":"","ast-hfb-below-header-display":"","ast-hfb-mobile-header-display":"","site-post-title":"","ast-breadcrumbs-content":"","ast-featured-img":"","footer-sml-layout":"","ast-disable-related-posts":"","theme-transparent-header-meta":"","adv-header-id-meta":"","stick-header-meta":"","header-above-stick-meta":"","header-main-stick-meta":"","header-below-stick-meta":"","astra-migrate-meta-layouts":"default","ast-page-background-enabled":"default","ast-page-background-meta":{"desktop":{"background-color":"var(--ast-global-color-4)","background-image":"","background-repeat":"repeat","background-position":"center center","background-size":"auto","background-attachment":"scroll","background-type":"","background-media":"","overlay-type":"","overlay-color":"","overlay-opacity":"","overlay-gradient":""},"tablet":{"background-color":"","background-image":"","background-repeat":"repeat","background-position":"center center","background-size":"auto","background-attachment":"scroll","background-type":"","background-media":"","overlay-type":"","overlay-color":"","overlay-opacity":"","overlay-gradient":""},"mobile":{"background-color":"","background-image":"","background-repeat":"repeat","background-position":"center center","background-size":"auto","background-attachment":"scroll","background-type":"","background-media":"","overlay-type":"","overlay-color":"","overlay-opacity":"","overlay-gradient":""}},"ast-content-background-meta":{"desktop":{"background-color":"var(--ast-global-color-5)","background-image":"","background-repeat":"repeat","background-position":"center center","background-size":"auto","background-attachment":"scroll","background-type":"","background-media":"","overlay-type":"","overlay-color":"","overlay-opacity":"","overlay-gradient":""},"tablet":{"background-color":"var(--ast-global-color-5)","background-image":"","background-repeat":"repeat","background-position":"center center","background-size":"auto","background-attachment":"scroll","background-type":"","background-media":"","overlay-type":"","overlay-color":"","overlay-opacity":"","overlay-gradient":""},"mobile":{"background-color":"var(--ast-global-color-5)","background-image":"","background-repeat":"repeat","background-position":"center center","background-size":"auto","background-attachment":"scroll","background-type":"","background-media":"","overlay-type":"","overlay-color":"","overlay-opacity":"","overlay-gradient":""}},"footnotes":""},"categories":[33,1],"tags":[],"class_list":["post-23828","post","type-post","status-publish","format-standard","has-post-thumbnail","hentry","category-blog-ca","category-sin-categorizar"],"acf":[],"yoast_head":"<!-- This site is optimized with the Yoast SEO plugin v23.2 - https:\/\/yoast.com\/wordpress\/plugins\/seo\/ -->\n<title>\u2728 El futur es construeix amb les mans, el talent i les oportunitats reals \u2728 - Antoni Ruiz<\/title>\n<meta name=\"robots\" content=\"index, follow, max-snippet:-1, max-image-preview:large, max-video-preview:-1\" \/>\n<link rel=\"canonical\" href=\"https:\/\/antoniruiz.com\/ca\/%e2%9c%a8-el-futur-es-construeix-amb-les-mans-el-talent-i-les-oportunitats-reals-%e2%9c%a8\/\" \/>\n<meta property=\"og:locale\" content=\"ca_ES\" \/>\n<meta property=\"og:type\" content=\"article\" \/>\n<meta property=\"og:title\" content=\"\u2728 El futur es construeix amb les mans, el talent i les oportunitats reals \u2728 - Antoni Ruiz\" \/>\n<meta property=\"og:description\" content=\"Avui he tingut el privilegi de compartir una jornada molt especial al centre La Salle Mollerussa, a Lleida, acompanyant el [&hellip;]\" \/>\n<meta property=\"og:url\" content=\"https:\/\/antoniruiz.com\/ca\/%e2%9c%a8-el-futur-es-construeix-amb-les-mans-el-talent-i-les-oportunitats-reals-%e2%9c%a8\/\" \/>\n<meta property=\"og:site_name\" content=\"Antoni Ruiz\" \/>\n<meta property=\"article:published_time\" content=\"2026-04-10T11:56:11+00:00\" \/>\n<meta property=\"article:modified_time\" content=\"2026-04-10T11:56:14+00:00\" \/>\n<meta property=\"og:image\" content=\"https:\/\/antoniruiz.com\/wp-content\/uploads\/2026\/04\/WhatsApp-Image-2026-04-09-at-18.10.28-1.jpeg\" \/>\n\t<meta property=\"og:image:width\" content=\"1200\" \/>\n\t<meta property=\"og:image:height\" content=\"1600\" \/>\n\t<meta property=\"og:image:type\" content=\"image\/jpeg\" \/>\n<meta name=\"author\" content=\"Antoni Ruiz\" \/>\n<meta name=\"twitter:card\" content=\"summary_large_image\" \/>\n<meta name=\"twitter:label1\" content=\"Escrit per\" \/>\n\t<meta name=\"twitter:data1\" content=\"Antoni Ruiz\" \/>\n\t<meta name=\"twitter:label2\" content=\"Temps estimat de lectura\" \/>\n\t<meta name=\"twitter:data2\" content=\"4 minuts\" \/>\n<script type=\"application\/ld+json\" class=\"yoast-schema-graph\">{\"@context\":\"https:\/\/schema.org\",\"@graph\":[{\"@type\":\"Article\",\"@id\":\"https:\/\/antoniruiz.com\/ca\/%e2%9c%a8-el-futur-es-construeix-amb-les-mans-el-talent-i-les-oportunitats-reals-%e2%9c%a8\/#article\",\"isPartOf\":{\"@id\":\"https:\/\/antoniruiz.com\/ca\/%e2%9c%a8-el-futur-es-construeix-amb-les-mans-el-talent-i-les-oportunitats-reals-%e2%9c%a8\/\"},\"author\":{\"name\":\"Antoni Ruiz\",\"@id\":\"https:\/\/antoniruiz.com\/ca\/#\/schema\/person\/a8d62eab776c7cf6f6efafa52d0bce62\"},\"headline\":\"\u2728 El futur es construeix amb les mans, el talent i les oportunitats reals \u2728\",\"datePublished\":\"2026-04-10T11:56:11+00:00\",\"dateModified\":\"2026-04-10T11:56:14+00:00\",\"mainEntityOfPage\":{\"@id\":\"https:\/\/antoniruiz.com\/ca\/%e2%9c%a8-el-futur-es-construeix-amb-les-mans-el-talent-i-les-oportunitats-reals-%e2%9c%a8\/\"},\"wordCount\":201,\"publisher\":{\"@id\":\"https:\/\/antoniruiz.com\/ca\/#organization\"},\"image\":{\"@id\":\"https:\/\/antoniruiz.com\/ca\/%e2%9c%a8-el-futur-es-construeix-amb-les-mans-el-talent-i-les-oportunitats-reals-%e2%9c%a8\/#primaryimage\"},\"thumbnailUrl\":\"https:\/\/antoniruiz.com\/wp-content\/uploads\/2026\/04\/WhatsApp-Image-2026-04-09-at-18.10.28-1.jpeg\",\"articleSection\":[\"blog\",\"Sin categorizar\"],\"inLanguage\":\"ca\"},{\"@type\":\"WebPage\",\"@id\":\"https:\/\/antoniruiz.com\/ca\/%e2%9c%a8-el-futur-es-construeix-amb-les-mans-el-talent-i-les-oportunitats-reals-%e2%9c%a8\/\",\"url\":\"https:\/\/antoniruiz.com\/ca\/%e2%9c%a8-el-futur-es-construeix-amb-les-mans-el-talent-i-les-oportunitats-reals-%e2%9c%a8\/\",\"name\":\"\u2728 El futur es construeix amb les mans, el talent i les oportunitats reals \u2728 - Antoni Ruiz\",\"isPartOf\":{\"@id\":\"https:\/\/antoniruiz.com\/ca\/#website\"},\"primaryImageOfPage\":{\"@id\":\"https:\/\/antoniruiz.com\/ca\/%e2%9c%a8-el-futur-es-construeix-amb-les-mans-el-talent-i-les-oportunitats-reals-%e2%9c%a8\/#primaryimage\"},\"image\":{\"@id\":\"https:\/\/antoniruiz.com\/ca\/%e2%9c%a8-el-futur-es-construeix-amb-les-mans-el-talent-i-les-oportunitats-reals-%e2%9c%a8\/#primaryimage\"},\"thumbnailUrl\":\"https:\/\/antoniruiz.com\/wp-content\/uploads\/2026\/04\/WhatsApp-Image-2026-04-09-at-18.10.28-1.jpeg\",\"datePublished\":\"2026-04-10T11:56:11+00:00\",\"dateModified\":\"2026-04-10T11:56:14+00:00\",\"breadcrumb\":{\"@id\":\"https:\/\/antoniruiz.com\/ca\/%e2%9c%a8-el-futur-es-construeix-amb-les-mans-el-talent-i-les-oportunitats-reals-%e2%9c%a8\/#breadcrumb\"},\"inLanguage\":\"ca\",\"potentialAction\":[{\"@type\":\"ReadAction\",\"target\":[\"https:\/\/antoniruiz.com\/ca\/%e2%9c%a8-el-futur-es-construeix-amb-les-mans-el-talent-i-les-oportunitats-reals-%e2%9c%a8\/\"]}]},{\"@type\":\"ImageObject\",\"inLanguage\":\"ca\",\"@id\":\"https:\/\/antoniruiz.com\/ca\/%e2%9c%a8-el-futur-es-construeix-amb-les-mans-el-talent-i-les-oportunitats-reals-%e2%9c%a8\/#primaryimage\",\"url\":\"https:\/\/antoniruiz.com\/wp-content\/uploads\/2026\/04\/WhatsApp-Image-2026-04-09-at-18.10.28-1.jpeg\",\"contentUrl\":\"https:\/\/antoniruiz.com\/wp-content\/uploads\/2026\/04\/WhatsApp-Image-2026-04-09-at-18.10.28-1.jpeg\",\"width\":1200,\"height\":1600},{\"@type\":\"BreadcrumbList\",\"@id\":\"https:\/\/antoniruiz.com\/ca\/%e2%9c%a8-el-futur-es-construeix-amb-les-mans-el-talent-i-les-oportunitats-reals-%e2%9c%a8\/#breadcrumb\",\"itemListElement\":[{\"@type\":\"ListItem\",\"position\":1,\"name\":\"Home\",\"item\":\"https:\/\/antoniruiz.com\/ca\/\"},{\"@type\":\"ListItem\",\"position\":2,\"name\":\"\u2728 El futur es construeix amb les mans, el talent i les oportunitats reals \u2728\"}]},{\"@type\":\"WebSite\",\"@id\":\"https:\/\/antoniruiz.com\/ca\/#website\",\"url\":\"https:\/\/antoniruiz.com\/ca\/\",\"name\":\"Antoni Ruiz\",\"description\":\"\",\"publisher\":{\"@id\":\"https:\/\/antoniruiz.com\/ca\/#organization\"},\"potentialAction\":[{\"@type\":\"SearchAction\",\"target\":{\"@type\":\"EntryPoint\",\"urlTemplate\":\"https:\/\/antoniruiz.com\/ca\/?s={search_term_string}\"},\"query-input\":\"required name=search_term_string\"}],\"inLanguage\":\"ca\"},{\"@type\":\"Organization\",\"@id\":\"https:\/\/antoniruiz.com\/ca\/#organization\",\"name\":\"Antoni Ruiz\",\"url\":\"https:\/\/antoniruiz.com\/ca\/\",\"logo\":{\"@type\":\"ImageObject\",\"inLanguage\":\"ca\",\"@id\":\"https:\/\/antoniruiz.com\/ca\/#\/schema\/logo\/image\/\",\"url\":\"https:\/\/antoniruiz.com\/wp-content\/uploads\/2024\/06\/AntoniRuiz_MAIN.png\",\"contentUrl\":\"https:\/\/antoniruiz.com\/wp-content\/uploads\/2024\/06\/AntoniRuiz_MAIN.png\",\"width\":944,\"height\":675,\"caption\":\"Antoni Ruiz\"},\"image\":{\"@id\":\"https:\/\/antoniruiz.com\/ca\/#\/schema\/logo\/image\/\"}},{\"@type\":\"Person\",\"@id\":\"https:\/\/antoniruiz.com\/ca\/#\/schema\/person\/a8d62eab776c7cf6f6efafa52d0bce62\",\"name\":\"Antoni Ruiz\",\"image\":{\"@type\":\"ImageObject\",\"inLanguage\":\"ca\",\"@id\":\"https:\/\/antoniruiz.com\/ca\/#\/schema\/person\/image\/\",\"url\":\"https:\/\/secure.gravatar.com\/avatar\/7c088e4296c344dd768b0c3ec823a8955c44caecaa1bfc843afc64b88c2d3d64?s=96&d=mm&r=g\",\"contentUrl\":\"https:\/\/secure.gravatar.com\/avatar\/7c088e4296c344dd768b0c3ec823a8955c44caecaa1bfc843afc64b88c2d3d64?s=96&d=mm&r=g\",\"caption\":\"Antoni Ruiz\"},\"url\":\"https:\/\/antoniruiz.com\/ca\/author\/antoni-ruiz\/\"}]}<\/script>\n<!-- \/ Yoast SEO plugin. -->","yoast_head_json":{"title":"\u2728 El futur es construeix amb les mans, el talent i les oportunitats reals \u2728 - Antoni Ruiz","robots":{"index":"index","follow":"follow","max-snippet":"max-snippet:-1","max-image-preview":"max-image-preview:large","max-video-preview":"max-video-preview:-1"},"canonical":"https:\/\/antoniruiz.com\/ca\/%e2%9c%a8-el-futur-es-construeix-amb-les-mans-el-talent-i-les-oportunitats-reals-%e2%9c%a8\/","og_locale":"ca_ES","og_type":"article","og_title":"\u2728 El futur es construeix amb les mans, el talent i les oportunitats reals \u2728 - Antoni Ruiz","og_description":"Avui he tingut el privilegi de compartir una jornada molt especial al centre La Salle Mollerussa, a Lleida, acompanyant el [&hellip;]","og_url":"https:\/\/antoniruiz.com\/ca\/%e2%9c%a8-el-futur-es-construeix-amb-les-mans-el-talent-i-les-oportunitats-reals-%e2%9c%a8\/","og_site_name":"Antoni Ruiz","article_published_time":"2026-04-10T11:56:11+00:00","article_modified_time":"2026-04-10T11:56:14+00:00","og_image":[{"width":1200,"height":1600,"url":"https:\/\/antoniruiz.com\/wp-content\/uploads\/2026\/04\/WhatsApp-Image-2026-04-09-at-18.10.28-1.jpeg","type":"image\/jpeg"}],"author":"Antoni Ruiz","twitter_card":"summary_large_image","twitter_misc":{"Escrit per":"Antoni Ruiz","Temps estimat de lectura":"4 minuts"},"schema":{"@context":"https:\/\/schema.org","@graph":[{"@type":"Article","@id":"https:\/\/antoniruiz.com\/ca\/%e2%9c%a8-el-futur-es-construeix-amb-les-mans-el-talent-i-les-oportunitats-reals-%e2%9c%a8\/#article","isPartOf":{"@id":"https:\/\/antoniruiz.com\/ca\/%e2%9c%a8-el-futur-es-construeix-amb-les-mans-el-talent-i-les-oportunitats-reals-%e2%9c%a8\/"},"author":{"name":"Antoni Ruiz","@id":"https:\/\/antoniruiz.com\/ca\/#\/schema\/person\/a8d62eab776c7cf6f6efafa52d0bce62"},"headline":"\u2728 El futur es construeix amb les mans, el talent i les oportunitats reals \u2728","datePublished":"2026-04-10T11:56:11+00:00","dateModified":"2026-04-10T11:56:14+00:00","mainEntityOfPage":{"@id":"https:\/\/antoniruiz.com\/ca\/%e2%9c%a8-el-futur-es-construeix-amb-les-mans-el-talent-i-les-oportunitats-reals-%e2%9c%a8\/"},"wordCount":201,"publisher":{"@id":"https:\/\/antoniruiz.com\/ca\/#organization"},"image":{"@id":"https:\/\/antoniruiz.com\/ca\/%e2%9c%a8-el-futur-es-construeix-amb-les-mans-el-talent-i-les-oportunitats-reals-%e2%9c%a8\/#primaryimage"},"thumbnailUrl":"https:\/\/antoniruiz.com\/wp-content\/uploads\/2026\/04\/WhatsApp-Image-2026-04-09-at-18.10.28-1.jpeg","articleSection":["blog","Sin categorizar"],"inLanguage":"ca"},{"@type":"WebPage","@id":"https:\/\/antoniruiz.com\/ca\/%e2%9c%a8-el-futur-es-construeix-amb-les-mans-el-talent-i-les-oportunitats-reals-%e2%9c%a8\/","url":"https:\/\/antoniruiz.com\/ca\/%e2%9c%a8-el-futur-es-construeix-amb-les-mans-el-talent-i-les-oportunitats-reals-%e2%9c%a8\/","name":"\u2728 El futur es construeix amb les mans, el talent i les oportunitats reals \u2728 - Antoni Ruiz","isPartOf":{"@id":"https:\/\/antoniruiz.com\/ca\/#website"},"primaryImageOfPage":{"@id":"https:\/\/antoniruiz.com\/ca\/%e2%9c%a8-el-futur-es-construeix-amb-les-mans-el-talent-i-les-oportunitats-reals-%e2%9c%a8\/#primaryimage"},"image":{"@id":"https:\/\/antoniruiz.com\/ca\/%e2%9c%a8-el-futur-es-construeix-amb-les-mans-el-talent-i-les-oportunitats-reals-%e2%9c%a8\/#primaryimage"},"thumbnailUrl":"https:\/\/antoniruiz.com\/wp-content\/uploads\/2026\/04\/WhatsApp-Image-2026-04-09-at-18.10.28-1.jpeg","datePublished":"2026-04-10T11:56:11+00:00","dateModified":"2026-04-10T11:56:14+00:00","breadcrumb":{"@id":"https:\/\/antoniruiz.com\/ca\/%e2%9c%a8-el-futur-es-construeix-amb-les-mans-el-talent-i-les-oportunitats-reals-%e2%9c%a8\/#breadcrumb"},"inLanguage":"ca","potentialAction":[{"@type":"ReadAction","target":["https:\/\/antoniruiz.com\/ca\/%e2%9c%a8-el-futur-es-construeix-amb-les-mans-el-talent-i-les-oportunitats-reals-%e2%9c%a8\/"]}]},{"@type":"ImageObject","inLanguage":"ca","@id":"https:\/\/antoniruiz.com\/ca\/%e2%9c%a8-el-futur-es-construeix-amb-les-mans-el-talent-i-les-oportunitats-reals-%e2%9c%a8\/#primaryimage","url":"https:\/\/antoniruiz.com\/wp-content\/uploads\/2026\/04\/WhatsApp-Image-2026-04-09-at-18.10.28-1.jpeg","contentUrl":"https:\/\/antoniruiz.com\/wp-content\/uploads\/2026\/04\/WhatsApp-Image-2026-04-09-at-18.10.28-1.jpeg","width":1200,"height":1600},{"@type":"BreadcrumbList","@id":"https:\/\/antoniruiz.com\/ca\/%e2%9c%a8-el-futur-es-construeix-amb-les-mans-el-talent-i-les-oportunitats-reals-%e2%9c%a8\/#breadcrumb","itemListElement":[{"@type":"ListItem","position":1,"name":"Home","item":"https:\/\/antoniruiz.com\/ca\/"},{"@type":"ListItem","position":2,"name":"\u2728 El futur es construeix amb les mans, el talent i les oportunitats reals \u2728"}]},{"@type":"WebSite","@id":"https:\/\/antoniruiz.com\/ca\/#website","url":"https:\/\/antoniruiz.com\/ca\/","name":"Antoni Ruiz","description":"","publisher":{"@id":"https:\/\/antoniruiz.com\/ca\/#organization"},"potentialAction":[{"@type":"SearchAction","target":{"@type":"EntryPoint","urlTemplate":"https:\/\/antoniruiz.com\/ca\/?s={search_term_string}"},"query-input":"required name=search_term_string"}],"inLanguage":"ca"},{"@type":"Organization","@id":"https:\/\/antoniruiz.com\/ca\/#organization","name":"Antoni Ruiz","url":"https:\/\/antoniruiz.com\/ca\/","logo":{"@type":"ImageObject","inLanguage":"ca","@id":"https:\/\/antoniruiz.com\/ca\/#\/schema\/logo\/image\/","url":"https:\/\/antoniruiz.com\/wp-content\/uploads\/2024\/06\/AntoniRuiz_MAIN.png","contentUrl":"https:\/\/antoniruiz.com\/wp-content\/uploads\/2024\/06\/AntoniRuiz_MAIN.png","width":944,"height":675,"caption":"Antoni Ruiz"},"image":{"@id":"https:\/\/antoniruiz.com\/ca\/#\/schema\/logo\/image\/"}},{"@type":"Person","@id":"https:\/\/antoniruiz.com\/ca\/#\/schema\/person\/a8d62eab776c7cf6f6efafa52d0bce62","name":"Antoni Ruiz","image":{"@type":"ImageObject","inLanguage":"ca","@id":"https:\/\/antoniruiz.com\/ca\/#\/schema\/person\/image\/","url":"https:\/\/secure.gravatar.com\/avatar\/7c088e4296c344dd768b0c3ec823a8955c44caecaa1bfc843afc64b88c2d3d64?s=96&d=mm&r=g","contentUrl":"https:\/\/secure.gravatar.com\/avatar\/7c088e4296c344dd768b0c3ec823a8955c44caecaa1bfc843afc64b88c2d3d64?s=96&d=mm&r=g","caption":"Antoni Ruiz"},"url":"https:\/\/antoniruiz.com\/ca\/author\/antoni-ruiz\/"}]}},"_links":{"self":[{"href":"https:\/\/antoniruiz.com\/ca\/wp-json\/wp\/v2\/posts\/23828","targetHints":{"allow":["GET"]}}],"collection":[{"href":"https:\/\/antoniruiz.com\/ca\/wp-json\/wp\/v2\/posts"}],"about":[{"href":"https:\/\/antoniruiz.com\/ca\/wp-json\/wp\/v2\/types\/post"}],"author":[{"embeddable":true,"href":"https:\/\/antoniruiz.com\/ca\/wp-json\/wp\/v2\/users\/3"}],"replies":[{"embeddable":true,"href":"https:\/\/antoniruiz.com\/ca\/wp-json\/wp\/v2\/comments?post=23828"}],"version-history":[{"count":1,"href":"https:\/\/antoniruiz.com\/ca\/wp-json\/wp\/v2\/posts\/23828\/revisions"}],"predecessor-version":[{"id":23871,"href":"https:\/\/antoniruiz.com\/ca\/wp-json\/wp\/v2\/posts\/23828\/revisions\/23871"}],"wp:featuredmedia":[{"embeddable":true,"href":"https:\/\/antoniruiz.com\/ca\/wp-json\/wp\/v2\/media\/23833"}],"wp:attachment":[{"href":"https:\/\/antoniruiz.com\/ca\/wp-json\/wp\/v2\/media?parent=23828"}],"wp:term":[{"taxonomy":"category","embeddable":true,"href":"https:\/\/antoniruiz.com\/ca\/wp-json\/wp\/v2\/categories?post=23828"},{"taxonomy":"post_tag","embeddable":true,"href":"https:\/\/antoniruiz.com\/ca\/wp-json\/wp\/v2\/tags?post=23828"}],"curies":[{"name":"wp","href":"https:\/\/api.w.org\/{rel}","templated":true}]}}