{"id":23823,"date":"2026-04-09T15:04:46","date_gmt":"2026-04-09T15:04:46","guid":{"rendered":"https:\/\/antoniruiz.com\/?p=23823"},"modified":"2026-04-09T15:10:30","modified_gmt":"2026-04-09T15:10:30","slug":"quan-la-formacio-professional-es-viu-en-primera-persona-una-jornada-a-xabec-valencia-al-costat-de-baxi","status":"publish","type":"post","link":"https:\/\/antoniruiz.com\/ca\/quan-la-formacio-professional-es-viu-en-primera-persona-una-jornada-a-xabec-valencia-al-costat-de-baxi\/","title":{"rendered":"Quan la Formaci\u00f3 Professional es viu en primera persona: una jornada a XABEC Val\u00e8ncia al costat de BAXI"},"content":{"rendered":"\n<p>Fa uns quants dies vaig tenir l&#8217;oportunitat de tornar al Centre de Formaci\u00f3 XABEC de Val\u00e8ncia per compartir una jornada amb alumnes de Formaci\u00f3 Professional, en aquesta ocasi\u00f3 amb la col\u00b7laboraci\u00f3 de BAXI.<\/p>\n\n\n\n<p>Una visita que, m\u00e9s enll\u00e0 d\u201funa confer\u00e8ncia, esdevingu\u00e9 una experi\u00e8ncia d\u201fintercanvi real entre formaci\u00f3 i empresa.<\/p>\n\n\n\n<p>Perqu\u00e8 si alguna cosa defineix avui la Formaci\u00f3 Professional \u00e9s precisament aix\u00f2: la capacitat de connectar l&#8217;aprenentatge amb la realitat del sector.<\/p>\n\n\n\n<figure class=\"wp-block-image size-large\"><img fetchpriority=\"high\" decoding=\"async\" width=\"1024\" height=\"640\" src=\"https:\/\/antoniruiz.com\/wp-content\/uploads\/2026\/04\/20260306_102318-1024x640.jpg\" alt=\"\" class=\"wp-image-23796\" srcset=\"https:\/\/antoniruiz.com\/wp-content\/uploads\/2026\/04\/20260306_102318-1024x640.jpg 1024w, https:\/\/antoniruiz.com\/wp-content\/uploads\/2026\/04\/20260306_102318-300x188.jpg 300w, https:\/\/antoniruiz.com\/wp-content\/uploads\/2026\/04\/20260306_102318-768x480.jpg 768w, https:\/\/antoniruiz.com\/wp-content\/uploads\/2026\/04\/20260306_102318-1536x960.jpg 1536w, https:\/\/antoniruiz.com\/wp-content\/uploads\/2026\/04\/20260306_102318-2048x1280.jpg 2048w, https:\/\/antoniruiz.com\/wp-content\/uploads\/2026\/04\/20260306_102318-1320x825.jpg 1320w\" sizes=\"(max-width: 1024px) 100vw, 1024px\" \/><\/figure>\n\n\n\n<p>Una aula connectada amb el present<br>Durant la sessi\u00f3 abordem alguns dels grans reptes i oportunitats que estan marcant el sector de les instal\u00b7lacions:<\/p>\n\n\n\n<p>L&#8217;evoluci\u00f3 tecnol\u00f2gica en climatitzaci\u00f3 i efici\u00e8ncia energ\u00e8tica<br>La necessitat de professionals qualificats i especialitzats<br>El paper clau de l&#8217;actitud i la implicaci\u00f3 personal<br>I el valor estrat\u00e8gic de la Formaci\u00f3 Professional Dual<br>Tot i aix\u00f2, el m\u00e9s enriquidor no va ser el contingut, sin\u00f3 l&#8217;actitud dels alumnes.<\/p>\n\n\n\n<p>Una actitud basada en la curiositat, les ganes d&#8217;aprendre i la consci\u00e8ncia que estan construint el seu futur professional des d&#8217;avui.<\/p>\n\n\n\n<p>La FP Dual com a motor daprenentatge real<br>Molts d&#8217;aquests alumnes es troben actualment immersos en el per\u00edode de Formaci\u00f3 Professional Dual, combinant la seva formaci\u00f3 al centre educatiu amb l&#8217;experi\u00e8ncia directa en empreses del sector.<\/p>\n\n\n\n<p>Un model que permet:<\/p>\n\n\n\n<p>\u2714\ufe0f Aplicar coneixements en entorns reals<br>\u2714\ufe0f Desenvolupar compet\u00e8ncies t\u00e8cniques i personals<br>\u2714\ufe0f Entendre el funcionament de les empreses des de dins<br>\u2714\ufe0f I, sobretot, madurar professionalment en un context real<\/p>\n\n\n\n<p>La FP Dual no nom\u00e9s forma professionals.<br>Forma persones preparades per integrar-se a un entorn laboral exigent, canviant i ple d&#8217;oportunitats.<\/p>\n\n\n\n<p>El paper imprescindible de lempresa<br>En aquest context, la implicaci\u00f3 d&#8217;empreses com a BAXI \u00e9s fonamental.<\/p>\n\n\n\n<p>La seva participaci\u00f3 no sols aporta coneixement t\u00e8cnic o visi\u00f3 de mercat. Aporta una cosa molt m\u00e9s important: proximitat amb la realitat professional.<\/p>\n\n\n\n<p>Quan l&#8217;empresa entra a l&#8217;aula, l&#8217;aprenentatge adquireix un sentit nou.<\/p>\n\n\n\n<p>Es converteix en una cosa tangible.<br>En alguna cosa \u00fatil.<br>En una cosa que t\u00e9 aplicaci\u00f3 directa.<\/p>\n\n\n\n<p>I aix\u00f2, per a un alumne, marca la difer\u00e8ncia.<\/p>\n\n\n\n<p>Mirant el futur amb confian\u00e7a<br>Vaig sortir del Centre de Formaci\u00f3 XABEC amb una sensaci\u00f3 molt clara: el sector compta amb una nova generaci\u00f3 de professionals preparats, motivats i amb una visi\u00f3 molt m\u00e9s alineada amb la realitat del que de vegades pensem.<\/p>\n\n\n\n<p>La formaci\u00f3 professional est\u00e0 evolucionant.<br>Les empreses estan cada cop m\u00e9s implicades.<br>I els joves estan responent.<\/p>\n\n\n\n<p>Quan aquests tres elements s&#8217;alineen, el resultat \u00e9s evident.<\/p>\n\n\n\n<p>\ud83d\udc49 Estem construint el futur del sector des del present.<\/p>\n\n\n\n<p>Gr\u00e0cies a l&#8217;equip de XABEC pel comprom\u00eds amb la formaci\u00f3 de qualitat, a BAXI per la seva implicaci\u00f3 amb el talent jove i, especialment, als alumnes per demostrar que el futur dels oficis t\u00e8cnics est\u00e0 en molt bones mans.<\/p>\n\n\n\n<figure class=\"wp-block-gallery has-nested-images columns-default is-cropped wp-block-gallery-1 is-layout-flex wp-block-gallery-is-layout-flex\">\n<figure class=\"wp-block-image size-large\"><img decoding=\"async\" width=\"1024\" height=\"640\" data-id=\"23820\" src=\"https:\/\/antoniruiz.com\/wp-content\/uploads\/2026\/04\/20260306_105806-1024x640.jpg\" alt=\"\" class=\"wp-image-23820\" srcset=\"https:\/\/antoniruiz.com\/wp-content\/uploads\/2026\/04\/20260306_105806-1024x640.jpg 1024w, https:\/\/antoniruiz.com\/wp-content\/uploads\/2026\/04\/20260306_105806-300x188.jpg 300w, https:\/\/antoniruiz.com\/wp-content\/uploads\/2026\/04\/20260306_105806-768x480.jpg 768w, https:\/\/antoniruiz.com\/wp-content\/uploads\/2026\/04\/20260306_105806-1536x960.jpg 1536w, https:\/\/antoniruiz.com\/wp-content\/uploads\/2026\/04\/20260306_105806-2048x1280.jpg 2048w, https:\/\/antoniruiz.com\/wp-content\/uploads\/2026\/04\/20260306_105806-1320x825.jpg 1320w\" sizes=\"(max-width: 1024px) 100vw, 1024px\" \/><\/figure>\n\n\n\n<figure class=\"wp-block-image size-large\"><img decoding=\"async\" width=\"1024\" height=\"640\" data-id=\"23814\" src=\"https:\/\/antoniruiz.com\/wp-content\/uploads\/2026\/04\/20260306_103818-1024x640.jpg\" alt=\"\" class=\"wp-image-23814\" srcset=\"https:\/\/antoniruiz.com\/wp-content\/uploads\/2026\/04\/20260306_103818-1024x640.jpg 1024w, https:\/\/antoniruiz.com\/wp-content\/uploads\/2026\/04\/20260306_103818-300x188.jpg 300w, https:\/\/antoniruiz.com\/wp-content\/uploads\/2026\/04\/20260306_103818-768x480.jpg 768w, https:\/\/antoniruiz.com\/wp-content\/uploads\/2026\/04\/20260306_103818-1536x960.jpg 1536w, https:\/\/antoniruiz.com\/wp-content\/uploads\/2026\/04\/20260306_103818-2048x1280.jpg 2048w, https:\/\/antoniruiz.com\/wp-content\/uploads\/2026\/04\/20260306_103818-1320x825.jpg 1320w\" sizes=\"(max-width: 1024px) 100vw, 1024px\" \/><\/figure>\n\n\n\n<figure class=\"wp-block-image size-large\"><img loading=\"lazy\" decoding=\"async\" width=\"915\" height=\"1024\" data-id=\"23817\" src=\"https:\/\/antoniruiz.com\/wp-content\/uploads\/2026\/04\/20260306_105759-915x1024.jpg\" alt=\"\" class=\"wp-image-23817\" srcset=\"https:\/\/antoniruiz.com\/wp-content\/uploads\/2026\/04\/20260306_105759-915x1024.jpg 915w, https:\/\/antoniruiz.com\/wp-content\/uploads\/2026\/04\/20260306_105759-268x300.jpg 268w, https:\/\/antoniruiz.com\/wp-content\/uploads\/2026\/04\/20260306_105759-768x859.jpg 768w, https:\/\/antoniruiz.com\/wp-content\/uploads\/2026\/04\/20260306_105759-1373x1536.jpg 1373w, https:\/\/antoniruiz.com\/wp-content\/uploads\/2026\/04\/20260306_105759-1830x2048.jpg 1830w, https:\/\/antoniruiz.com\/wp-content\/uploads\/2026\/04\/20260306_105759-1320x1477.jpg 1320w, https:\/\/antoniruiz.com\/wp-content\/uploads\/2026\/04\/20260306_105759.jpg 2040w\" sizes=\"(max-width: 915px) 100vw, 915px\" \/><\/figure>\n\n\n\n<figure class=\"wp-block-image size-large\"><img loading=\"lazy\" decoding=\"async\" width=\"916\" height=\"1024\" data-id=\"23811\" src=\"https:\/\/antoniruiz.com\/wp-content\/uploads\/2026\/04\/20260306_103444-916x1024.jpg\" alt=\"\" class=\"wp-image-23811\" srcset=\"https:\/\/antoniruiz.com\/wp-content\/uploads\/2026\/04\/20260306_103444-916x1024.jpg 916w, https:\/\/antoniruiz.com\/wp-content\/uploads\/2026\/04\/20260306_103444-268x300.jpg 268w, https:\/\/antoniruiz.com\/wp-content\/uploads\/2026\/04\/20260306_103444-768x858.jpg 768w, https:\/\/antoniruiz.com\/wp-content\/uploads\/2026\/04\/20260306_103444-1374x1536.jpg 1374w, https:\/\/antoniruiz.com\/wp-content\/uploads\/2026\/04\/20260306_103444-1832x2048.jpg 1832w, https:\/\/antoniruiz.com\/wp-content\/uploads\/2026\/04\/20260306_103444-1320x1475.jpg 1320w, https:\/\/antoniruiz.com\/wp-content\/uploads\/2026\/04\/20260306_103444.jpg 2040w\" sizes=\"(max-width: 916px) 100vw, 916px\" \/><\/figure>\n\n\n\n<figure class=\"wp-block-image size-large\"><img loading=\"lazy\" decoding=\"async\" width=\"1024\" height=\"640\" data-id=\"23808\" src=\"https:\/\/antoniruiz.com\/wp-content\/uploads\/2026\/04\/20260306_102917-1024x640.jpg\" alt=\"\" class=\"wp-image-23808\" srcset=\"https:\/\/antoniruiz.com\/wp-content\/uploads\/2026\/04\/20260306_102917-1024x640.jpg 1024w, https:\/\/antoniruiz.com\/wp-content\/uploads\/2026\/04\/20260306_102917-300x188.jpg 300w, https:\/\/antoniruiz.com\/wp-content\/uploads\/2026\/04\/20260306_102917-768x480.jpg 768w, https:\/\/antoniruiz.com\/wp-content\/uploads\/2026\/04\/20260306_102917-1536x960.jpg 1536w, https:\/\/antoniruiz.com\/wp-content\/uploads\/2026\/04\/20260306_102917-2048x1280.jpg 2048w, https:\/\/antoniruiz.com\/wp-content\/uploads\/2026\/04\/20260306_102917-1320x825.jpg 1320w\" sizes=\"(max-width: 1024px) 100vw, 1024px\" \/><\/figure>\n\n\n\n<figure class=\"wp-block-image size-large\"><img loading=\"lazy\" decoding=\"async\" width=\"586\" height=\"1024\" data-id=\"23802\" src=\"https:\/\/antoniruiz.com\/wp-content\/uploads\/2026\/04\/20260306_102312-1-586x1024.jpg\" alt=\"\" class=\"wp-image-23802\" srcset=\"https:\/\/antoniruiz.com\/wp-content\/uploads\/2026\/04\/20260306_102312-1-586x1024.jpg 586w, https:\/\/antoniruiz.com\/wp-content\/uploads\/2026\/04\/20260306_102312-1-172x300.jpg 172w, https:\/\/antoniruiz.com\/wp-content\/uploads\/2026\/04\/20260306_102312-1-768x1342.jpg 768w, https:\/\/antoniruiz.com\/wp-content\/uploads\/2026\/04\/20260306_102312-1-879x1536.jpg 879w, https:\/\/antoniruiz.com\/wp-content\/uploads\/2026\/04\/20260306_102312-1-1172x2048.jpg 1172w, https:\/\/antoniruiz.com\/wp-content\/uploads\/2026\/04\/20260306_102312-1-1320x2307.jpg 1320w, https:\/\/antoniruiz.com\/wp-content\/uploads\/2026\/04\/20260306_102312-1-scaled.jpg 1465w\" sizes=\"(max-width: 586px) 100vw, 586px\" \/><\/figure>\n<\/figure>\n","protected":false},"excerpt":{"rendered":"<p>Fa uns quants dies vaig tenir l&#8217;oportunitat de tornar al Centre de Formaci\u00f3 XABEC de Val\u00e8ncia per compartir una jornada [&hellip;]<\/p>\n","protected":false},"author":3,"featured_media":23799,"comment_status":"closed","ping_status":"open","sticky":false,"template":"","format":"standard","meta":{"_acf_changed":false,"site-sidebar-layout":"default","site-content-layout":"","ast-site-content-layout":"default","site-content-style":"default","site-sidebar-style":"default","ast-global-header-display":"","ast-banner-title-visibility":"","ast-main-header-display":"","ast-hfb-above-header-display":"","ast-hfb-below-header-display":"","ast-hfb-mobile-header-display":"","site-post-title":"","ast-breadcrumbs-content":"","ast-featured-img":"","footer-sml-layout":"","ast-disable-related-posts":"","theme-transparent-header-meta":"","adv-header-id-meta":"","stick-header-meta":"","header-above-stick-meta":"","header-main-stick-meta":"","header-below-stick-meta":"","astra-migrate-meta-layouts":"default","ast-page-background-enabled":"default","ast-page-background-meta":{"desktop":{"background-color":"var(--ast-global-color-4)","background-image":"","background-repeat":"repeat","background-position":"center center","background-size":"auto","background-attachment":"scroll","background-type":"","background-media":"","overlay-type":"","overlay-color":"","overlay-opacity":"","overlay-gradient":""},"tablet":{"background-color":"","background-image":"","background-repeat":"repeat","background-position":"center center","background-size":"auto","background-attachment":"scroll","background-type":"","background-media":"","overlay-type":"","overlay-color":"","overlay-opacity":"","overlay-gradient":""},"mobile":{"background-color":"","background-image":"","background-repeat":"repeat","background-position":"center center","background-size":"auto","background-attachment":"scroll","background-type":"","background-media":"","overlay-type":"","overlay-color":"","overlay-opacity":"","overlay-gradient":""}},"ast-content-background-meta":{"desktop":{"background-color":"var(--ast-global-color-5)","background-image":"","background-repeat":"repeat","background-position":"center center","background-size":"auto","background-attachment":"scroll","background-type":"","background-media":"","overlay-type":"","overlay-color":"","overlay-opacity":"","overlay-gradient":""},"tablet":{"background-color":"var(--ast-global-color-5)","background-image":"","background-repeat":"repeat","background-position":"center center","background-size":"auto","background-attachment":"scroll","background-type":"","background-media":"","overlay-type":"","overlay-color":"","overlay-opacity":"","overlay-gradient":""},"mobile":{"background-color":"var(--ast-global-color-5)","background-image":"","background-repeat":"repeat","background-position":"center center","background-size":"auto","background-attachment":"scroll","background-type":"","background-media":"","overlay-type":"","overlay-color":"","overlay-opacity":"","overlay-gradient":""}},"footnotes":""},"categories":[33],"tags":[],"class_list":["post-23823","post","type-post","status-publish","format-standard","has-post-thumbnail","hentry","category-blog-ca"],"acf":[],"yoast_head":"<!-- This site is optimized with the Yoast SEO plugin v23.2 - https:\/\/yoast.com\/wordpress\/plugins\/seo\/ -->\n<title>Quan la Formaci\u00f3 Professional es viu en primera persona: una jornada a XABEC Val\u00e8ncia al costat de BAXI - Antoni Ruiz<\/title>\n<meta name=\"robots\" content=\"index, follow, max-snippet:-1, max-image-preview:large, max-video-preview:-1\" \/>\n<link rel=\"canonical\" href=\"https:\/\/antoniruiz.com\/ca\/quan-la-formacio-professional-es-viu-en-primera-persona-una-jornada-a-xabec-valencia-al-costat-de-baxi\/\" \/>\n<meta property=\"og:locale\" content=\"ca_ES\" \/>\n<meta property=\"og:type\" content=\"article\" \/>\n<meta property=\"og:title\" content=\"Quan la Formaci\u00f3 Professional es viu en primera persona: una jornada a XABEC Val\u00e8ncia al costat de BAXI - Antoni Ruiz\" \/>\n<meta property=\"og:description\" content=\"Fa uns quants dies vaig tenir l&#8217;oportunitat de tornar al Centre de Formaci\u00f3 XABEC de Val\u00e8ncia per compartir una jornada [&hellip;]\" \/>\n<meta property=\"og:url\" content=\"https:\/\/antoniruiz.com\/ca\/quan-la-formacio-professional-es-viu-en-primera-persona-una-jornada-a-xabec-valencia-al-costat-de-baxi\/\" \/>\n<meta property=\"og:site_name\" content=\"Antoni Ruiz\" \/>\n<meta property=\"article:published_time\" content=\"2026-04-09T15:04:46+00:00\" \/>\n<meta property=\"article:modified_time\" content=\"2026-04-09T15:10:30+00:00\" \/>\n<meta property=\"og:image\" content=\"https:\/\/antoniruiz.com\/wp-content\/uploads\/2026\/04\/20260306_102312-scaled.jpg\" \/>\n\t<meta property=\"og:image:width\" content=\"1465\" \/>\n\t<meta property=\"og:image:height\" content=\"2560\" \/>\n\t<meta property=\"og:image:type\" content=\"image\/jpeg\" \/>\n<meta name=\"author\" content=\"Antoni Ruiz\" \/>\n<meta name=\"twitter:card\" content=\"summary_large_image\" \/>\n<meta name=\"twitter:label1\" content=\"Escrit per\" \/>\n\t<meta name=\"twitter:data1\" content=\"Antoni Ruiz\" \/>\n\t<meta name=\"twitter:label2\" content=\"Temps estimat de lectura\" \/>\n\t<meta name=\"twitter:data2\" content=\"4 minuts\" \/>\n<script type=\"application\/ld+json\" class=\"yoast-schema-graph\">{\"@context\":\"https:\/\/schema.org\",\"@graph\":[{\"@type\":\"Article\",\"@id\":\"https:\/\/antoniruiz.com\/ca\/quan-la-formacio-professional-es-viu-en-primera-persona-una-jornada-a-xabec-valencia-al-costat-de-baxi\/#article\",\"isPartOf\":{\"@id\":\"https:\/\/antoniruiz.com\/ca\/quan-la-formacio-professional-es-viu-en-primera-persona-una-jornada-a-xabec-valencia-al-costat-de-baxi\/\"},\"author\":{\"name\":\"Antoni Ruiz\",\"@id\":\"https:\/\/antoniruiz.com\/ca\/#\/schema\/person\/a8d62eab776c7cf6f6efafa52d0bce62\"},\"headline\":\"Quan la Formaci\u00f3 Professional es viu en primera persona: una jornada a XABEC Val\u00e8ncia al costat de BAXI\",\"datePublished\":\"2026-04-09T15:04:46+00:00\",\"dateModified\":\"2026-04-09T15:10:30+00:00\",\"mainEntityOfPage\":{\"@id\":\"https:\/\/antoniruiz.com\/ca\/quan-la-formacio-professional-es-viu-en-primera-persona-una-jornada-a-xabec-valencia-al-costat-de-baxi\/\"},\"wordCount\":498,\"publisher\":{\"@id\":\"https:\/\/antoniruiz.com\/ca\/#organization\"},\"image\":{\"@id\":\"https:\/\/antoniruiz.com\/ca\/quan-la-formacio-professional-es-viu-en-primera-persona-una-jornada-a-xabec-valencia-al-costat-de-baxi\/#primaryimage\"},\"thumbnailUrl\":\"https:\/\/antoniruiz.com\/wp-content\/uploads\/2026\/04\/20260306_102312-scaled.jpg\",\"articleSection\":[\"blog\"],\"inLanguage\":\"ca\"},{\"@type\":\"WebPage\",\"@id\":\"https:\/\/antoniruiz.com\/ca\/quan-la-formacio-professional-es-viu-en-primera-persona-una-jornada-a-xabec-valencia-al-costat-de-baxi\/\",\"url\":\"https:\/\/antoniruiz.com\/ca\/quan-la-formacio-professional-es-viu-en-primera-persona-una-jornada-a-xabec-valencia-al-costat-de-baxi\/\",\"name\":\"Quan la Formaci\u00f3 Professional es viu en primera persona: una jornada a XABEC Val\u00e8ncia al costat de BAXI - Antoni Ruiz\",\"isPartOf\":{\"@id\":\"https:\/\/antoniruiz.com\/ca\/#website\"},\"primaryImageOfPage\":{\"@id\":\"https:\/\/antoniruiz.com\/ca\/quan-la-formacio-professional-es-viu-en-primera-persona-una-jornada-a-xabec-valencia-al-costat-de-baxi\/#primaryimage\"},\"image\":{\"@id\":\"https:\/\/antoniruiz.com\/ca\/quan-la-formacio-professional-es-viu-en-primera-persona-una-jornada-a-xabec-valencia-al-costat-de-baxi\/#primaryimage\"},\"thumbnailUrl\":\"https:\/\/antoniruiz.com\/wp-content\/uploads\/2026\/04\/20260306_102312-scaled.jpg\",\"datePublished\":\"2026-04-09T15:04:46+00:00\",\"dateModified\":\"2026-04-09T15:10:30+00:00\",\"breadcrumb\":{\"@id\":\"https:\/\/antoniruiz.com\/ca\/quan-la-formacio-professional-es-viu-en-primera-persona-una-jornada-a-xabec-valencia-al-costat-de-baxi\/#breadcrumb\"},\"inLanguage\":\"ca\",\"potentialAction\":[{\"@type\":\"ReadAction\",\"target\":[\"https:\/\/antoniruiz.com\/ca\/quan-la-formacio-professional-es-viu-en-primera-persona-una-jornada-a-xabec-valencia-al-costat-de-baxi\/\"]}]},{\"@type\":\"ImageObject\",\"inLanguage\":\"ca\",\"@id\":\"https:\/\/antoniruiz.com\/ca\/quan-la-formacio-professional-es-viu-en-primera-persona-una-jornada-a-xabec-valencia-al-costat-de-baxi\/#primaryimage\",\"url\":\"https:\/\/antoniruiz.com\/wp-content\/uploads\/2026\/04\/20260306_102312-scaled.jpg\",\"contentUrl\":\"https:\/\/antoniruiz.com\/wp-content\/uploads\/2026\/04\/20260306_102312-scaled.jpg\",\"width\":1465,\"height\":2560},{\"@type\":\"BreadcrumbList\",\"@id\":\"https:\/\/antoniruiz.com\/ca\/quan-la-formacio-professional-es-viu-en-primera-persona-una-jornada-a-xabec-valencia-al-costat-de-baxi\/#breadcrumb\",\"itemListElement\":[{\"@type\":\"ListItem\",\"position\":1,\"name\":\"Home\",\"item\":\"https:\/\/antoniruiz.com\/ca\/\"},{\"@type\":\"ListItem\",\"position\":2,\"name\":\"Quan la Formaci\u00f3 Professional es viu en primera persona: una jornada a XABEC Val\u00e8ncia al costat de BAXI\"}]},{\"@type\":\"WebSite\",\"@id\":\"https:\/\/antoniruiz.com\/ca\/#website\",\"url\":\"https:\/\/antoniruiz.com\/ca\/\",\"name\":\"Antoni Ruiz\",\"description\":\"\",\"publisher\":{\"@id\":\"https:\/\/antoniruiz.com\/ca\/#organization\"},\"potentialAction\":[{\"@type\":\"SearchAction\",\"target\":{\"@type\":\"EntryPoint\",\"urlTemplate\":\"https:\/\/antoniruiz.com\/ca\/?s={search_term_string}\"},\"query-input\":\"required name=search_term_string\"}],\"inLanguage\":\"ca\"},{\"@type\":\"Organization\",\"@id\":\"https:\/\/antoniruiz.com\/ca\/#organization\",\"name\":\"Antoni Ruiz\",\"url\":\"https:\/\/antoniruiz.com\/ca\/\",\"logo\":{\"@type\":\"ImageObject\",\"inLanguage\":\"ca\",\"@id\":\"https:\/\/antoniruiz.com\/ca\/#\/schema\/logo\/image\/\",\"url\":\"https:\/\/antoniruiz.com\/wp-content\/uploads\/2024\/06\/AntoniRuiz_MAIN.png\",\"contentUrl\":\"https:\/\/antoniruiz.com\/wp-content\/uploads\/2024\/06\/AntoniRuiz_MAIN.png\",\"width\":944,\"height\":675,\"caption\":\"Antoni Ruiz\"},\"image\":{\"@id\":\"https:\/\/antoniruiz.com\/ca\/#\/schema\/logo\/image\/\"}},{\"@type\":\"Person\",\"@id\":\"https:\/\/antoniruiz.com\/ca\/#\/schema\/person\/a8d62eab776c7cf6f6efafa52d0bce62\",\"name\":\"Antoni Ruiz\",\"image\":{\"@type\":\"ImageObject\",\"inLanguage\":\"ca\",\"@id\":\"https:\/\/antoniruiz.com\/ca\/#\/schema\/person\/image\/\",\"url\":\"https:\/\/secure.gravatar.com\/avatar\/7c088e4296c344dd768b0c3ec823a8955c44caecaa1bfc843afc64b88c2d3d64?s=96&d=mm&r=g\",\"contentUrl\":\"https:\/\/secure.gravatar.com\/avatar\/7c088e4296c344dd768b0c3ec823a8955c44caecaa1bfc843afc64b88c2d3d64?s=96&d=mm&r=g\",\"caption\":\"Antoni Ruiz\"},\"url\":\"https:\/\/antoniruiz.com\/ca\/author\/antoni-ruiz\/\"}]}<\/script>\n<!-- \/ Yoast SEO plugin. -->","yoast_head_json":{"title":"Quan la Formaci\u00f3 Professional es viu en primera persona: una jornada a XABEC Val\u00e8ncia al costat de BAXI - Antoni Ruiz","robots":{"index":"index","follow":"follow","max-snippet":"max-snippet:-1","max-image-preview":"max-image-preview:large","max-video-preview":"max-video-preview:-1"},"canonical":"https:\/\/antoniruiz.com\/ca\/quan-la-formacio-professional-es-viu-en-primera-persona-una-jornada-a-xabec-valencia-al-costat-de-baxi\/","og_locale":"ca_ES","og_type":"article","og_title":"Quan la Formaci\u00f3 Professional es viu en primera persona: una jornada a XABEC Val\u00e8ncia al costat de BAXI - Antoni Ruiz","og_description":"Fa uns quants dies vaig tenir l&#8217;oportunitat de tornar al Centre de Formaci\u00f3 XABEC de Val\u00e8ncia per compartir una jornada [&hellip;]","og_url":"https:\/\/antoniruiz.com\/ca\/quan-la-formacio-professional-es-viu-en-primera-persona-una-jornada-a-xabec-valencia-al-costat-de-baxi\/","og_site_name":"Antoni Ruiz","article_published_time":"2026-04-09T15:04:46+00:00","article_modified_time":"2026-04-09T15:10:30+00:00","og_image":[{"width":1465,"height":2560,"url":"https:\/\/antoniruiz.com\/wp-content\/uploads\/2026\/04\/20260306_102312-scaled.jpg","type":"image\/jpeg"}],"author":"Antoni Ruiz","twitter_card":"summary_large_image","twitter_misc":{"Escrit per":"Antoni Ruiz","Temps estimat de lectura":"4 minuts"},"schema":{"@context":"https:\/\/schema.org","@graph":[{"@type":"Article","@id":"https:\/\/antoniruiz.com\/ca\/quan-la-formacio-professional-es-viu-en-primera-persona-una-jornada-a-xabec-valencia-al-costat-de-baxi\/#article","isPartOf":{"@id":"https:\/\/antoniruiz.com\/ca\/quan-la-formacio-professional-es-viu-en-primera-persona-una-jornada-a-xabec-valencia-al-costat-de-baxi\/"},"author":{"name":"Antoni Ruiz","@id":"https:\/\/antoniruiz.com\/ca\/#\/schema\/person\/a8d62eab776c7cf6f6efafa52d0bce62"},"headline":"Quan la Formaci\u00f3 Professional es viu en primera persona: una jornada a XABEC Val\u00e8ncia al costat de BAXI","datePublished":"2026-04-09T15:04:46+00:00","dateModified":"2026-04-09T15:10:30+00:00","mainEntityOfPage":{"@id":"https:\/\/antoniruiz.com\/ca\/quan-la-formacio-professional-es-viu-en-primera-persona-una-jornada-a-xabec-valencia-al-costat-de-baxi\/"},"wordCount":498,"publisher":{"@id":"https:\/\/antoniruiz.com\/ca\/#organization"},"image":{"@id":"https:\/\/antoniruiz.com\/ca\/quan-la-formacio-professional-es-viu-en-primera-persona-una-jornada-a-xabec-valencia-al-costat-de-baxi\/#primaryimage"},"thumbnailUrl":"https:\/\/antoniruiz.com\/wp-content\/uploads\/2026\/04\/20260306_102312-scaled.jpg","articleSection":["blog"],"inLanguage":"ca"},{"@type":"WebPage","@id":"https:\/\/antoniruiz.com\/ca\/quan-la-formacio-professional-es-viu-en-primera-persona-una-jornada-a-xabec-valencia-al-costat-de-baxi\/","url":"https:\/\/antoniruiz.com\/ca\/quan-la-formacio-professional-es-viu-en-primera-persona-una-jornada-a-xabec-valencia-al-costat-de-baxi\/","name":"Quan la Formaci\u00f3 Professional es viu en primera persona: una jornada a XABEC Val\u00e8ncia al costat de BAXI - Antoni Ruiz","isPartOf":{"@id":"https:\/\/antoniruiz.com\/ca\/#website"},"primaryImageOfPage":{"@id":"https:\/\/antoniruiz.com\/ca\/quan-la-formacio-professional-es-viu-en-primera-persona-una-jornada-a-xabec-valencia-al-costat-de-baxi\/#primaryimage"},"image":{"@id":"https:\/\/antoniruiz.com\/ca\/quan-la-formacio-professional-es-viu-en-primera-persona-una-jornada-a-xabec-valencia-al-costat-de-baxi\/#primaryimage"},"thumbnailUrl":"https:\/\/antoniruiz.com\/wp-content\/uploads\/2026\/04\/20260306_102312-scaled.jpg","datePublished":"2026-04-09T15:04:46+00:00","dateModified":"2026-04-09T15:10:30+00:00","breadcrumb":{"@id":"https:\/\/antoniruiz.com\/ca\/quan-la-formacio-professional-es-viu-en-primera-persona-una-jornada-a-xabec-valencia-al-costat-de-baxi\/#breadcrumb"},"inLanguage":"ca","potentialAction":[{"@type":"ReadAction","target":["https:\/\/antoniruiz.com\/ca\/quan-la-formacio-professional-es-viu-en-primera-persona-una-jornada-a-xabec-valencia-al-costat-de-baxi\/"]}]},{"@type":"ImageObject","inLanguage":"ca","@id":"https:\/\/antoniruiz.com\/ca\/quan-la-formacio-professional-es-viu-en-primera-persona-una-jornada-a-xabec-valencia-al-costat-de-baxi\/#primaryimage","url":"https:\/\/antoniruiz.com\/wp-content\/uploads\/2026\/04\/20260306_102312-scaled.jpg","contentUrl":"https:\/\/antoniruiz.com\/wp-content\/uploads\/2026\/04\/20260306_102312-scaled.jpg","width":1465,"height":2560},{"@type":"BreadcrumbList","@id":"https:\/\/antoniruiz.com\/ca\/quan-la-formacio-professional-es-viu-en-primera-persona-una-jornada-a-xabec-valencia-al-costat-de-baxi\/#breadcrumb","itemListElement":[{"@type":"ListItem","position":1,"name":"Home","item":"https:\/\/antoniruiz.com\/ca\/"},{"@type":"ListItem","position":2,"name":"Quan la Formaci\u00f3 Professional es viu en primera persona: una jornada a XABEC Val\u00e8ncia al costat de BAXI"}]},{"@type":"WebSite","@id":"https:\/\/antoniruiz.com\/ca\/#website","url":"https:\/\/antoniruiz.com\/ca\/","name":"Antoni Ruiz","description":"","publisher":{"@id":"https:\/\/antoniruiz.com\/ca\/#organization"},"potentialAction":[{"@type":"SearchAction","target":{"@type":"EntryPoint","urlTemplate":"https:\/\/antoniruiz.com\/ca\/?s={search_term_string}"},"query-input":"required name=search_term_string"}],"inLanguage":"ca"},{"@type":"Organization","@id":"https:\/\/antoniruiz.com\/ca\/#organization","name":"Antoni Ruiz","url":"https:\/\/antoniruiz.com\/ca\/","logo":{"@type":"ImageObject","inLanguage":"ca","@id":"https:\/\/antoniruiz.com\/ca\/#\/schema\/logo\/image\/","url":"https:\/\/antoniruiz.com\/wp-content\/uploads\/2024\/06\/AntoniRuiz_MAIN.png","contentUrl":"https:\/\/antoniruiz.com\/wp-content\/uploads\/2024\/06\/AntoniRuiz_MAIN.png","width":944,"height":675,"caption":"Antoni Ruiz"},"image":{"@id":"https:\/\/antoniruiz.com\/ca\/#\/schema\/logo\/image\/"}},{"@type":"Person","@id":"https:\/\/antoniruiz.com\/ca\/#\/schema\/person\/a8d62eab776c7cf6f6efafa52d0bce62","name":"Antoni Ruiz","image":{"@type":"ImageObject","inLanguage":"ca","@id":"https:\/\/antoniruiz.com\/ca\/#\/schema\/person\/image\/","url":"https:\/\/secure.gravatar.com\/avatar\/7c088e4296c344dd768b0c3ec823a8955c44caecaa1bfc843afc64b88c2d3d64?s=96&d=mm&r=g","contentUrl":"https:\/\/secure.gravatar.com\/avatar\/7c088e4296c344dd768b0c3ec823a8955c44caecaa1bfc843afc64b88c2d3d64?s=96&d=mm&r=g","caption":"Antoni Ruiz"},"url":"https:\/\/antoniruiz.com\/ca\/author\/antoni-ruiz\/"}]}},"_links":{"self":[{"href":"https:\/\/antoniruiz.com\/ca\/wp-json\/wp\/v2\/posts\/23823","targetHints":{"allow":["GET"]}}],"collection":[{"href":"https:\/\/antoniruiz.com\/ca\/wp-json\/wp\/v2\/posts"}],"about":[{"href":"https:\/\/antoniruiz.com\/ca\/wp-json\/wp\/v2\/types\/post"}],"author":[{"embeddable":true,"href":"https:\/\/antoniruiz.com\/ca\/wp-json\/wp\/v2\/users\/3"}],"replies":[{"embeddable":true,"href":"https:\/\/antoniruiz.com\/ca\/wp-json\/wp\/v2\/comments?post=23823"}],"version-history":[{"count":1,"href":"https:\/\/antoniruiz.com\/ca\/wp-json\/wp\/v2\/posts\/23823\/revisions"}],"predecessor-version":[{"id":23824,"href":"https:\/\/antoniruiz.com\/ca\/wp-json\/wp\/v2\/posts\/23823\/revisions\/23824"}],"wp:featuredmedia":[{"embeddable":true,"href":"https:\/\/antoniruiz.com\/ca\/wp-json\/wp\/v2\/media\/23799"}],"wp:attachment":[{"href":"https:\/\/antoniruiz.com\/ca\/wp-json\/wp\/v2\/media?parent=23823"}],"wp:term":[{"taxonomy":"category","embeddable":true,"href":"https:\/\/antoniruiz.com\/ca\/wp-json\/wp\/v2\/categories?post=23823"},{"taxonomy":"post_tag","embeddable":true,"href":"https:\/\/antoniruiz.com\/ca\/wp-json\/wp\/v2\/tags?post=23823"}],"curies":[{"name":"wp","href":"https:\/\/api.w.org\/{rel}","templated":true}]}}