{"id":23790,"date":"2026-04-08T08:09:38","date_gmt":"2026-04-08T08:09:38","guid":{"rendered":"https:\/\/antoniruiz.com\/?p=23790"},"modified":"2026-04-08T08:12:16","modified_gmt":"2026-04-08T08:12:16","slug":"fp-connectant-talent-amb-el-futur-del-sector-tecnologic-i-energetic","status":"publish","type":"post","link":"https:\/\/antoniruiz.com\/ca\/fp-connectant-talent-amb-el-futur-del-sector-tecnologic-i-energetic\/","title":{"rendered":"FP: connectant talent amb el futur del sector tecnol\u00f2gic i energ\u00e8tic"},"content":{"rendered":"\n<p>Aquesta setmana he tornat a viure una d&#8217;aquelles experi\u00e8ncies que reafirmen perqu\u00e8 la Formaci\u00f3 Professional no \u00e9s nom\u00e9s una opci\u00f3\u2026 sin\u00f3 una veritable palanca de transformaci\u00f3.<\/p>\n\n\n\n<p>He tingut l&#8217;oportunitat de compartir una jornada a l&#8217;IES Antonio Machado d&#8217;Alcal\u00e1 de Henares (Madrid), un centre que torna a demostrar perqu\u00e8 \u00e9s un referent nacional en formaci\u00f3 professional. Els m\u00e9s de 2.600 alumnes i un equip docent altament comprom\u00e8s s\u00f3n el reflex d&#8217;una FP viva, din\u00e0mica i alineada amb la realitat empresarial.<\/p>\n\n\n\n<figure class=\"wp-block-image size-large\"><img fetchpriority=\"high\" decoding=\"async\" width=\"1024\" height=\"640\" src=\"https:\/\/antoniruiz.com\/wp-content\/uploads\/2026\/04\/20260324_122845-1024x640.jpg\" alt=\"\" class=\"wp-image-23769\" srcset=\"https:\/\/antoniruiz.com\/wp-content\/uploads\/2026\/04\/20260324_122845-1024x640.jpg 1024w, https:\/\/antoniruiz.com\/wp-content\/uploads\/2026\/04\/20260324_122845-300x188.jpg 300w, https:\/\/antoniruiz.com\/wp-content\/uploads\/2026\/04\/20260324_122845-768x480.jpg 768w, https:\/\/antoniruiz.com\/wp-content\/uploads\/2026\/04\/20260324_122845-1536x960.jpg 1536w, https:\/\/antoniruiz.com\/wp-content\/uploads\/2026\/04\/20260324_122845-2048x1280.jpg 2048w, https:\/\/antoniruiz.com\/wp-content\/uploads\/2026\/04\/20260324_122845-1320x825.jpg 1320w\" sizes=\"(max-width: 1024px) 100vw, 1024px\" \/><\/figure>\n\n\n\n<p>En aquesta ocasi\u00f3, la jornada ha tingut un component especialment enriquidor gr\u00e0cies al suport de FERMAX, una empresa referent en solucions de porter electr\u00f2nic, videoporter i connectivitat, que aposta fermament pel talent jove i la connexi\u00f3 directa amb els centres educatius.<\/p>\n\n\n\n<p>Durant la confer\u00e8ncia, compartim amb alumnat de Grau Mitj\u00e0 i Superior una visi\u00f3 clara:<br>\ud83d\udc49 El sector energ\u00e8tic, el\u00e8ctric i tecnol\u00f2gic ja no \u00e9s el futur\u2026 \u00e9s el present.<br>\ud83d\udc49 I necessita professionals formats, adaptables i amb mentalitat digital.<\/p>\n\n\n\n<p>Avui dia, els estudiants de FP no nom\u00e9s adquireixen coneixements t\u00e8cnics s\u00f2lids, sin\u00f3 que desenvolupen compet\u00e8ncies clau com ara la digitalitzaci\u00f3, el treball en equip i la capacitat d&#8217;adaptaci\u00f3 a entorns reals. A m\u00e9s, molts complementen la seva formaci\u00f3 amb experi\u00e8ncies internacionals que enriqueixen encara m\u00e9s el seu perfil professional.<\/p>\n\n\n\n<p>Aquest tipus de trobades permeten quelcom fonamental: apropar l&#8217;empresa a l&#8217;aula i mostrar als estudiants que la seva formaci\u00f3 t\u00e9 un impacte directe al mercat laboral.<\/p>\n\n\n\n<p>Vull recon\u00e8ixer especialment la tasca de l&#8217;equip docent del centre, el comprom\u00eds diari del qual fa possible que la FP segueixi creixent en qualitat i prestigi. I, per descomptat, agrair a FERMAX la seva implicaci\u00f3 en iniciatives que construeixen ponts reals entre educaci\u00f3 i empresa.<\/p>\n\n\n\n<p>Perqu\u00e8 quan educaci\u00f3 i empresa caminen juntes\u2026 el futur es construeix amb m\u00e9s for\u00e7a.<\/p>\n\n\n\n<p>Continuem construint camins \u26a1<\/p>\n\n\n\n<figure class=\"wp-block-gallery has-nested-images columns-default is-cropped wp-block-gallery-1 is-layout-flex wp-block-gallery-is-layout-flex\">\n<figure class=\"wp-block-image size-large\"><img decoding=\"async\" width=\"1024\" height=\"547\" data-id=\"23787\" src=\"https:\/\/antoniruiz.com\/wp-content\/uploads\/2026\/04\/20260324_123759-1024x547.jpg\" alt=\"\" class=\"wp-image-23787\" srcset=\"https:\/\/antoniruiz.com\/wp-content\/uploads\/2026\/04\/20260324_123759-1024x547.jpg 1024w, https:\/\/antoniruiz.com\/wp-content\/uploads\/2026\/04\/20260324_123759-300x160.jpg 300w, https:\/\/antoniruiz.com\/wp-content\/uploads\/2026\/04\/20260324_123759-768x410.jpg 768w, https:\/\/antoniruiz.com\/wp-content\/uploads\/2026\/04\/20260324_123759-1536x820.jpg 1536w, https:\/\/antoniruiz.com\/wp-content\/uploads\/2026\/04\/20260324_123759-2048x1093.jpg 2048w, https:\/\/antoniruiz.com\/wp-content\/uploads\/2026\/04\/20260324_123759-1320x705.jpg 1320w\" sizes=\"(max-width: 1024px) 100vw, 1024px\" \/><\/figure>\n\n\n\n<figure class=\"wp-block-image size-large\"><img decoding=\"async\" width=\"826\" height=\"1024\" data-id=\"23772\" src=\"https:\/\/antoniruiz.com\/wp-content\/uploads\/2026\/04\/20260324_120651-826x1024.jpg\" alt=\"\" class=\"wp-image-23772\" srcset=\"https:\/\/antoniruiz.com\/wp-content\/uploads\/2026\/04\/20260324_120651-826x1024.jpg 826w, https:\/\/antoniruiz.com\/wp-content\/uploads\/2026\/04\/20260324_120651-242x300.jpg 242w, https:\/\/antoniruiz.com\/wp-content\/uploads\/2026\/04\/20260324_120651-768x952.jpg 768w, https:\/\/antoniruiz.com\/wp-content\/uploads\/2026\/04\/20260324_120651-1239x1536.jpg 1239w, https:\/\/antoniruiz.com\/wp-content\/uploads\/2026\/04\/20260324_120651-1651x2048.jpg 1651w, https:\/\/antoniruiz.com\/wp-content\/uploads\/2026\/04\/20260324_120651-1320x1637.jpg 1320w, https:\/\/antoniruiz.com\/wp-content\/uploads\/2026\/04\/20260324_120651.jpg 2040w\" sizes=\"(max-width: 826px) 100vw, 826px\" \/><\/figure>\n\n\n\n<figure class=\"wp-block-image size-large\"><img loading=\"lazy\" decoding=\"async\" width=\"1024\" height=\"1024\" data-id=\"23784\" src=\"https:\/\/antoniruiz.com\/wp-content\/uploads\/2026\/04\/20260324_124353_04-1024x1024.jpg\" alt=\"\" class=\"wp-image-23784\" srcset=\"https:\/\/antoniruiz.com\/wp-content\/uploads\/2026\/04\/20260324_124353_04-1024x1024.jpg 1024w, https:\/\/antoniruiz.com\/wp-content\/uploads\/2026\/04\/20260324_124353_04-300x300.jpg 300w, https:\/\/antoniruiz.com\/wp-content\/uploads\/2026\/04\/20260324_124353_04-150x150.jpg 150w, https:\/\/antoniruiz.com\/wp-content\/uploads\/2026\/04\/20260324_124353_04-768x768.jpg 768w, https:\/\/antoniruiz.com\/wp-content\/uploads\/2026\/04\/20260324_124353_04-1536x1536.jpg 1536w, https:\/\/antoniruiz.com\/wp-content\/uploads\/2026\/04\/20260324_124353_04-2048x2048.jpg 2048w, https:\/\/antoniruiz.com\/wp-content\/uploads\/2026\/04\/20260324_124353_04-1320x1320.jpg 1320w\" sizes=\"(max-width: 1024px) 100vw, 1024px\" \/><\/figure>\n\n\n\n<figure class=\"wp-block-image size-large\"><img loading=\"lazy\" decoding=\"async\" width=\"1024\" height=\"640\" data-id=\"23781\" src=\"https:\/\/antoniruiz.com\/wp-content\/uploads\/2026\/04\/20260324_122845-1-1024x640.jpg\" alt=\"\" class=\"wp-image-23781\" srcset=\"https:\/\/antoniruiz.com\/wp-content\/uploads\/2026\/04\/20260324_122845-1-1024x640.jpg 1024w, https:\/\/antoniruiz.com\/wp-content\/uploads\/2026\/04\/20260324_122845-1-300x188.jpg 300w, https:\/\/antoniruiz.com\/wp-content\/uploads\/2026\/04\/20260324_122845-1-768x480.jpg 768w, https:\/\/antoniruiz.com\/wp-content\/uploads\/2026\/04\/20260324_122845-1-1536x960.jpg 1536w, https:\/\/antoniruiz.com\/wp-content\/uploads\/2026\/04\/20260324_122845-1-2048x1280.jpg 2048w, https:\/\/antoniruiz.com\/wp-content\/uploads\/2026\/04\/20260324_122845-1-1320x825.jpg 1320w\" sizes=\"(max-width: 1024px) 100vw, 1024px\" \/><\/figure>\n\n\n\n<figure class=\"wp-block-image size-large\"><img loading=\"lazy\" decoding=\"async\" width=\"640\" height=\"1024\" data-id=\"23778\" src=\"https:\/\/antoniruiz.com\/wp-content\/uploads\/2026\/04\/20260324_124259-640x1024.jpg\" alt=\"\" class=\"wp-image-23778\" srcset=\"https:\/\/antoniruiz.com\/wp-content\/uploads\/2026\/04\/20260324_124259-640x1024.jpg 640w, https:\/\/antoniruiz.com\/wp-content\/uploads\/2026\/04\/20260324_124259-188x300.jpg 188w, https:\/\/antoniruiz.com\/wp-content\/uploads\/2026\/04\/20260324_124259-768x1229.jpg 768w, https:\/\/antoniruiz.com\/wp-content\/uploads\/2026\/04\/20260324_124259-960x1536.jpg 960w, https:\/\/antoniruiz.com\/wp-content\/uploads\/2026\/04\/20260324_124259-1280x2048.jpg 1280w, https:\/\/antoniruiz.com\/wp-content\/uploads\/2026\/04\/20260324_124259-1320x2112.jpg 1320w, https:\/\/antoniruiz.com\/wp-content\/uploads\/2026\/04\/20260324_124259-scaled.jpg 1600w\" sizes=\"(max-width: 640px) 100vw, 640px\" \/><\/figure>\n\n\n\n<figure class=\"wp-block-image size-large\"><img loading=\"lazy\" decoding=\"async\" width=\"640\" height=\"1024\" data-id=\"23775\" src=\"https:\/\/antoniruiz.com\/wp-content\/uploads\/2026\/04\/20260324_121139-1-640x1024.jpg\" alt=\"\" class=\"wp-image-23775\" srcset=\"https:\/\/antoniruiz.com\/wp-content\/uploads\/2026\/04\/20260324_121139-1-640x1024.jpg 640w, https:\/\/antoniruiz.com\/wp-content\/uploads\/2026\/04\/20260324_121139-1-188x300.jpg 188w, https:\/\/antoniruiz.com\/wp-content\/uploads\/2026\/04\/20260324_121139-1-768x1229.jpg 768w, https:\/\/antoniruiz.com\/wp-content\/uploads\/2026\/04\/20260324_121139-1-960x1536.jpg 960w, https:\/\/antoniruiz.com\/wp-content\/uploads\/2026\/04\/20260324_121139-1-1280x2048.jpg 1280w, https:\/\/antoniruiz.com\/wp-content\/uploads\/2026\/04\/20260324_121139-1-1320x2112.jpg 1320w, https:\/\/antoniruiz.com\/wp-content\/uploads\/2026\/04\/20260324_121139-1-scaled.jpg 1600w\" sizes=\"(max-width: 640px) 100vw, 640px\" \/><\/figure>\n<\/figure>\n","protected":false},"excerpt":{"rendered":"<p>Aquesta setmana he tornat a viure una d&#8217;aquelles experi\u00e8ncies que reafirmen perqu\u00e8 la Formaci\u00f3 Professional no \u00e9s nom\u00e9s una opci\u00f3\u2026 [&hellip;]<\/p>\n","protected":false},"author":3,"featured_media":23766,"comment_status":"closed","ping_status":"open","sticky":false,"template":"","format":"standard","meta":{"_acf_changed":false,"site-sidebar-layout":"default","site-content-layout":"","ast-site-content-layout":"default","site-content-style":"default","site-sidebar-style":"default","ast-global-header-display":"","ast-banner-title-visibility":"","ast-main-header-display":"","ast-hfb-above-header-display":"","ast-hfb-below-header-display":"","ast-hfb-mobile-header-display":"","site-post-title":"","ast-breadcrumbs-content":"","ast-featured-img":"","footer-sml-layout":"","ast-disable-related-posts":"","theme-transparent-header-meta":"","adv-header-id-meta":"","stick-header-meta":"","header-above-stick-meta":"","header-main-stick-meta":"","header-below-stick-meta":"","astra-migrate-meta-layouts":"default","ast-page-background-enabled":"default","ast-page-background-meta":{"desktop":{"background-color":"var(--ast-global-color-4)","background-image":"","background-repeat":"repeat","background-position":"center center","background-size":"auto","background-attachment":"scroll","background-type":"","background-media":"","overlay-type":"","overlay-color":"","overlay-opacity":"","overlay-gradient":""},"tablet":{"background-color":"","background-image":"","background-repeat":"repeat","background-position":"center center","background-size":"auto","background-attachment":"scroll","background-type":"","background-media":"","overlay-type":"","overlay-color":"","overlay-opacity":"","overlay-gradient":""},"mobile":{"background-color":"","background-image":"","background-repeat":"repeat","background-position":"center center","background-size":"auto","background-attachment":"scroll","background-type":"","background-media":"","overlay-type":"","overlay-color":"","overlay-opacity":"","overlay-gradient":""}},"ast-content-background-meta":{"desktop":{"background-color":"var(--ast-global-color-5)","background-image":"","background-repeat":"repeat","background-position":"center center","background-size":"auto","background-attachment":"scroll","background-type":"","background-media":"","overlay-type":"","overlay-color":"","overlay-opacity":"","overlay-gradient":""},"tablet":{"background-color":"var(--ast-global-color-5)","background-image":"","background-repeat":"repeat","background-position":"center center","background-size":"auto","background-attachment":"scroll","background-type":"","background-media":"","overlay-type":"","overlay-color":"","overlay-opacity":"","overlay-gradient":""},"mobile":{"background-color":"var(--ast-global-color-5)","background-image":"","background-repeat":"repeat","background-position":"center center","background-size":"auto","background-attachment":"scroll","background-type":"","background-media":"","overlay-type":"","overlay-color":"","overlay-opacity":"","overlay-gradient":""}},"footnotes":""},"categories":[33],"tags":[],"class_list":["post-23790","post","type-post","status-publish","format-standard","has-post-thumbnail","hentry","category-blog-ca"],"acf":[],"yoast_head":"<!-- This site is optimized with the Yoast SEO plugin v23.2 - https:\/\/yoast.com\/wordpress\/plugins\/seo\/ -->\n<title>FP: connectant talent amb el futur del sector tecnol\u00f2gic i energ\u00e8tic - Antoni Ruiz<\/title>\n<meta name=\"robots\" content=\"index, follow, max-snippet:-1, max-image-preview:large, max-video-preview:-1\" \/>\n<link rel=\"canonical\" href=\"https:\/\/antoniruiz.com\/ca\/fp-connectant-talent-amb-el-futur-del-sector-tecnologic-i-energetic\/\" \/>\n<meta property=\"og:locale\" content=\"ca_ES\" \/>\n<meta property=\"og:type\" content=\"article\" \/>\n<meta property=\"og:title\" content=\"FP: connectant talent amb el futur del sector tecnol\u00f2gic i energ\u00e8tic - Antoni Ruiz\" \/>\n<meta property=\"og:description\" content=\"Aquesta setmana he tornat a viure una d&#8217;aquelles experi\u00e8ncies que reafirmen perqu\u00e8 la Formaci\u00f3 Professional no \u00e9s nom\u00e9s una opci\u00f3\u2026 [&hellip;]\" \/>\n<meta property=\"og:url\" content=\"https:\/\/antoniruiz.com\/ca\/fp-connectant-talent-amb-el-futur-del-sector-tecnologic-i-energetic\/\" \/>\n<meta property=\"og:site_name\" content=\"Antoni Ruiz\" \/>\n<meta property=\"article:published_time\" content=\"2026-04-08T08:09:38+00:00\" \/>\n<meta property=\"article:modified_time\" content=\"2026-04-08T08:12:16+00:00\" \/>\n<meta property=\"og:image\" content=\"https:\/\/antoniruiz.com\/wp-content\/uploads\/2026\/04\/20260324_121139-scaled.jpg\" \/>\n\t<meta property=\"og:image:width\" content=\"1600\" \/>\n\t<meta property=\"og:image:height\" content=\"2560\" \/>\n\t<meta property=\"og:image:type\" content=\"image\/jpeg\" \/>\n<meta name=\"author\" content=\"Antoni Ruiz\" \/>\n<meta name=\"twitter:card\" content=\"summary_large_image\" \/>\n<meta name=\"twitter:label1\" content=\"Escrit per\" \/>\n\t<meta name=\"twitter:data1\" content=\"Antoni Ruiz\" \/>\n\t<meta name=\"twitter:label2\" content=\"Temps estimat de lectura\" \/>\n\t<meta name=\"twitter:data2\" content=\"3 minuts\" \/>\n<script type=\"application\/ld+json\" class=\"yoast-schema-graph\">{\"@context\":\"https:\/\/schema.org\",\"@graph\":[{\"@type\":\"Article\",\"@id\":\"https:\/\/antoniruiz.com\/ca\/fp-connectant-talent-amb-el-futur-del-sector-tecnologic-i-energetic\/#article\",\"isPartOf\":{\"@id\":\"https:\/\/antoniruiz.com\/ca\/fp-connectant-talent-amb-el-futur-del-sector-tecnologic-i-energetic\/\"},\"author\":{\"name\":\"Antoni Ruiz\",\"@id\":\"https:\/\/antoniruiz.com\/ca\/#\/schema\/person\/a8d62eab776c7cf6f6efafa52d0bce62\"},\"headline\":\"FP: connectant talent amb el futur del sector tecnol\u00f2gic i energ\u00e8tic\",\"datePublished\":\"2026-04-08T08:09:38+00:00\",\"dateModified\":\"2026-04-08T08:12:16+00:00\",\"mainEntityOfPage\":{\"@id\":\"https:\/\/antoniruiz.com\/ca\/fp-connectant-talent-amb-el-futur-del-sector-tecnologic-i-energetic\/\"},\"wordCount\":339,\"publisher\":{\"@id\":\"https:\/\/antoniruiz.com\/ca\/#organization\"},\"image\":{\"@id\":\"https:\/\/antoniruiz.com\/ca\/fp-connectant-talent-amb-el-futur-del-sector-tecnologic-i-energetic\/#primaryimage\"},\"thumbnailUrl\":\"https:\/\/antoniruiz.com\/wp-content\/uploads\/2026\/04\/20260324_121139-scaled.jpg\",\"articleSection\":[\"blog\"],\"inLanguage\":\"ca\"},{\"@type\":\"WebPage\",\"@id\":\"https:\/\/antoniruiz.com\/ca\/fp-connectant-talent-amb-el-futur-del-sector-tecnologic-i-energetic\/\",\"url\":\"https:\/\/antoniruiz.com\/ca\/fp-connectant-talent-amb-el-futur-del-sector-tecnologic-i-energetic\/\",\"name\":\"FP: connectant talent amb el futur del sector tecnol\u00f2gic i energ\u00e8tic - Antoni Ruiz\",\"isPartOf\":{\"@id\":\"https:\/\/antoniruiz.com\/ca\/#website\"},\"primaryImageOfPage\":{\"@id\":\"https:\/\/antoniruiz.com\/ca\/fp-connectant-talent-amb-el-futur-del-sector-tecnologic-i-energetic\/#primaryimage\"},\"image\":{\"@id\":\"https:\/\/antoniruiz.com\/ca\/fp-connectant-talent-amb-el-futur-del-sector-tecnologic-i-energetic\/#primaryimage\"},\"thumbnailUrl\":\"https:\/\/antoniruiz.com\/wp-content\/uploads\/2026\/04\/20260324_121139-scaled.jpg\",\"datePublished\":\"2026-04-08T08:09:38+00:00\",\"dateModified\":\"2026-04-08T08:12:16+00:00\",\"breadcrumb\":{\"@id\":\"https:\/\/antoniruiz.com\/ca\/fp-connectant-talent-amb-el-futur-del-sector-tecnologic-i-energetic\/#breadcrumb\"},\"inLanguage\":\"ca\",\"potentialAction\":[{\"@type\":\"ReadAction\",\"target\":[\"https:\/\/antoniruiz.com\/ca\/fp-connectant-talent-amb-el-futur-del-sector-tecnologic-i-energetic\/\"]}]},{\"@type\":\"ImageObject\",\"inLanguage\":\"ca\",\"@id\":\"https:\/\/antoniruiz.com\/ca\/fp-connectant-talent-amb-el-futur-del-sector-tecnologic-i-energetic\/#primaryimage\",\"url\":\"https:\/\/antoniruiz.com\/wp-content\/uploads\/2026\/04\/20260324_121139-scaled.jpg\",\"contentUrl\":\"https:\/\/antoniruiz.com\/wp-content\/uploads\/2026\/04\/20260324_121139-scaled.jpg\",\"width\":1600,\"height\":2560},{\"@type\":\"BreadcrumbList\",\"@id\":\"https:\/\/antoniruiz.com\/ca\/fp-connectant-talent-amb-el-futur-del-sector-tecnologic-i-energetic\/#breadcrumb\",\"itemListElement\":[{\"@type\":\"ListItem\",\"position\":1,\"name\":\"Home\",\"item\":\"https:\/\/antoniruiz.com\/ca\/\"},{\"@type\":\"ListItem\",\"position\":2,\"name\":\"FP: connectant talent amb el futur del sector tecnol\u00f2gic i energ\u00e8tic\"}]},{\"@type\":\"WebSite\",\"@id\":\"https:\/\/antoniruiz.com\/ca\/#website\",\"url\":\"https:\/\/antoniruiz.com\/ca\/\",\"name\":\"Antoni Ruiz\",\"description\":\"\",\"publisher\":{\"@id\":\"https:\/\/antoniruiz.com\/ca\/#organization\"},\"potentialAction\":[{\"@type\":\"SearchAction\",\"target\":{\"@type\":\"EntryPoint\",\"urlTemplate\":\"https:\/\/antoniruiz.com\/ca\/?s={search_term_string}\"},\"query-input\":\"required name=search_term_string\"}],\"inLanguage\":\"ca\"},{\"@type\":\"Organization\",\"@id\":\"https:\/\/antoniruiz.com\/ca\/#organization\",\"name\":\"Antoni Ruiz\",\"url\":\"https:\/\/antoniruiz.com\/ca\/\",\"logo\":{\"@type\":\"ImageObject\",\"inLanguage\":\"ca\",\"@id\":\"https:\/\/antoniruiz.com\/ca\/#\/schema\/logo\/image\/\",\"url\":\"https:\/\/antoniruiz.com\/wp-content\/uploads\/2024\/06\/AntoniRuiz_MAIN.png\",\"contentUrl\":\"https:\/\/antoniruiz.com\/wp-content\/uploads\/2024\/06\/AntoniRuiz_MAIN.png\",\"width\":944,\"height\":675,\"caption\":\"Antoni Ruiz\"},\"image\":{\"@id\":\"https:\/\/antoniruiz.com\/ca\/#\/schema\/logo\/image\/\"}},{\"@type\":\"Person\",\"@id\":\"https:\/\/antoniruiz.com\/ca\/#\/schema\/person\/a8d62eab776c7cf6f6efafa52d0bce62\",\"name\":\"Antoni Ruiz\",\"image\":{\"@type\":\"ImageObject\",\"inLanguage\":\"ca\",\"@id\":\"https:\/\/antoniruiz.com\/ca\/#\/schema\/person\/image\/\",\"url\":\"https:\/\/secure.gravatar.com\/avatar\/7c088e4296c344dd768b0c3ec823a8955c44caecaa1bfc843afc64b88c2d3d64?s=96&d=mm&r=g\",\"contentUrl\":\"https:\/\/secure.gravatar.com\/avatar\/7c088e4296c344dd768b0c3ec823a8955c44caecaa1bfc843afc64b88c2d3d64?s=96&d=mm&r=g\",\"caption\":\"Antoni Ruiz\"},\"url\":\"https:\/\/antoniruiz.com\/ca\/author\/antoni-ruiz\/\"}]}<\/script>\n<!-- \/ Yoast SEO plugin. -->","yoast_head_json":{"title":"FP: connectant talent amb el futur del sector tecnol\u00f2gic i energ\u00e8tic - Antoni Ruiz","robots":{"index":"index","follow":"follow","max-snippet":"max-snippet:-1","max-image-preview":"max-image-preview:large","max-video-preview":"max-video-preview:-1"},"canonical":"https:\/\/antoniruiz.com\/ca\/fp-connectant-talent-amb-el-futur-del-sector-tecnologic-i-energetic\/","og_locale":"ca_ES","og_type":"article","og_title":"FP: connectant talent amb el futur del sector tecnol\u00f2gic i energ\u00e8tic - Antoni Ruiz","og_description":"Aquesta setmana he tornat a viure una d&#8217;aquelles experi\u00e8ncies que reafirmen perqu\u00e8 la Formaci\u00f3 Professional no \u00e9s nom\u00e9s una opci\u00f3\u2026 [&hellip;]","og_url":"https:\/\/antoniruiz.com\/ca\/fp-connectant-talent-amb-el-futur-del-sector-tecnologic-i-energetic\/","og_site_name":"Antoni Ruiz","article_published_time":"2026-04-08T08:09:38+00:00","article_modified_time":"2026-04-08T08:12:16+00:00","og_image":[{"width":1600,"height":2560,"url":"https:\/\/antoniruiz.com\/wp-content\/uploads\/2026\/04\/20260324_121139-scaled.jpg","type":"image\/jpeg"}],"author":"Antoni Ruiz","twitter_card":"summary_large_image","twitter_misc":{"Escrit per":"Antoni Ruiz","Temps estimat de lectura":"3 minuts"},"schema":{"@context":"https:\/\/schema.org","@graph":[{"@type":"Article","@id":"https:\/\/antoniruiz.com\/ca\/fp-connectant-talent-amb-el-futur-del-sector-tecnologic-i-energetic\/#article","isPartOf":{"@id":"https:\/\/antoniruiz.com\/ca\/fp-connectant-talent-amb-el-futur-del-sector-tecnologic-i-energetic\/"},"author":{"name":"Antoni Ruiz","@id":"https:\/\/antoniruiz.com\/ca\/#\/schema\/person\/a8d62eab776c7cf6f6efafa52d0bce62"},"headline":"FP: connectant talent amb el futur del sector tecnol\u00f2gic i energ\u00e8tic","datePublished":"2026-04-08T08:09:38+00:00","dateModified":"2026-04-08T08:12:16+00:00","mainEntityOfPage":{"@id":"https:\/\/antoniruiz.com\/ca\/fp-connectant-talent-amb-el-futur-del-sector-tecnologic-i-energetic\/"},"wordCount":339,"publisher":{"@id":"https:\/\/antoniruiz.com\/ca\/#organization"},"image":{"@id":"https:\/\/antoniruiz.com\/ca\/fp-connectant-talent-amb-el-futur-del-sector-tecnologic-i-energetic\/#primaryimage"},"thumbnailUrl":"https:\/\/antoniruiz.com\/wp-content\/uploads\/2026\/04\/20260324_121139-scaled.jpg","articleSection":["blog"],"inLanguage":"ca"},{"@type":"WebPage","@id":"https:\/\/antoniruiz.com\/ca\/fp-connectant-talent-amb-el-futur-del-sector-tecnologic-i-energetic\/","url":"https:\/\/antoniruiz.com\/ca\/fp-connectant-talent-amb-el-futur-del-sector-tecnologic-i-energetic\/","name":"FP: connectant talent amb el futur del sector tecnol\u00f2gic i energ\u00e8tic - Antoni Ruiz","isPartOf":{"@id":"https:\/\/antoniruiz.com\/ca\/#website"},"primaryImageOfPage":{"@id":"https:\/\/antoniruiz.com\/ca\/fp-connectant-talent-amb-el-futur-del-sector-tecnologic-i-energetic\/#primaryimage"},"image":{"@id":"https:\/\/antoniruiz.com\/ca\/fp-connectant-talent-amb-el-futur-del-sector-tecnologic-i-energetic\/#primaryimage"},"thumbnailUrl":"https:\/\/antoniruiz.com\/wp-content\/uploads\/2026\/04\/20260324_121139-scaled.jpg","datePublished":"2026-04-08T08:09:38+00:00","dateModified":"2026-04-08T08:12:16+00:00","breadcrumb":{"@id":"https:\/\/antoniruiz.com\/ca\/fp-connectant-talent-amb-el-futur-del-sector-tecnologic-i-energetic\/#breadcrumb"},"inLanguage":"ca","potentialAction":[{"@type":"ReadAction","target":["https:\/\/antoniruiz.com\/ca\/fp-connectant-talent-amb-el-futur-del-sector-tecnologic-i-energetic\/"]}]},{"@type":"ImageObject","inLanguage":"ca","@id":"https:\/\/antoniruiz.com\/ca\/fp-connectant-talent-amb-el-futur-del-sector-tecnologic-i-energetic\/#primaryimage","url":"https:\/\/antoniruiz.com\/wp-content\/uploads\/2026\/04\/20260324_121139-scaled.jpg","contentUrl":"https:\/\/antoniruiz.com\/wp-content\/uploads\/2026\/04\/20260324_121139-scaled.jpg","width":1600,"height":2560},{"@type":"BreadcrumbList","@id":"https:\/\/antoniruiz.com\/ca\/fp-connectant-talent-amb-el-futur-del-sector-tecnologic-i-energetic\/#breadcrumb","itemListElement":[{"@type":"ListItem","position":1,"name":"Home","item":"https:\/\/antoniruiz.com\/ca\/"},{"@type":"ListItem","position":2,"name":"FP: connectant talent amb el futur del sector tecnol\u00f2gic i energ\u00e8tic"}]},{"@type":"WebSite","@id":"https:\/\/antoniruiz.com\/ca\/#website","url":"https:\/\/antoniruiz.com\/ca\/","name":"Antoni Ruiz","description":"","publisher":{"@id":"https:\/\/antoniruiz.com\/ca\/#organization"},"potentialAction":[{"@type":"SearchAction","target":{"@type":"EntryPoint","urlTemplate":"https:\/\/antoniruiz.com\/ca\/?s={search_term_string}"},"query-input":"required name=search_term_string"}],"inLanguage":"ca"},{"@type":"Organization","@id":"https:\/\/antoniruiz.com\/ca\/#organization","name":"Antoni Ruiz","url":"https:\/\/antoniruiz.com\/ca\/","logo":{"@type":"ImageObject","inLanguage":"ca","@id":"https:\/\/antoniruiz.com\/ca\/#\/schema\/logo\/image\/","url":"https:\/\/antoniruiz.com\/wp-content\/uploads\/2024\/06\/AntoniRuiz_MAIN.png","contentUrl":"https:\/\/antoniruiz.com\/wp-content\/uploads\/2024\/06\/AntoniRuiz_MAIN.png","width":944,"height":675,"caption":"Antoni Ruiz"},"image":{"@id":"https:\/\/antoniruiz.com\/ca\/#\/schema\/logo\/image\/"}},{"@type":"Person","@id":"https:\/\/antoniruiz.com\/ca\/#\/schema\/person\/a8d62eab776c7cf6f6efafa52d0bce62","name":"Antoni Ruiz","image":{"@type":"ImageObject","inLanguage":"ca","@id":"https:\/\/antoniruiz.com\/ca\/#\/schema\/person\/image\/","url":"https:\/\/secure.gravatar.com\/avatar\/7c088e4296c344dd768b0c3ec823a8955c44caecaa1bfc843afc64b88c2d3d64?s=96&d=mm&r=g","contentUrl":"https:\/\/secure.gravatar.com\/avatar\/7c088e4296c344dd768b0c3ec823a8955c44caecaa1bfc843afc64b88c2d3d64?s=96&d=mm&r=g","caption":"Antoni Ruiz"},"url":"https:\/\/antoniruiz.com\/ca\/author\/antoni-ruiz\/"}]}},"_links":{"self":[{"href":"https:\/\/antoniruiz.com\/ca\/wp-json\/wp\/v2\/posts\/23790","targetHints":{"allow":["GET"]}}],"collection":[{"href":"https:\/\/antoniruiz.com\/ca\/wp-json\/wp\/v2\/posts"}],"about":[{"href":"https:\/\/antoniruiz.com\/ca\/wp-json\/wp\/v2\/types\/post"}],"author":[{"embeddable":true,"href":"https:\/\/antoniruiz.com\/ca\/wp-json\/wp\/v2\/users\/3"}],"replies":[{"embeddable":true,"href":"https:\/\/antoniruiz.com\/ca\/wp-json\/wp\/v2\/comments?post=23790"}],"version-history":[{"count":1,"href":"https:\/\/antoniruiz.com\/ca\/wp-json\/wp\/v2\/posts\/23790\/revisions"}],"predecessor-version":[{"id":23791,"href":"https:\/\/antoniruiz.com\/ca\/wp-json\/wp\/v2\/posts\/23790\/revisions\/23791"}],"wp:featuredmedia":[{"embeddable":true,"href":"https:\/\/antoniruiz.com\/ca\/wp-json\/wp\/v2\/media\/23766"}],"wp:attachment":[{"href":"https:\/\/antoniruiz.com\/ca\/wp-json\/wp\/v2\/media?parent=23790"}],"wp:term":[{"taxonomy":"category","embeddable":true,"href":"https:\/\/antoniruiz.com\/ca\/wp-json\/wp\/v2\/categories?post=23790"},{"taxonomy":"post_tag","embeddable":true,"href":"https:\/\/antoniruiz.com\/ca\/wp-json\/wp\/v2\/tags?post=23790"}],"curies":[{"name":"wp","href":"https:\/\/api.w.org\/{rel}","templated":true}]}}