{"id":22244,"date":"2025-12-19T14:23:52","date_gmt":"2025-12-19T14:23:52","guid":{"rendered":"https:\/\/antoniruiz.com\/?p=22244"},"modified":"2025-12-19T14:47:28","modified_gmt":"2025-12-19T14:47:28","slug":"fermax-culmina-un-cicle-historic-de-creixement-i-inicia-una-nova-etapa-estrategica-amb-ardian-com-a-soci-majoritari-de-la-companyia-en-substitucio-de-mch-private-equity-i-eurazeo","status":"publish","type":"post","link":"https:\/\/antoniruiz.com\/ca\/fermax-culmina-un-cicle-historic-de-creixement-i-inicia-una-nova-etapa-estrategica-amb-ardian-com-a-soci-majoritari-de-la-companyia-en-substitucio-de-mch-private-equity-i-eurazeo\/","title":{"rendered":"Fermax culmina un cicle hist\u00f2ric de creixement i inicia una nova etapa estrat\u00e8gica amb Ardian com a soci majoritari de la companyia, en substituci\u00f3 de MCH Private Equity i Eurazeo."},"content":{"rendered":"\n<p>Val\u00e8ncia, 15 de desembre del 2025. &#8211; Fermax, fabricant espanyol i l\u00edder mundial en solucions de videoporter, control d&#8217;accessos i llar connectada, anuncia avui un canvi en la seua estructura accionarial. Despr\u00e9s d&#8217;un per\u00edode d&#8217;\u00e8xit amb la gesti\u00f3 de MCH Private Equity i Eurazeo, la companyia d\u00f3na la benvinguda a Ardian com a nou soci majoritari per impulsar la seg\u00fcent fase d&#8217;expansi\u00f3 internacional i refor\u00e7ar el seu lideratge tecnol\u00f2gic. Aquesta operaci\u00f3 quedaria subjecta a les aprovacions reglament\u00e0ries aplicables.<\/p>\n\n\n\n<figure class=\"wp-block-image size-large\"><img fetchpriority=\"high\" decoding=\"async\" width=\"1024\" height=\"694\" src=\"https:\/\/antoniruiz.com\/wp-content\/uploads\/2025\/12\/Jeremy-Palacio-Presidente-y-CEO-de-Fermax-1024x694.jpg\" alt=\"\" class=\"wp-image-22241\" srcset=\"https:\/\/antoniruiz.com\/wp-content\/uploads\/2025\/12\/Jeremy-Palacio-Presidente-y-CEO-de-Fermax-1024x694.jpg 1024w, https:\/\/antoniruiz.com\/wp-content\/uploads\/2025\/12\/Jeremy-Palacio-Presidente-y-CEO-de-Fermax-300x203.jpg 300w, https:\/\/antoniruiz.com\/wp-content\/uploads\/2025\/12\/Jeremy-Palacio-Presidente-y-CEO-de-Fermax-768x521.jpg 768w, https:\/\/antoniruiz.com\/wp-content\/uploads\/2025\/12\/Jeremy-Palacio-Presidente-y-CEO-de-Fermax-1536x1041.jpg 1536w, https:\/\/antoniruiz.com\/wp-content\/uploads\/2025\/12\/Jeremy-Palacio-Presidente-y-CEO-de-Fermax-2048x1388.jpg 2048w, https:\/\/antoniruiz.com\/wp-content\/uploads\/2025\/12\/Jeremy-Palacio-Presidente-y-CEO-de-Fermax-1320x895.jpg 1320w\" sizes=\"(max-width: 1024px) 100vw, 1024px\" \/><\/figure>\n\n\n\n<p>Amb el suport de MCH Private Equity i Eurazeo des del mar\u00e7 del 2023 i impulsat per la visi\u00f3 estrat\u00e8gica del seu President i CEO, Jeremy Palacio, el grup Fermax ha protagonitzat una forta evoluci\u00f3 financera i una s\u00f2lida gesti\u00f3 operativa en els darrers anys. La companyia ha tancat aquest cicle de tres anys superant les previsions i objectius estrat\u00e8gics, registrant un creixement sostingut tant en vendes com a EBITDA.<\/p>\n\n\n\n<p>Gr\u00e0cies a la confian\u00e7a dels clients a la marca, Fermax ha aconseguit aprofitar la seva s\u00f2lida proposta de valor per augmentar la seva quota de mercat en places clau com Espanya, Fran\u00e7a, Portugal i Pol\u00f2nia. Precisament en aquest darrer pa\u00eds, la seva estrat\u00e8gia s&#8217;ha vist refor\u00e7ada amb l&#8217;adquisici\u00f3 de S-Labs el darrer trimestre del 2025; una operaci\u00f3 que no sols consolida la posici\u00f3 de l&#8217;empresa en un dels mercats m\u00e9s din\u00e0mics d&#8217;Europa, sin\u00f3 que incorpora talent i tecnologia complement\u00e0ria al Grup. Aix\u00ed mateix, la companyia ha refermat la seva pres\u00e8ncia i lideratge comercial tant a l&#8217;Orient Mitj\u00e0 com al Sud-est Asi\u00e0tic.<\/p>\n\n\n\n<p>Amb una s\u00f2lida traject\u00f2ria de creixement i lideratge al mercat, Fermax ha evolucionat a una escala m\u00e9s gran, convertint-se en una empresa m\u00e9s rendible i internacional sota l&#8217;associaci\u00f3 amb MCH Private Equity i Eurazeo. L?alian\u00e7a amb Ardian assegura la continu\u00eftat de la visi\u00f3 de negoci i garanteix la capacitat d?inversi\u00f3 necess\u00e0ria perqu\u00e8 la companyia segueixi liderant la transformaci\u00f3 digital dels edificis amb les millors solucions del mercat.<\/p>\n\n\n\n<p>&#8220;Volem expressar el nostre sincer agra\u00efment a MCH i Eurazeo. El seu suport i visi\u00f3 estrat\u00e8gica han estat determinants per assolir les fites que avui celebrem. L&#8217;evoluci\u00f3 de Fermax en els darrers anys ha estat excepcional. Hem demostrat que podem combinar el rendiment financer marcat pels nostres accionistes amb l&#8217;excel\u00b7l\u00e8ncia en el servei que demanen els nostres clients i la proximitat que sempre ens ha definit. un dels fons d&#8217;inversi\u00f3 l\u00edders al m\u00f3n, per continuar treballant en l&#8217;ambici\u00f3s desenvolupament de Fermax, impulsant junts la innovaci\u00f3 i accelerant el creixement inorg\u00e0nic\u201d, declara Jeremy Palacio, President i CEO del grup Fermax.<\/p>\n","protected":false},"excerpt":{"rendered":"<p>Val\u00e8ncia, 15 de desembre del 2025. &#8211; Fermax, fabricant espanyol i l\u00edder mundial en solucions de videoporter, control d&#8217;accessos i [&hellip;]<\/p>\n","protected":false},"author":3,"featured_media":22238,"comment_status":"closed","ping_status":"open","sticky":false,"template":"","format":"standard","meta":{"_acf_changed":false,"site-sidebar-layout":"default","site-content-layout":"","ast-site-content-layout":"default","site-content-style":"default","site-sidebar-style":"default","ast-global-header-display":"","ast-banner-title-visibility":"","ast-main-header-display":"","ast-hfb-above-header-display":"","ast-hfb-below-header-display":"","ast-hfb-mobile-header-display":"","site-post-title":"","ast-breadcrumbs-content":"","ast-featured-img":"","footer-sml-layout":"","ast-disable-related-posts":"","theme-transparent-header-meta":"","adv-header-id-meta":"","stick-header-meta":"","header-above-stick-meta":"","header-main-stick-meta":"","header-below-stick-meta":"","astra-migrate-meta-layouts":"default","ast-page-background-enabled":"default","ast-page-background-meta":{"desktop":{"background-color":"var(--ast-global-color-4)","background-image":"","background-repeat":"repeat","background-position":"center center","background-size":"auto","background-attachment":"scroll","background-type":"","background-media":"","overlay-type":"","overlay-color":"","overlay-opacity":"","overlay-gradient":""},"tablet":{"background-color":"","background-image":"","background-repeat":"repeat","background-position":"center center","background-size":"auto","background-attachment":"scroll","background-type":"","background-media":"","overlay-type":"","overlay-color":"","overlay-opacity":"","overlay-gradient":""},"mobile":{"background-color":"","background-image":"","background-repeat":"repeat","background-position":"center center","background-size":"auto","background-attachment":"scroll","background-type":"","background-media":"","overlay-type":"","overlay-color":"","overlay-opacity":"","overlay-gradient":""}},"ast-content-background-meta":{"desktop":{"background-color":"var(--ast-global-color-5)","background-image":"","background-repeat":"repeat","background-position":"center center","background-size":"auto","background-attachment":"scroll","background-type":"","background-media":"","overlay-type":"","overlay-color":"","overlay-opacity":"","overlay-gradient":""},"tablet":{"background-color":"var(--ast-global-color-5)","background-image":"","background-repeat":"repeat","background-position":"center center","background-size":"auto","background-attachment":"scroll","background-type":"","background-media":"","overlay-type":"","overlay-color":"","overlay-opacity":"","overlay-gradient":""},"mobile":{"background-color":"var(--ast-global-color-5)","background-image":"","background-repeat":"repeat","background-position":"center center","background-size":"auto","background-attachment":"scroll","background-type":"","background-media":"","overlay-type":"","overlay-color":"","overlay-opacity":"","overlay-gradient":""}},"footnotes":""},"categories":[33],"tags":[],"class_list":["post-22244","post","type-post","status-publish","format-standard","has-post-thumbnail","hentry","category-blog-ca"],"acf":[],"yoast_head":"<!-- This site is optimized with the Yoast SEO plugin v23.2 - https:\/\/yoast.com\/wordpress\/plugins\/seo\/ -->\n<title>Fermax culmina un cicle hist\u00f2ric de creixement i inicia una nova etapa estrat\u00e8gica amb Ardian com a soci majoritari de la companyia, en substituci\u00f3 de MCH Private Equity i Eurazeo. - Antoni Ruiz<\/title>\n<meta name=\"robots\" content=\"index, follow, max-snippet:-1, max-image-preview:large, max-video-preview:-1\" \/>\n<link rel=\"canonical\" href=\"https:\/\/antoniruiz.com\/ca\/fermax-culmina-un-cicle-historic-de-creixement-i-inicia-una-nova-etapa-estrategica-amb-ardian-com-a-soci-majoritari-de-la-companyia-en-substitucio-de-mch-private-equity-i-eurazeo\/\" \/>\n<meta property=\"og:locale\" content=\"ca_ES\" \/>\n<meta property=\"og:type\" content=\"article\" \/>\n<meta property=\"og:title\" content=\"Fermax culmina un cicle hist\u00f2ric de creixement i inicia una nova etapa estrat\u00e8gica amb Ardian com a soci majoritari de la companyia, en substituci\u00f3 de MCH Private Equity i Eurazeo. - Antoni Ruiz\" \/>\n<meta property=\"og:description\" content=\"Val\u00e8ncia, 15 de desembre del 2025. &#8211; Fermax, fabricant espanyol i l\u00edder mundial en solucions de videoporter, control d&#8217;accessos i [&hellip;]\" \/>\n<meta property=\"og:url\" content=\"https:\/\/antoniruiz.com\/ca\/fermax-culmina-un-cicle-historic-de-creixement-i-inicia-una-nova-etapa-estrategica-amb-ardian-com-a-soci-majoritari-de-la-companyia-en-substitucio-de-mch-private-equity-i-eurazeo\/\" \/>\n<meta property=\"og:site_name\" content=\"Antoni Ruiz\" \/>\n<meta property=\"article:published_time\" content=\"2025-12-19T14:23:52+00:00\" \/>\n<meta property=\"article:modified_time\" content=\"2025-12-19T14:47:28+00:00\" \/>\n<meta property=\"og:image\" content=\"https:\/\/antoniruiz.com\/wp-content\/uploads\/2025\/12\/Fermax-inicia-una-nueva-etapa-con-Ardian-1024x614.jpg\" \/>\n\t<meta property=\"og:image:width\" content=\"1024\" \/>\n\t<meta property=\"og:image:height\" content=\"614\" \/>\n\t<meta property=\"og:image:type\" content=\"image\/jpeg\" \/>\n<meta name=\"author\" content=\"Antoni Ruiz\" \/>\n<meta name=\"twitter:card\" content=\"summary_large_image\" \/>\n<meta name=\"twitter:label1\" content=\"Escrit per\" \/>\n\t<meta name=\"twitter:data1\" content=\"Antoni Ruiz\" \/>\n\t<meta name=\"twitter:label2\" content=\"Temps estimat de lectura\" \/>\n\t<meta name=\"twitter:data2\" content=\"3 minuts\" \/>\n<script type=\"application\/ld+json\" class=\"yoast-schema-graph\">{\"@context\":\"https:\/\/schema.org\",\"@graph\":[{\"@type\":\"Article\",\"@id\":\"https:\/\/antoniruiz.com\/ca\/fermax-culmina-un-cicle-historic-de-creixement-i-inicia-una-nova-etapa-estrategica-amb-ardian-com-a-soci-majoritari-de-la-companyia-en-substitucio-de-mch-private-equity-i-eurazeo\/#article\",\"isPartOf\":{\"@id\":\"https:\/\/antoniruiz.com\/ca\/fermax-culmina-un-cicle-historic-de-creixement-i-inicia-una-nova-etapa-estrategica-amb-ardian-com-a-soci-majoritari-de-la-companyia-en-substitucio-de-mch-private-equity-i-eurazeo\/\"},\"author\":{\"name\":\"Antoni Ruiz\",\"@id\":\"https:\/\/antoniruiz.com\/ca\/#\/schema\/person\/a8d62eab776c7cf6f6efafa52d0bce62\"},\"headline\":\"Fermax culmina un cicle hist\u00f2ric de creixement i inicia una nova etapa estrat\u00e8gica amb Ardian com a soci majoritari de la companyia, en substituci\u00f3 de MCH Private Equity i Eurazeo.\",\"datePublished\":\"2025-12-19T14:23:52+00:00\",\"dateModified\":\"2025-12-19T14:47:28+00:00\",\"mainEntityOfPage\":{\"@id\":\"https:\/\/antoniruiz.com\/ca\/fermax-culmina-un-cicle-historic-de-creixement-i-inicia-una-nova-etapa-estrategica-amb-ardian-com-a-soci-majoritari-de-la-companyia-en-substitucio-de-mch-private-equity-i-eurazeo\/\"},\"wordCount\":499,\"publisher\":{\"@id\":\"https:\/\/antoniruiz.com\/ca\/#organization\"},\"image\":{\"@id\":\"https:\/\/antoniruiz.com\/ca\/fermax-culmina-un-cicle-historic-de-creixement-i-inicia-una-nova-etapa-estrategica-amb-ardian-com-a-soci-majoritari-de-la-companyia-en-substitucio-de-mch-private-equity-i-eurazeo\/#primaryimage\"},\"thumbnailUrl\":\"https:\/\/antoniruiz.com\/wp-content\/uploads\/2025\/12\/Fermax-inicia-una-nueva-etapa-con-Ardian.jpg\",\"articleSection\":[\"blog\"],\"inLanguage\":\"ca\"},{\"@type\":\"WebPage\",\"@id\":\"https:\/\/antoniruiz.com\/ca\/fermax-culmina-un-cicle-historic-de-creixement-i-inicia-una-nova-etapa-estrategica-amb-ardian-com-a-soci-majoritari-de-la-companyia-en-substitucio-de-mch-private-equity-i-eurazeo\/\",\"url\":\"https:\/\/antoniruiz.com\/ca\/fermax-culmina-un-cicle-historic-de-creixement-i-inicia-una-nova-etapa-estrategica-amb-ardian-com-a-soci-majoritari-de-la-companyia-en-substitucio-de-mch-private-equity-i-eurazeo\/\",\"name\":\"Fermax culmina un cicle hist\u00f2ric de creixement i inicia una nova etapa estrat\u00e8gica amb Ardian com a soci majoritari de la companyia, en substituci\u00f3 de MCH Private Equity i Eurazeo. - Antoni Ruiz\",\"isPartOf\":{\"@id\":\"https:\/\/antoniruiz.com\/ca\/#website\"},\"primaryImageOfPage\":{\"@id\":\"https:\/\/antoniruiz.com\/ca\/fermax-culmina-un-cicle-historic-de-creixement-i-inicia-una-nova-etapa-estrategica-amb-ardian-com-a-soci-majoritari-de-la-companyia-en-substitucio-de-mch-private-equity-i-eurazeo\/#primaryimage\"},\"image\":{\"@id\":\"https:\/\/antoniruiz.com\/ca\/fermax-culmina-un-cicle-historic-de-creixement-i-inicia-una-nova-etapa-estrategica-amb-ardian-com-a-soci-majoritari-de-la-companyia-en-substitucio-de-mch-private-equity-i-eurazeo\/#primaryimage\"},\"thumbnailUrl\":\"https:\/\/antoniruiz.com\/wp-content\/uploads\/2025\/12\/Fermax-inicia-una-nueva-etapa-con-Ardian.jpg\",\"datePublished\":\"2025-12-19T14:23:52+00:00\",\"dateModified\":\"2025-12-19T14:47:28+00:00\",\"breadcrumb\":{\"@id\":\"https:\/\/antoniruiz.com\/ca\/fermax-culmina-un-cicle-historic-de-creixement-i-inicia-una-nova-etapa-estrategica-amb-ardian-com-a-soci-majoritari-de-la-companyia-en-substitucio-de-mch-private-equity-i-eurazeo\/#breadcrumb\"},\"inLanguage\":\"ca\",\"potentialAction\":[{\"@type\":\"ReadAction\",\"target\":[\"https:\/\/antoniruiz.com\/ca\/fermax-culmina-un-cicle-historic-de-creixement-i-inicia-una-nova-etapa-estrategica-amb-ardian-com-a-soci-majoritari-de-la-companyia-en-substitucio-de-mch-private-equity-i-eurazeo\/\"]}]},{\"@type\":\"ImageObject\",\"inLanguage\":\"ca\",\"@id\":\"https:\/\/antoniruiz.com\/ca\/fermax-culmina-un-cicle-historic-de-creixement-i-inicia-una-nova-etapa-estrategica-amb-ardian-com-a-soci-majoritari-de-la-companyia-en-substitucio-de-mch-private-equity-i-eurazeo\/#primaryimage\",\"url\":\"https:\/\/antoniruiz.com\/wp-content\/uploads\/2025\/12\/Fermax-inicia-una-nueva-etapa-con-Ardian.jpg\",\"contentUrl\":\"https:\/\/antoniruiz.com\/wp-content\/uploads\/2025\/12\/Fermax-inicia-una-nueva-etapa-con-Ardian.jpg\",\"width\":8192,\"height\":4915},{\"@type\":\"BreadcrumbList\",\"@id\":\"https:\/\/antoniruiz.com\/ca\/fermax-culmina-un-cicle-historic-de-creixement-i-inicia-una-nova-etapa-estrategica-amb-ardian-com-a-soci-majoritari-de-la-companyia-en-substitucio-de-mch-private-equity-i-eurazeo\/#breadcrumb\",\"itemListElement\":[{\"@type\":\"ListItem\",\"position\":1,\"name\":\"Home\",\"item\":\"https:\/\/antoniruiz.com\/ca\/\"},{\"@type\":\"ListItem\",\"position\":2,\"name\":\"Fermax culmina un cicle hist\u00f2ric de creixement i inicia una nova etapa estrat\u00e8gica amb Ardian com a soci majoritari de la companyia, en substituci\u00f3 de MCH Private Equity i Eurazeo.\"}]},{\"@type\":\"WebSite\",\"@id\":\"https:\/\/antoniruiz.com\/ca\/#website\",\"url\":\"https:\/\/antoniruiz.com\/ca\/\",\"name\":\"Antoni Ruiz\",\"description\":\"\",\"publisher\":{\"@id\":\"https:\/\/antoniruiz.com\/ca\/#organization\"},\"potentialAction\":[{\"@type\":\"SearchAction\",\"target\":{\"@type\":\"EntryPoint\",\"urlTemplate\":\"https:\/\/antoniruiz.com\/ca\/?s={search_term_string}\"},\"query-input\":\"required name=search_term_string\"}],\"inLanguage\":\"ca\"},{\"@type\":\"Organization\",\"@id\":\"https:\/\/antoniruiz.com\/ca\/#organization\",\"name\":\"Antoni Ruiz\",\"url\":\"https:\/\/antoniruiz.com\/ca\/\",\"logo\":{\"@type\":\"ImageObject\",\"inLanguage\":\"ca\",\"@id\":\"https:\/\/antoniruiz.com\/ca\/#\/schema\/logo\/image\/\",\"url\":\"https:\/\/antoniruiz.com\/wp-content\/uploads\/2024\/06\/AntoniRuiz_MAIN.png\",\"contentUrl\":\"https:\/\/antoniruiz.com\/wp-content\/uploads\/2024\/06\/AntoniRuiz_MAIN.png\",\"width\":944,\"height\":675,\"caption\":\"Antoni Ruiz\"},\"image\":{\"@id\":\"https:\/\/antoniruiz.com\/ca\/#\/schema\/logo\/image\/\"}},{\"@type\":\"Person\",\"@id\":\"https:\/\/antoniruiz.com\/ca\/#\/schema\/person\/a8d62eab776c7cf6f6efafa52d0bce62\",\"name\":\"Antoni Ruiz\",\"image\":{\"@type\":\"ImageObject\",\"inLanguage\":\"ca\",\"@id\":\"https:\/\/antoniruiz.com\/ca\/#\/schema\/person\/image\/\",\"url\":\"https:\/\/secure.gravatar.com\/avatar\/7c088e4296c344dd768b0c3ec823a8955c44caecaa1bfc843afc64b88c2d3d64?s=96&d=mm&r=g\",\"contentUrl\":\"https:\/\/secure.gravatar.com\/avatar\/7c088e4296c344dd768b0c3ec823a8955c44caecaa1bfc843afc64b88c2d3d64?s=96&d=mm&r=g\",\"caption\":\"Antoni Ruiz\"},\"url\":\"https:\/\/antoniruiz.com\/ca\/author\/antoni-ruiz\/\"}]}<\/script>\n<!-- \/ Yoast SEO plugin. -->","yoast_head_json":{"title":"Fermax culmina un cicle hist\u00f2ric de creixement i inicia una nova etapa estrat\u00e8gica amb Ardian com a soci majoritari de la companyia, en substituci\u00f3 de MCH Private Equity i Eurazeo. - Antoni Ruiz","robots":{"index":"index","follow":"follow","max-snippet":"max-snippet:-1","max-image-preview":"max-image-preview:large","max-video-preview":"max-video-preview:-1"},"canonical":"https:\/\/antoniruiz.com\/ca\/fermax-culmina-un-cicle-historic-de-creixement-i-inicia-una-nova-etapa-estrategica-amb-ardian-com-a-soci-majoritari-de-la-companyia-en-substitucio-de-mch-private-equity-i-eurazeo\/","og_locale":"ca_ES","og_type":"article","og_title":"Fermax culmina un cicle hist\u00f2ric de creixement i inicia una nova etapa estrat\u00e8gica amb Ardian com a soci majoritari de la companyia, en substituci\u00f3 de MCH Private Equity i Eurazeo. - Antoni Ruiz","og_description":"Val\u00e8ncia, 15 de desembre del 2025. &#8211; Fermax, fabricant espanyol i l\u00edder mundial en solucions de videoporter, control d&#8217;accessos i [&hellip;]","og_url":"https:\/\/antoniruiz.com\/ca\/fermax-culmina-un-cicle-historic-de-creixement-i-inicia-una-nova-etapa-estrategica-amb-ardian-com-a-soci-majoritari-de-la-companyia-en-substitucio-de-mch-private-equity-i-eurazeo\/","og_site_name":"Antoni Ruiz","article_published_time":"2025-12-19T14:23:52+00:00","article_modified_time":"2025-12-19T14:47:28+00:00","og_image":[{"width":1024,"height":614,"url":"https:\/\/antoniruiz.com\/wp-content\/uploads\/2025\/12\/Fermax-inicia-una-nueva-etapa-con-Ardian-1024x614.jpg","type":"image\/jpeg"}],"author":"Antoni Ruiz","twitter_card":"summary_large_image","twitter_misc":{"Escrit per":"Antoni Ruiz","Temps estimat de lectura":"3 minuts"},"schema":{"@context":"https:\/\/schema.org","@graph":[{"@type":"Article","@id":"https:\/\/antoniruiz.com\/ca\/fermax-culmina-un-cicle-historic-de-creixement-i-inicia-una-nova-etapa-estrategica-amb-ardian-com-a-soci-majoritari-de-la-companyia-en-substitucio-de-mch-private-equity-i-eurazeo\/#article","isPartOf":{"@id":"https:\/\/antoniruiz.com\/ca\/fermax-culmina-un-cicle-historic-de-creixement-i-inicia-una-nova-etapa-estrategica-amb-ardian-com-a-soci-majoritari-de-la-companyia-en-substitucio-de-mch-private-equity-i-eurazeo\/"},"author":{"name":"Antoni Ruiz","@id":"https:\/\/antoniruiz.com\/ca\/#\/schema\/person\/a8d62eab776c7cf6f6efafa52d0bce62"},"headline":"Fermax culmina un cicle hist\u00f2ric de creixement i inicia una nova etapa estrat\u00e8gica amb Ardian com a soci majoritari de la companyia, en substituci\u00f3 de MCH Private Equity i Eurazeo.","datePublished":"2025-12-19T14:23:52+00:00","dateModified":"2025-12-19T14:47:28+00:00","mainEntityOfPage":{"@id":"https:\/\/antoniruiz.com\/ca\/fermax-culmina-un-cicle-historic-de-creixement-i-inicia-una-nova-etapa-estrategica-amb-ardian-com-a-soci-majoritari-de-la-companyia-en-substitucio-de-mch-private-equity-i-eurazeo\/"},"wordCount":499,"publisher":{"@id":"https:\/\/antoniruiz.com\/ca\/#organization"},"image":{"@id":"https:\/\/antoniruiz.com\/ca\/fermax-culmina-un-cicle-historic-de-creixement-i-inicia-una-nova-etapa-estrategica-amb-ardian-com-a-soci-majoritari-de-la-companyia-en-substitucio-de-mch-private-equity-i-eurazeo\/#primaryimage"},"thumbnailUrl":"https:\/\/antoniruiz.com\/wp-content\/uploads\/2025\/12\/Fermax-inicia-una-nueva-etapa-con-Ardian.jpg","articleSection":["blog"],"inLanguage":"ca"},{"@type":"WebPage","@id":"https:\/\/antoniruiz.com\/ca\/fermax-culmina-un-cicle-historic-de-creixement-i-inicia-una-nova-etapa-estrategica-amb-ardian-com-a-soci-majoritari-de-la-companyia-en-substitucio-de-mch-private-equity-i-eurazeo\/","url":"https:\/\/antoniruiz.com\/ca\/fermax-culmina-un-cicle-historic-de-creixement-i-inicia-una-nova-etapa-estrategica-amb-ardian-com-a-soci-majoritari-de-la-companyia-en-substitucio-de-mch-private-equity-i-eurazeo\/","name":"Fermax culmina un cicle hist\u00f2ric de creixement i inicia una nova etapa estrat\u00e8gica amb Ardian com a soci majoritari de la companyia, en substituci\u00f3 de MCH Private Equity i Eurazeo. - Antoni Ruiz","isPartOf":{"@id":"https:\/\/antoniruiz.com\/ca\/#website"},"primaryImageOfPage":{"@id":"https:\/\/antoniruiz.com\/ca\/fermax-culmina-un-cicle-historic-de-creixement-i-inicia-una-nova-etapa-estrategica-amb-ardian-com-a-soci-majoritari-de-la-companyia-en-substitucio-de-mch-private-equity-i-eurazeo\/#primaryimage"},"image":{"@id":"https:\/\/antoniruiz.com\/ca\/fermax-culmina-un-cicle-historic-de-creixement-i-inicia-una-nova-etapa-estrategica-amb-ardian-com-a-soci-majoritari-de-la-companyia-en-substitucio-de-mch-private-equity-i-eurazeo\/#primaryimage"},"thumbnailUrl":"https:\/\/antoniruiz.com\/wp-content\/uploads\/2025\/12\/Fermax-inicia-una-nueva-etapa-con-Ardian.jpg","datePublished":"2025-12-19T14:23:52+00:00","dateModified":"2025-12-19T14:47:28+00:00","breadcrumb":{"@id":"https:\/\/antoniruiz.com\/ca\/fermax-culmina-un-cicle-historic-de-creixement-i-inicia-una-nova-etapa-estrategica-amb-ardian-com-a-soci-majoritari-de-la-companyia-en-substitucio-de-mch-private-equity-i-eurazeo\/#breadcrumb"},"inLanguage":"ca","potentialAction":[{"@type":"ReadAction","target":["https:\/\/antoniruiz.com\/ca\/fermax-culmina-un-cicle-historic-de-creixement-i-inicia-una-nova-etapa-estrategica-amb-ardian-com-a-soci-majoritari-de-la-companyia-en-substitucio-de-mch-private-equity-i-eurazeo\/"]}]},{"@type":"ImageObject","inLanguage":"ca","@id":"https:\/\/antoniruiz.com\/ca\/fermax-culmina-un-cicle-historic-de-creixement-i-inicia-una-nova-etapa-estrategica-amb-ardian-com-a-soci-majoritari-de-la-companyia-en-substitucio-de-mch-private-equity-i-eurazeo\/#primaryimage","url":"https:\/\/antoniruiz.com\/wp-content\/uploads\/2025\/12\/Fermax-inicia-una-nueva-etapa-con-Ardian.jpg","contentUrl":"https:\/\/antoniruiz.com\/wp-content\/uploads\/2025\/12\/Fermax-inicia-una-nueva-etapa-con-Ardian.jpg","width":8192,"height":4915},{"@type":"BreadcrumbList","@id":"https:\/\/antoniruiz.com\/ca\/fermax-culmina-un-cicle-historic-de-creixement-i-inicia-una-nova-etapa-estrategica-amb-ardian-com-a-soci-majoritari-de-la-companyia-en-substitucio-de-mch-private-equity-i-eurazeo\/#breadcrumb","itemListElement":[{"@type":"ListItem","position":1,"name":"Home","item":"https:\/\/antoniruiz.com\/ca\/"},{"@type":"ListItem","position":2,"name":"Fermax culmina un cicle hist\u00f2ric de creixement i inicia una nova etapa estrat\u00e8gica amb Ardian com a soci majoritari de la companyia, en substituci\u00f3 de MCH Private Equity i Eurazeo."}]},{"@type":"WebSite","@id":"https:\/\/antoniruiz.com\/ca\/#website","url":"https:\/\/antoniruiz.com\/ca\/","name":"Antoni Ruiz","description":"","publisher":{"@id":"https:\/\/antoniruiz.com\/ca\/#organization"},"potentialAction":[{"@type":"SearchAction","target":{"@type":"EntryPoint","urlTemplate":"https:\/\/antoniruiz.com\/ca\/?s={search_term_string}"},"query-input":"required name=search_term_string"}],"inLanguage":"ca"},{"@type":"Organization","@id":"https:\/\/antoniruiz.com\/ca\/#organization","name":"Antoni Ruiz","url":"https:\/\/antoniruiz.com\/ca\/","logo":{"@type":"ImageObject","inLanguage":"ca","@id":"https:\/\/antoniruiz.com\/ca\/#\/schema\/logo\/image\/","url":"https:\/\/antoniruiz.com\/wp-content\/uploads\/2024\/06\/AntoniRuiz_MAIN.png","contentUrl":"https:\/\/antoniruiz.com\/wp-content\/uploads\/2024\/06\/AntoniRuiz_MAIN.png","width":944,"height":675,"caption":"Antoni Ruiz"},"image":{"@id":"https:\/\/antoniruiz.com\/ca\/#\/schema\/logo\/image\/"}},{"@type":"Person","@id":"https:\/\/antoniruiz.com\/ca\/#\/schema\/person\/a8d62eab776c7cf6f6efafa52d0bce62","name":"Antoni Ruiz","image":{"@type":"ImageObject","inLanguage":"ca","@id":"https:\/\/antoniruiz.com\/ca\/#\/schema\/person\/image\/","url":"https:\/\/secure.gravatar.com\/avatar\/7c088e4296c344dd768b0c3ec823a8955c44caecaa1bfc843afc64b88c2d3d64?s=96&d=mm&r=g","contentUrl":"https:\/\/secure.gravatar.com\/avatar\/7c088e4296c344dd768b0c3ec823a8955c44caecaa1bfc843afc64b88c2d3d64?s=96&d=mm&r=g","caption":"Antoni Ruiz"},"url":"https:\/\/antoniruiz.com\/ca\/author\/antoni-ruiz\/"}]}},"_links":{"self":[{"href":"https:\/\/antoniruiz.com\/ca\/wp-json\/wp\/v2\/posts\/22244","targetHints":{"allow":["GET"]}}],"collection":[{"href":"https:\/\/antoniruiz.com\/ca\/wp-json\/wp\/v2\/posts"}],"about":[{"href":"https:\/\/antoniruiz.com\/ca\/wp-json\/wp\/v2\/types\/post"}],"author":[{"embeddable":true,"href":"https:\/\/antoniruiz.com\/ca\/wp-json\/wp\/v2\/users\/3"}],"replies":[{"embeddable":true,"href":"https:\/\/antoniruiz.com\/ca\/wp-json\/wp\/v2\/comments?post=22244"}],"version-history":[{"count":1,"href":"https:\/\/antoniruiz.com\/ca\/wp-json\/wp\/v2\/posts\/22244\/revisions"}],"predecessor-version":[{"id":22245,"href":"https:\/\/antoniruiz.com\/ca\/wp-json\/wp\/v2\/posts\/22244\/revisions\/22245"}],"wp:featuredmedia":[{"embeddable":true,"href":"https:\/\/antoniruiz.com\/ca\/wp-json\/wp\/v2\/media\/22238"}],"wp:attachment":[{"href":"https:\/\/antoniruiz.com\/ca\/wp-json\/wp\/v2\/media?parent=22244"}],"wp:term":[{"taxonomy":"category","embeddable":true,"href":"https:\/\/antoniruiz.com\/ca\/wp-json\/wp\/v2\/categories?post=22244"},{"taxonomy":"post_tag","embeddable":true,"href":"https:\/\/antoniruiz.com\/ca\/wp-json\/wp\/v2\/tags?post=22244"}],"curies":[{"name":"wp","href":"https:\/\/api.w.org\/{rel}","templated":true}]}}